{"id":118678,"date":"2025-12-21T08:02:57","date_gmt":"2025-12-21T08:02:57","guid":{"rendered":"https:\/\/www.europesays.com\/no\/118678\/"},"modified":"2025-12-21T08:02:57","modified_gmt":"2025-12-21T08:02:57","slug":"fra-familiens-kamp-mot-kreft-til-skigull","status":"publish","type":"post","link":"https:\/\/www.europesays.com\/no\/118678\/","title":{"rendered":"Fra familiens kamp mot kreft til skigull"},"content":{"rendered":"<p class=\"kicker \" style=\"\">Johannes H\u00f8sflot Kl\u00e6bo<br \/>\nvar liten gutt da pappa<br \/>\nfikk kreft<\/p>\n<p>  Det var en brutal beskjed \u00e5 f\u00e5 for<br \/>\nskistjernen da faren Haakon ble rammet av<br \/>\nlivstruende sykdom.<\/p>\n<p>\n    BRA IGJEN: Etter flere<br \/>\n\u00e5rs kamp, er n\u00e5 pappa<br \/>\nHaakon Kl\u00e6bo kreftfri. Det<br \/>\ner Johannes og familien<br \/>\nsv\u00e6rt glade for. Foto: Tor Kvello\n  <\/p>\n<p>For kort tid siden hadde filmen \u00abKl\u00e6bo\u00bb premiere p\u00e5 norske kinoer. <\/p>\n<p>Der kommer vi tett innp\u00e5 v\u00e5r store skistjerne Johannes H\u00f8sflot Kl\u00e6bo (29) i forberedelsene foran jubelsesongen som endte med gull i samtlige seks \u00f8velser under VM i Trondheim tidligere i \u00e5r.<\/p>\n<p>        <img loading=\"lazy\" decoding=\"async\" src=\"https:\/\/www.europesays.com\/no\/wp-content\/uploads\/2025\/12\/84005507.webp\" width=\"667\" height=\"594\" title=\"NISSE-M\u00d8TE: Under verdenscup\u00e5pningen i Ruka gikk Johannes til&#10;topps, og fikk m\u00f8te den finske julenissen. Foto: Terje Pedersen \/ NTB\" alt=\"\" class=\"\" style=\"--aspect-ratio-image: 1.12; \"\/><\/p>\n<p>\n        NISSE-M\u00d8TE: Under verdenscup\u00e5pningen i Ruka gikk Johannes til<br \/>\ntopps, og fikk m\u00f8te den finske julenissen. Foto: Terje Pedersen \/ NTB\n    <\/p>\n<p class=\"font-weight-bold m-font-weight-bold\" data-lab-font_weight=\"font-weight-bold\">En av historiene som fortelles i filmen, er familiens drama, som ligger noen \u00e5r tilbake i tid. Da Johannes var bare 10 \u00e5r gammel ble faren Haakon Kl\u00e6bo (55) rammet av leukemi.<\/p>\n<p>&#8211; Jeg merket det ved at jeg slet med \u00e5 dra pulken. Innimellom fikk jeg kjeft av kona mi, Elisabeth (54), fordi jeg var i s\u00e5 d\u00e5rlig form, forteller Haakon i filmen.<\/p>\n<p>        SLIK VAR \u00c5RET: 2025 var preget av offisielle oppdrag, utfordringer og store overskrifter. Reporter: Caroline Vagle. Video: Kine Falch<\/p>\n<p>Han dro etter hvert til legen for \u00e5 finne ut av hva det kunne v\u00e6re.<\/p>\n<p>&#8211; Jeg dro rett i et jobbm\u00f8te, og hadde 16 oppringninger fra legen f\u00f8r m\u00f8tet var ferdig. Da forsto jeg at noe av galt, fortsetter han i filmen.<\/p>\n<p>        <img loading=\"lazy\" decoding=\"async\" src=\"https:\/\/www.europesays.com\/no\/wp-content\/uploads\/2025\/12\/84005509.webp\" width=\"667\" height=\"487\" title=\"GOD OMSORG:&#10;En utslitt Johannes f\u00e5r&#10;et klapp p\u00e5 kinnet av&#10;pappa etter at femmila i&#10;VM endte med gull. Foto: Lise \u00c5serud \/ NTB\" alt=\"\" class=\"\" style=\"--aspect-ratio-image: 1.37; \"\/><\/p>\n<p>\n        GOD OMSORG:<br \/>\nEn utslitt Johannes f\u00e5r<br \/>\net klapp p\u00e5 kinnet av<br \/>\npappa etter at femmila i<br \/>\nVM endte med gull. Foto: Lise \u00c5serud \/ NTB\n    <\/p>\n<p class=\"font-weight-bold m-font-weight-bold\" data-lab-font_weight=\"font-weight-bold\">Han ante nok lite om hva som ventet den neste perioden. Pr\u00f8ven ble tatt en fredag, og dagen etter dro han rett til St. Olavs hospital i Trondheim for behandling som varte i to \u00e5r &#8230;<\/p>\n<p>    <a itemprop=\"url\" href=\"https:\/\/www.seher.no\/kjendis\/deler-gladnyhet\/84007304\" rel=\"nofollow noopener\" target=\"_blank\"><\/p>\n<p>        <img loading=\"lazy\" decoding=\"async\" src=\"https:\/\/www.europesays.com\/no\/wp-content\/uploads\/2025\/12\/1766304160_703_84007370.webp\" width=\"147\" height=\"98\" title=\"Deler gladnyhet\" alt=\"\" class=\"lazyload\" style=\"--aspect-ratio-image: 1.50; \"\/><\/p>\n<p>        Deler gladnyhet<\/p>\n<p>    <\/a><\/p>\n<p>Visste ikke alvorlighetsgraden\u00a0\t<\/p>\n<p>Johannes var ikke gamle karen da dramaet utspant seg. Mor og far satte seg ned med ham og forklarte at pappa hadde blodkreft.<\/p>\n<p class=\"font-weight-bold m-font-weight-bold\" data-lab-font_weight=\"font-weight-bold\">&#8211; Jeg var s\u00e5 ung p\u00e5 den tida at jeg ikke visste alvorlighetsgraden, eller hva som var konsekvensen. Jeg fikk en bok som forklarte hva det var, og det var f\u00f8rst da jeg forsto, sier han i filmen.<\/p>\n<p>        <img loading=\"lazy\" decoding=\"async\" src=\"https:\/\/www.europesays.com\/no\/wp-content\/uploads\/2025\/12\/84005508.webp\" width=\"559\" height=\"526\" title=\"GULL-GUTT: Seks gull av seks mulige var&#10;fasit etter VM i Trondheim. Bedre kan det ikke&#10;gj\u00f8res! Foto: Lise \u00c5serud \/ NTB\" alt=\"\" class=\"\" style=\"--aspect-ratio-image: 1.06; \"\/><\/p>\n<p>\n        GULL-GUTT: Seks gull av seks mulige var<br \/>\nfasit etter VM i Trondheim. Bedre kan det ikke<br \/>\ngj\u00f8res! Foto: Lise \u00c5serud \/ NTB\n    <\/p>\n<p>Familien til gullgrossisten har alltid st\u00f8ttet hverandre. I denne perioden, som ble preget av alvorlig sykdom, ble de tettere sammensveiset enn noen gang.<\/p>\n<p>    <a itemprop=\"url\" href=\"https:\/\/www.seher.no\/kjendis\/byttet-beite\/84003037\" rel=\"nofollow noopener\" target=\"_blank\"><\/p>\n<p>        <img loading=\"lazy\" decoding=\"async\" src=\"https:\/\/www.europesays.com\/no\/wp-content\/uploads\/2025\/12\/84007386.webp\" width=\"147\" height=\"98\" title=\"Byttet beite\" alt=\"\" class=\"lazyload\" style=\"--aspect-ratio-image: 1.50; \"\/><\/p>\n<p>        Byttet beite<\/p>\n<p>    <\/a><\/p>\n<p>En av dem som steppet opp og tok ansvar var morfaren K\u00e5re H\u00f8sflot (82). Han ble p\u00e5 mange m\u00e5ter en ekstra forelder for Johannes.<\/p>\n<p class=\"font-weight-bold m-font-weight-bold\" data-lab-font_weight=\"font-weight-bold\">&#8211; Det var en periode hvor hele familien var under press. Vi var opptatt av \u00e5 ta vare p\u00e5 hverandre, sier K\u00e5re n\u00f8kternt i filmen.<\/p>\n<p>        <img loading=\"lazy\" decoding=\"async\" src=\"https:\/\/www.europesays.com\/no\/wp-content\/uploads\/2025\/12\/84005503.webp\" width=\"667\" height=\"581\" title=\"DET ER SERVERT:&#10;Mamma Elisabeth er \u00f8konomiansvarlig for Johannes,&#10;og s\u00f8rger for at alt er p\u00e5 stell&#10;n\u00e5r han kommer innom. Foto: Tor Kvello\" alt=\"\" class=\"\" style=\"--aspect-ratio-image: 1.15; \"\/><\/p>\n<p>\n        DET ER SERVERT:<br \/>\nMamma Elisabeth er \u00f8konomiansvarlig for Johannes,<br \/>\nog s\u00f8rger for at alt er p\u00e5 stell<br \/>\nn\u00e5r han kommer innom. Foto: Tor Kvello\n    <\/p>\n<p>Kaller faren potet\u00a0\t<\/p>\n<p>Da Se og H\u00f8r m\u00f8tte Johannes og hans n\u00e6rmeste hjemme hos dem i Trondheim rett f\u00f8r sesongstart, utdypet skistjernen hvor mye familien betyr for ham. <\/p>\n<p>Pappa Haakon, mamma Elisabeth, broren Ola (24) og s\u00f8steren Ane (22) har alle hjulpet skihelten frem til \u00e5 bli verdens beste langrennsl\u00f8per.<\/p>\n<p>        OVERRASKER: Vi har tatt en titt p\u00e5 noen av TV-\u00f8yeblikkene vi husker ekstra godt fra \u00e5ret som har g\u00e5tt. Video: \u00abTeam P\u00f8lsa\u00bb\/NRK, \u00abJakten p\u00e5 kj\u00e6rligheten\u00bb\/TV 2, \u00abBedre sex\u00bb\/Viaplay, \u00abOppdrag M\/S Bj\u00f8rvika\u00bb\/Viaplay<\/p>\n<p class=\"font-weight-bold m-font-weight-bold\" data-lab-font_weight=\"font-weight-bold\">&#8211; Pappa er en slags daglig leder. Jeg pleier \u00e5 kalle ham \u00abpotet\u00bb, siden han kan brukes til alt. Han har ansvaret for alle avtaler med samarbeidspartnere, han er sj\u00e5f\u00f8r, kokk, vasker kl\u00e6r og sm\u00f8rer ski &#8211; hvis han m\u00e5.<\/p>\n<p>    <a itemprop=\"url\" href=\"https:\/\/www.seher.no\/kongelig\/vekker-oppsikt-i-utlandet\/84008164\" rel=\"nofollow noopener\" target=\"_blank\"><\/p>\n<p>        <img loading=\"lazy\" decoding=\"async\" src=\"https:\/\/www.europesays.com\/no\/wp-content\/uploads\/2025\/12\/84009164.webp\" width=\"147\" height=\"98\" title=\"Vekker oppsikt i utlandet\" alt=\"\" class=\"lazyload\" style=\"--aspect-ratio-image: 1.50; \"\/><\/p>\n<p>        Vekker oppsikt i utlandet<\/p>\n<p>    <\/a><\/p>\n<p>&#8211; Mamma tar seg av \u00f8konomien, og er ekspert p\u00e5 det. Broderen Ola lager reklamefilmer, ogs\u00e5 for de jeg samarbeider med, og st\u00e5r bak filmen \u00abKl\u00e6bo\u00bb. <\/p>\n<p>&#8211; S\u00f8steren min oversatte tidligere bloggen v\u00e5r fra norsk til engelsk. N\u00e5 er hun opptatt med medisinstudier i Oslo, forteller Johannes om familiebedriften.<\/p>\n<p>        <img loading=\"lazy\" decoding=\"async\" src=\"https:\/\/www.europesays.com\/no\/wp-content\/uploads\/2025\/12\/84005501.webp\" width=\"667\" height=\"948\" title=\"MEDISIN-STUDENT: Johannes\u2019 s\u00f8ster Ane var p\u00e5&#10;plass da filmen \u00abKl\u00e6bo\u00bb hadde premiere. Legestudenten&#10;ankom med kj\u00e6resten Even Thorvaldsen. Foto: Andreas Fadum\" alt=\"\" class=\"\" style=\"--aspect-ratio-image: 0.70; \"\/><\/p>\n<p>\n        MEDISIN-STUDENT: Johannes\u2019 s\u00f8ster Ane var p\u00e5<br \/>\nplass da filmen \u00abKl\u00e6bo\u00bb hadde premiere. Legestudenten<br \/>\nankom med kj\u00e6resten Even Thorvaldsen. Foto: Andreas Fadum\n    <\/p>\n<p>&#8211; Han er en av hovedgrunnene til at jeg holder p\u00e5\u00a0\t<\/p>\n<p>Ogs\u00e5 morfar K\u00e5re har hatt ekstremt stor betydning for Johannes\u2019 karriere.<\/p>\n<p>Han har v\u00e6rt trener og tilrettelegger helt fra starten av.<\/p>\n<p>&#8211; Morfar hentet meg fra trening, og kj\u00f8rte meg rundt omkring til konkurranser. Han smurte ski, og kj\u00f8pte inn utstyr til jul og bursdager. <\/p>\n<p>    <a itemprop=\"url\" href=\"https:\/\/www.seher.no\/kjendis\/bekrefter-bruddet\/84004784\" rel=\"nofollow noopener\" target=\"_blank\"><\/p>\n<p>        <img loading=\"lazy\" decoding=\"async\" src=\"https:\/\/www.europesays.com\/no\/wp-content\/uploads\/2025\/12\/84004842.webp\" width=\"980\" height=\"441\" title=\"Bekrefter bruddet\" alt=\"\" class=\"lazyload\" style=\"--aspect-ratio-image: 2.22; \"\/><\/p>\n<p>        Bekrefter bruddet <\/p>\n<p>    <\/a><\/p>\n<p>&#8211; Da jeg gikk p\u00e5 videreg\u00e5ende, bodde han rett ved. Da gikk jeg dit for \u00e5 spise lunsj, og etter skoletid sto skiene ferdig smurt p\u00e5 trappa, forteller Johannes til Se og H\u00f8r om det n\u00e6re samarbeidet med sin bestefar.<\/p>\n<p>        <img loading=\"lazy\" decoding=\"async\" src=\"https:\/\/www.europesays.com\/no\/wp-content\/uploads\/2025\/12\/84005506.webp\" width=\"686\" height=\"1071\" title=\"SAMBOER:&#10;I sommer fridde&#10;Johannes til Pernille&#10;D\u00f8svik, og fikk&#10;ja. Noen tid for&#10;bryllup er enn\u00e5 ikke&#10;fastsatt. Foto: Tor Kvello\" alt=\"\" class=\"\" style=\"--aspect-ratio-image: 0.64; \"\/><\/p>\n<p>\n        SAMBOER:<br \/>\nI sommer fridde<br \/>\nJohannes til Pernille<br \/>\nD\u00f8svik, og fikk<br \/>\nja. Noen tid for<br \/>\nbryllup er enn\u00e5 ikke<br \/>\nfastsatt. Foto: Tor Kvello\n    <\/p>\n<p>Siden har K\u00e5re hatt kontroll p\u00e5 hver eneste \u00f8kt. <\/p>\n<p class=\"font-weight-bold m-font-weight-bold\" data-lab-font_weight=\"font-weight-bold\">&#8211; Det er fort gjort \u00e5 ta slike ting for gitt. Men han er en av hovedgrunnene til at jeg holder p\u00e5, roser Johannes.<\/p>\n<p>        <img loading=\"lazy\" decoding=\"async\" src=\"https:\/\/www.europesays.com\/no\/wp-content\/uploads\/2025\/12\/84005504.webp\" width=\"667\" height=\"521\" title=\"MORFAR ER&#10;TRENER: K\u00e5re&#10;H\u00f8sflot har trent&#10;skihelten siden han&#10;var en ung gutt.&#10;Det har v\u00e6rt en&#10;gull-oppskrift. Foto: Tor Kvello\" alt=\"\" class=\"\" style=\"--aspect-ratio-image: 1.28; \"\/><\/p>\n<p>\n        MORFAR ER<br \/>\nTRENER: K\u00e5re<br \/>\nH\u00f8sflot har trent<br \/>\nskihelten siden han<br \/>\nvar en ung gutt.<br \/>\nDet har v\u00e6rt en<br \/>\ngull-oppskrift. Foto: Tor Kvello\n    <\/p>\n<p>&#8211; En mentalitet jeg tar med meg inn i livet\u00a0\t<\/p>\n<p>Den kommende OL-sesongen betyr ekstremt mye for skihelten og hans n\u00e6rmeste. S\u00f8ndag 8.februar starter mesterskapet i Italia for hans del med 20 kilometer skibytte, hvor han er den st\u00f8rste favoritten.<\/p>\n<p class=\"font-weight-bold m-font-weight-bold\" data-lab-font_weight=\"font-weight-bold\">Han hadde aldri kommet s\u00e5 langt uten sine n\u00e6rmeste st\u00f8ttespillere, hvor s\u00e6rlig farens betydning har v\u00e6rt stor.<\/p>\n<p>        F\u00d8LGER SKIHELTEN: F\u00f8r Ski-VM i Trondheim tidligere i \u00e5r, ble skihelten Johannes H\u00f8sflot Kl\u00e6bo fulgt av et kamerateam, og n\u00e5 er resultatet klart. Video: Kl\u00e6bo Media &amp; Antipode Films \/\/ Reporter: H\u00e5vard Bj\u00f8rnerem<\/p>\n<p>De siste \u00e5rene har de bodd sammen i hundrevis av dager p\u00e5 konkurranser og treningsleirer.<\/p>\n<p>&#8211; For pappa var det aldri noe alternativ \u00e5 gi seg da han var syk. Det er en mentalitet jeg tar med meg inn i livet som jeg skal leve. Det kommer til \u00e5 butte imot, og det har jeg skj\u00f8nt gjennom det familien har opplevd, sier Johannes i filmen.<\/p>\n<p>        <img loading=\"lazy\" decoding=\"async\" src=\"https:\/\/www.europesays.com\/no\/wp-content\/uploads\/2025\/12\/84005505.webp\" width=\"686\" height=\"522\" title=\"STERK&#10;TRIO: Broren Ola&#10;(t.v.) er hovedmannen bak den nye&#10;filmen \u00abKl\u00e6bo\u00bb, og&#10;har fulgt Johannes&#10;og faren Haakon tett&#10;over lang tid. Foto: Tor Kvello\" alt=\"\" class=\"\" style=\"--aspect-ratio-image: 1.31; \"\/><\/p>\n<p>\n        STERK<br \/>\nTRIO: Broren Ola<br \/>\n(t.v.) er hovedmannen bak den nye<br \/>\nfilmen \u00abKl\u00e6bo\u00bb, og<br \/>\nhar fulgt Johannes<br \/>\nog faren Haakon tett<br \/>\nover lang tid. Foto: Tor Kvello\n    <\/p>\n","protected":false},"excerpt":{"rendered":"Johannes H\u00f8sflot Kl\u00e6bo var liten gutt da pappa fikk kreft Det var en brutal beskjed \u00e5 f\u00e5 for&hellip;\n","protected":false},"author":2,"featured_media":118679,"comment_status":"","ping_status":"","sticky":false,"template":"","format":"standard","meta":{"footnotes":""},"categories":[59],"tags":[4104,1506,711,14223,479,30,28,29,8933,83,82],"class_list":{"0":"post-118678","1":"post","2":"type-post","3":"status-publish","4":"format-standard","5":"has-post-thumbnail","7":"category-sport","8":"tag-eksklusivt","9":"tag-haakon-klaebo","10":"tag-johannes-hosflot-klaebo","11":"tag-kare-hosflot","12":"tag-kjendis","13":"tag-no","14":"tag-norge","15":"tag-norway","16":"tag-pernille-dosvik","17":"tag-sport","18":"tag-sports"},"share_on_mastodon":{"url":"https:\/\/pubeurope.com\/@no\/115756519211976153","error":""},"_links":{"self":[{"href":"https:\/\/www.europesays.com\/no\/wp-json\/wp\/v2\/posts\/118678","targetHints":{"allow":["GET"]}}],"collection":[{"href":"https:\/\/www.europesays.com\/no\/wp-json\/wp\/v2\/posts"}],"about":[{"href":"https:\/\/www.europesays.com\/no\/wp-json\/wp\/v2\/types\/post"}],"author":[{"embeddable":true,"href":"https:\/\/www.europesays.com\/no\/wp-json\/wp\/v2\/users\/2"}],"replies":[{"embeddable":true,"href":"https:\/\/www.europesays.com\/no\/wp-json\/wp\/v2\/comments?post=118678"}],"version-history":[{"count":0,"href":"https:\/\/www.europesays.com\/no\/wp-json\/wp\/v2\/posts\/118678\/revisions"}],"wp:featuredmedia":[{"embeddable":true,"href":"https:\/\/www.europesays.com\/no\/wp-json\/wp\/v2\/media\/118679"}],"wp:attachment":[{"href":"https:\/\/www.europesays.com\/no\/wp-json\/wp\/v2\/media?parent=118678"}],"wp:term":[{"taxonomy":"category","embeddable":true,"href":"https:\/\/www.europesays.com\/no\/wp-json\/wp\/v2\/categories?post=118678"},{"taxonomy":"post_tag","embeddable":true,"href":"https:\/\/www.europesays.com\/no\/wp-json\/wp\/v2\/tags?post=118678"}],"curies":[{"name":"wp","href":"https:\/\/api.w.org\/{rel}","templated":true}]}}