{"id":118690,"date":"2025-12-21T08:39:10","date_gmt":"2025-12-21T08:39:10","guid":{"rendered":"https:\/\/www.europesays.com\/no\/118690\/"},"modified":"2025-12-21T08:39:10","modified_gmt":"2025-12-21T08:39:10","slug":"ber-om-fire-ukers-varetekt-for-drapssiktet-mann","status":"publish","type":"post","link":"https:\/\/www.europesays.com\/no\/118690\/","title":{"rendered":"ber om fire ukers varetekt for drapssiktet mann"},"content":{"rendered":"\n<p class=\"_lead_o9xde_2 _lead_xtcu6_50 layout-component text-serif-m layout-normal text-serif-l layout-component layout-wide layout-padded _wide_17hqh_1 layout-padded\">Politiet ber om fire uker i varetekt for mannen i 40-\u00e5rene som er siktet i drapssaken i Lier.<\/p>\n<p><img alt=\" Foto: Joakim Fjeldli\" class=\"_image_qp4xg_65 layout-component layout-wide\" data-fullscreen- data-track-element-type=\"Article image fullscreen\" data-track-name=\"ImageFullscreen\" fetchpriority=\"high\" decoding=\"sync\" loading=\"eager\" height=\"3648\" itemprop=\"image\"  src=\"https:\/\/www.europesays.com\/no\/wp-content\/uploads\/2025\/12\/402538b2-7349-4478-b63e-53d8f242fdc1\"  style=\"object-position:0% 0%\" width=\"5472\"\/> Foto: Joakim Fjeldli<\/p>\n<ul aria-hidden=\"true\" class=\"_images_ntbth_112\">\n<li><a class=\"_link_ntbth_117\" href=\"https:\/\/www.vg.no\/forfatter\/signe-rosenlund-hauglid\" style=\"z-index:1\" title=\"Signe Rosenlund-Hauglid\" rel=\"nofollow noopener\" target=\"_blank\"><img alt=\"Bilde av Signe Rosenlund-Hauglid\" class=\"_image_ntbth_93\" fetchpriority=\"low\" loading=\"lazy\" decoding=\"async\" itemprop=\"image\"  src=\"https:\/\/www.europesays.com\/no\/wp-content\/uploads\/2025\/12\/1766306350_759_65e9df60-b046-4add-b7dd-10f1cf4fbd21\"  width=\"480\"\/><\/a><\/li>\n<\/ul>\n<p> Oppdatert s\u00f8ndag 21. desember kl. 08:59     <\/p>\n<p class=\"_paragraph_o9xde_4 _paragraph_xtcu6_10 layout-component text-serif-m layout-normal text-serif-m layout-padded\">Fengslingssp\u00f8rsm\u00e5let skal avgj\u00f8res i Buskerud tingrett klokken 13 s\u00f8ndag, opplyser politiadvokat Ann Iren Svane Mathiassen i S\u00f8r-\u00d8st politidistrikt til <a href=\"https:\/\/www.tv2.no\/direkte\/jpybz\/siste-nytt\/6947a6b6c68e8276262fb5ed\/lierdrapet-vil-fengsle-siktet-mann-i-fire-uker\" class=\"_link_o9xde_39\" rel=\"nofollow noopener\" target=\"_blank\">TV 2<\/a>.<\/p>\n<p class=\"_paragraph_o9xde_4 _paragraph_xtcu6_10 layout-component text-serif-m layout-normal text-serif-m layout-padded\">Det var klokken 02.25 at <a href=\"https:\/\/www.vg.no\/nyheter\/i\/m0R13E\/to-skadet-etter-vold-i-lier\" data-track-element-type=\"Link\" data-track-id=\"link:m0R13E\" class=\"_link_o9xde_39\" rel=\"nofollow noopener\" target=\"_blank\">politiet fikk melding om en bevisstl\u00f8s person i en boligblokk natt til l\u00f8rdag<\/a>.<\/p>\n<p class=\"_paragraph_o9xde_4 _paragraph_xtcu6_10 layout-component text-serif-m layout-normal text-serif-m layout-padded\">N\u00f8detatene var stedet syv minutter senere, der de fant en mann inne i oppgangen. Mannen, som er i 30-\u00e5rene, ble kj\u00f8rt til sykehus, hvor han senere ble erkl\u00e6rt d\u00f8d. <\/p>\n<p class=\"_paragraph_o9xde_4 _paragraph_xtcu6_10 layout-component text-serif-m layout-normal text-serif-m layout-padded\">Inne p\u00e5 adressen ble det funnet en annen mann som var lettere skadet. Han er n\u00e5 siktet for drap.<\/p>\n<p class=\"_paragraph_o9xde_4 _paragraph_xtcu6_10 layout-component text-serif-m layout-normal text-serif-m layout-padded\">Den siktede og den avd\u00f8de var naboer, og var bosatt i samme kommunale boligblokk i Tranbylia. <\/p>\n","protected":false},"excerpt":{"rendered":"Politiet ber om fire uker i varetekt for mannen i 40-\u00e5rene som er siktet i drapssaken i Lier.&hellip;\n","protected":false},"author":2,"featured_media":118691,"comment_status":"","ping_status":"","sticky":false,"template":"","format":"standard","meta":{"footnotes":""},"categories":[10],"tags":[20,21,24,25,15,22,23,5523,13,30,28,29,14,16,26,27],"class_list":{"0":"post-118690","1":"post","2":"type-post","3":"status-publish","4":"format-standard","5":"has-post-thumbnail","7":"category-norge","8":"tag-breaking-news","9":"tag-breakingnews","10":"tag-featured-news","11":"tag-featurednews","12":"tag-headlines","13":"tag-latest-news","14":"tag-latestnews","15":"tag-lier","16":"tag-news","17":"tag-no","18":"tag-norge","19":"tag-norway","20":"tag-nyheter","21":"tag-overskrifter","22":"tag-top-stories","23":"tag-topstories"},"share_on_mastodon":{"url":"https:\/\/pubeurope.com\/@no\/115756660737151119","error":""},"_links":{"self":[{"href":"https:\/\/www.europesays.com\/no\/wp-json\/wp\/v2\/posts\/118690","targetHints":{"allow":["GET"]}}],"collection":[{"href":"https:\/\/www.europesays.com\/no\/wp-json\/wp\/v2\/posts"}],"about":[{"href":"https:\/\/www.europesays.com\/no\/wp-json\/wp\/v2\/types\/post"}],"author":[{"embeddable":true,"href":"https:\/\/www.europesays.com\/no\/wp-json\/wp\/v2\/users\/2"}],"replies":[{"embeddable":true,"href":"https:\/\/www.europesays.com\/no\/wp-json\/wp\/v2\/comments?post=118690"}],"version-history":[{"count":0,"href":"https:\/\/www.europesays.com\/no\/wp-json\/wp\/v2\/posts\/118690\/revisions"}],"wp:featuredmedia":[{"embeddable":true,"href":"https:\/\/www.europesays.com\/no\/wp-json\/wp\/v2\/media\/118691"}],"wp:attachment":[{"href":"https:\/\/www.europesays.com\/no\/wp-json\/wp\/v2\/media?parent=118690"}],"wp:term":[{"taxonomy":"category","embeddable":true,"href":"https:\/\/www.europesays.com\/no\/wp-json\/wp\/v2\/categories?post=118690"},{"taxonomy":"post_tag","embeddable":true,"href":"https:\/\/www.europesays.com\/no\/wp-json\/wp\/v2\/tags?post=118690"}],"curies":[{"name":"wp","href":"https:\/\/api.w.org\/{rel}","templated":true}]}}