{"id":118692,"date":"2025-12-21T08:40:14","date_gmt":"2025-12-21T08:40:14","guid":{"rendered":"https:\/\/www.europesays.com\/no\/118692\/"},"modified":"2025-12-21T08:40:14","modified_gmt":"2025-12-21T08:40:14","slug":"ni-drept-og-ti-saret-i-skyting-i-sor-afrika","status":"publish","type":"post","link":"https:\/\/www.europesays.com\/no\/118692\/","title":{"rendered":"Ni drept og ti s\u00e5ret i skyting i S\u00f8r-Afrika"},"content":{"rendered":"\n<p class=\"_lead_o9xde_2 _lead_xtcu6_50 layout-component text-serif-m layout-normal text-serif-l layout-component layout-wide layout-padded _wide_17hqh_1 layout-padded\">Ukjente gjerningspersoner skj\u00f8t og drepte ni mennesker og s\u00e5ret ti andre i et angrep i en township utenfor Johannesburg, opplyser politiet s\u00f8ndag.<\/p>\n<ul aria-hidden=\"true\" class=\"_images_ntbth_112\">\n<li><a class=\"_link_ntbth_117\" href=\"https:\/\/www.vg.no\/forfatter\/ntb\" style=\"z-index:1\" title=\"NTB\" rel=\"nofollow noopener\" target=\"_blank\"><img alt=\"Bilde av NTB\" class=\"_image_ntbth_93\" fetchpriority=\"low\" loading=\"lazy\" decoding=\"async\" itemprop=\"image\"  src=\"https:\/\/www.europesays.com\/no\/wp-content\/uploads\/2025\/12\/1766306414_931_c33980b0-5d07-4027-84a1-813f90a7c8d6\"  width=\"480\"\/><\/a><\/li>\n<\/ul>\n<p> Oppdatert s\u00f8ndag 21. desember kl. 08:14     <\/p>\n<p class=\"_paragraph_o9xde_4 _paragraph_xtcu6_10 layout-component text-serif-m layout-normal text-serif-m layout-padded\">Dette er den andre masseskytingen i <a href=\"https:\/\/www.vg.no\/tag\/soer-afrika?utm_source=vg-article&amp;utm_medium=auto-tagger&amp;utm_campaign=XMgbqb\" class=\"_link_o9xde_39\" rel=\"nofollow noopener\" target=\"_blank\">S\u00f8r-Afrika<\/a> denne m\u00e5neden.<\/p>\n<p class=\"_paragraph_o9xde_4 _paragraph_xtcu6_10 layout-component text-serif-m layout-normal text-serif-m layout-padded\">Motivet for angrepet i Bekkersdal, rundt 40 kilometer s\u00f8rvest for Johannesburg, er uklart, sier politiet til AFP.<\/p>\n<p class=\"_paragraph_o9xde_4 _paragraph_xtcu6_10 layout-component text-serif-m layout-normal text-serif-m layout-padded\">\u2013 Noen ofre ble tilfeldig skutt i gatene av ukjente gjerningspersoner, heter det i en uttalelse fra politiet.<\/p>\n<p>Flere mistenkte<\/p>\n<p class=\"_paragraph_o9xde_4 _paragraph_xtcu6_10 layout-component text-serif-m layout-normal text-serif-m layout-padded\">Politiet meddelte f\u00f8rst at ti personer var drept, men har senere nedjustert d\u00f8dstallet til ni personer. Det er ikke oversikt over hvem de drepte er, if\u00f8lge brigader Brenda Muridili, politiets talsperson i Gauteng-provinsen.<\/p>\n<p class=\"_paragraph_o9xde_4 _paragraph_xtcu6_10 layout-component text-serif-m layout-normal text-serif-m layout-padded\">Rundt 12 ukjente skal if\u00f8lge politiet ha \u00e5pnet ild mot gjestene p\u00e5 utestedet og fortsatte \u00e5 skyte tilfeldig mens de flyktet fra stedet.<\/p>\n<p class=\"_paragraph_o9xde_4 _paragraph_xtcu6_10 layout-component text-serif-m layout-normal text-serif-m layout-padded\">Skytingen skjedde i n\u00e6rheten av en taverna eller en uformell bar i Bekkersdal, et fattig omr\u00e5de n\u00e6r flere av S\u00f8r-Afrikas st\u00f8rste gullgruver. Politiet sier skytingen fant sted ved et sted som drev ulovlig alkoholservering.<\/p>\n<p class=\"_paragraph_o9xde_4 _paragraph_xtcu6_10 layout-component text-serif-m layout-normal text-serif-m layout-padded\">De s\u00e5rede er fraktet til sykehus, opplyser politiet.<\/p>\n<p>Flere hendelser<\/p>\n<p class=\"_paragraph_o9xde_4 _paragraph_xtcu6_10 layout-component text-serif-m layout-normal text-serif-m layout-padded\">For to uker siden, 6. desember, stormet bev\u00e6pnede menn et herberge n\u00e6r hovedstaden Pretoria og drepte tolv mennesker, blant dem et tre \u00e5r gammelt barn. <\/p>\n<p class=\"_paragraph_o9xde_4 _paragraph_xtcu6_10 layout-component text-serif-m layout-normal text-serif-m layout-padded\">S\u00f8r-Afrika, med rundt 63 millioner innbyggere, har et h\u00f8yt kriminalitetsniv\u00e5 og en av verdens h\u00f8yeste drapsrater.<\/p>\n","protected":false},"excerpt":{"rendered":"Ukjente gjerningspersoner skj\u00f8t og drepte ni mennesker og s\u00e5ret ti andre i et angrep i en township utenfor&hellip;\n","protected":false},"author":2,"featured_media":118693,"comment_status":"","ping_status":"","sticky":false,"template":"","format":"standard","meta":{"footnotes":""},"categories":[5],"tags":[20,21,24,25,15,19,22,23,17,18,13,30,28,29,14,16,314,7700,26,27],"class_list":{"0":"post-118692","1":"post","2":"type-post","3":"status-publish","4":"format-standard","5":"has-post-thumbnail","7":"category-overskrifter","8":"tag-breaking-news","9":"tag-breakingnews","10":"tag-featured-news","11":"tag-featurednews","12":"tag-headlines","13":"tag-hovedoppslag","14":"tag-latest-news","15":"tag-latestnews","16":"tag-main-news","17":"tag-mainnews","18":"tag-news","19":"tag-no","20":"tag-norge","21":"tag-norway","22":"tag-nyheter","23":"tag-overskrifter","24":"tag-skyting","25":"tag-sor-afrika","26":"tag-top-stories","27":"tag-topstories"},"share_on_mastodon":{"url":"https:\/\/pubeurope.com\/@no\/115756664430364013","error":""},"_links":{"self":[{"href":"https:\/\/www.europesays.com\/no\/wp-json\/wp\/v2\/posts\/118692","targetHints":{"allow":["GET"]}}],"collection":[{"href":"https:\/\/www.europesays.com\/no\/wp-json\/wp\/v2\/posts"}],"about":[{"href":"https:\/\/www.europesays.com\/no\/wp-json\/wp\/v2\/types\/post"}],"author":[{"embeddable":true,"href":"https:\/\/www.europesays.com\/no\/wp-json\/wp\/v2\/users\/2"}],"replies":[{"embeddable":true,"href":"https:\/\/www.europesays.com\/no\/wp-json\/wp\/v2\/comments?post=118692"}],"version-history":[{"count":0,"href":"https:\/\/www.europesays.com\/no\/wp-json\/wp\/v2\/posts\/118692\/revisions"}],"wp:featuredmedia":[{"embeddable":true,"href":"https:\/\/www.europesays.com\/no\/wp-json\/wp\/v2\/media\/118693"}],"wp:attachment":[{"href":"https:\/\/www.europesays.com\/no\/wp-json\/wp\/v2\/media?parent=118692"}],"wp:term":[{"taxonomy":"category","embeddable":true,"href":"https:\/\/www.europesays.com\/no\/wp-json\/wp\/v2\/categories?post=118692"},{"taxonomy":"post_tag","embeddable":true,"href":"https:\/\/www.europesays.com\/no\/wp-json\/wp\/v2\/tags?post=118692"}],"curies":[{"name":"wp","href":"https:\/\/api.w.org\/{rel}","templated":true}]}}