{"id":118696,"date":"2025-12-21T08:46:05","date_gmt":"2025-12-21T08:46:05","guid":{"rendered":"https:\/\/www.europesays.com\/no\/118696\/"},"modified":"2025-12-21T08:46:05","modified_gmt":"2025-12-21T08:46:05","slug":"sverige-har-bordet-russisk-fartoy","status":"publish","type":"post","link":"https:\/\/www.europesays.com\/no\/118696\/","title":{"rendered":"Sverige: Har bordet russisk fart\u00f8y"},"content":{"rendered":"\n<p>Det russiske frakteskipet \u00abAdler\u00bb ble natt til s\u00f8ndag bordet av svenske tollmyndigheter, kystvakten og politiet etter \u00e5 ha ligget for anker i svensk farvann utenfor H\u00f6gan\u00e4s i Sk\u00e5ne.<\/p>\n<p>Flere svenske medier omtaler fart\u00f8yet som <a href=\"https:\/\/www.aftonbladet.se\/nyheter\/a\/ArdPRj\/tullverket-har-bordat-ryskt-fartyg-utanfor-hoganas\" rel=\"Follow nofollow noopener\" target=\"_blank\">sanksjonert<\/a> og knytter det til <a href=\"https:\/\/www.sydsvenskan.se\/skane\/tullen-har-bordat-det-ryska-sanktionsfartyget-utanfor-hoganas\/\" rel=\"Follow nofollow noopener\" target=\"_blank\">Russlands skyggefl\u00e5te<\/a>. Helsingborgs Dagblad skriver at skipet tidligere skal ha fraktet nordkoreansk ammunisjon til Russland og missiler til Kina.<\/p>\n<p>\u2013 Vi har varslet alle myndigheter, sier Marco Svensson, sjef ved Sj\u00f6fartsverkets overv\u00e5kingssentral, til avisen. Han legger til at det er uvanlig at et sanksjonert skip har ankret opp s\u00e5 n\u00e6r svenskekysten.<\/p>\n<p><a href=\"https:\/\/www.gp.se\/nyheter\/sverige\/ryskt-fartyg-med-sanktioner-har-ankrat-utanfor-skanska-kusten.574554c6-8b15-43bd-98bd-3f12f4de6fd5\" rel=\"Follow nofollow noopener\" target=\"_blank\">G\u00f6teborgs-Posten<\/a> viser til databasen OpenSanctions og skriver at \u00abAdler\u00bb er knyttet til et rederi som har v\u00e6rt gjenstand for sanksjoner. Avisen skriver ogs\u00e5 at fart\u00f8yet tidligere skal ha v\u00e6rt brukt til v\u00e5pentransport.<\/p>\n<p>If\u00f8lge avisen eies skipet av et selskap som st\u00e5r p\u00e5 sanksjonslister i blant annet USA og Ukraina. G\u00f6teborgs-Posten hevder videre at rederiet bak skipet skal ha fraktet nordkoreansk ammunisjon til Russland og missiler til Kina.<\/p>\n<p>S\u00f8ndag morgen p\u00e5gikk gjennomgangen av last fortsatt.<\/p>\n<p>Tollvesenet gikk om bord i l\u00f8pet av natten, med politi til stede. Alt skal ha g\u00e5tt rolig for seg, sier pressekontakt Martin H\u00f6glund i Tullverket.<\/p>\n<p>Skipet har selv opplyst at det ankret opp p\u00e5 grunn av maskinproblemer.<\/p>\n","protected":false},"excerpt":{"rendered":"Det russiske frakteskipet \u00abAdler\u00bb ble natt til s\u00f8ndag bordet av svenske tollmyndigheter, kystvakten og politiet etter \u00e5 ha&hellip;\n","protected":false},"author":2,"featured_media":118697,"comment_status":"","ping_status":"","sticky":false,"template":"","format":"standard","meta":{"footnotes":""},"categories":[12],"tags":[20,21,24,25,15,22,23,13,30,28,29,14,16,26,27,42,43,44,45],"class_list":{"0":"post-118696","1":"post","2":"type-post","3":"status-publish","4":"format-standard","5":"has-post-thumbnail","7":"category-verden","8":"tag-breaking-news","9":"tag-breakingnews","10":"tag-featured-news","11":"tag-featurednews","12":"tag-headlines","13":"tag-latest-news","14":"tag-latestnews","15":"tag-news","16":"tag-no","17":"tag-norge","18":"tag-norway","19":"tag-nyheter","20":"tag-overskrifter","21":"tag-top-stories","22":"tag-topstories","23":"tag-verden","24":"tag-world","25":"tag-world-news","26":"tag-worldnews"},"share_on_mastodon":{"url":"https:\/\/pubeurope.com\/@no\/115756687948844051","error":""},"_links":{"self":[{"href":"https:\/\/www.europesays.com\/no\/wp-json\/wp\/v2\/posts\/118696","targetHints":{"allow":["GET"]}}],"collection":[{"href":"https:\/\/www.europesays.com\/no\/wp-json\/wp\/v2\/posts"}],"about":[{"href":"https:\/\/www.europesays.com\/no\/wp-json\/wp\/v2\/types\/post"}],"author":[{"embeddable":true,"href":"https:\/\/www.europesays.com\/no\/wp-json\/wp\/v2\/users\/2"}],"replies":[{"embeddable":true,"href":"https:\/\/www.europesays.com\/no\/wp-json\/wp\/v2\/comments?post=118696"}],"version-history":[{"count":0,"href":"https:\/\/www.europesays.com\/no\/wp-json\/wp\/v2\/posts\/118696\/revisions"}],"wp:featuredmedia":[{"embeddable":true,"href":"https:\/\/www.europesays.com\/no\/wp-json\/wp\/v2\/media\/118697"}],"wp:attachment":[{"href":"https:\/\/www.europesays.com\/no\/wp-json\/wp\/v2\/media?parent=118696"}],"wp:term":[{"taxonomy":"category","embeddable":true,"href":"https:\/\/www.europesays.com\/no\/wp-json\/wp\/v2\/categories?post=118696"},{"taxonomy":"post_tag","embeddable":true,"href":"https:\/\/www.europesays.com\/no\/wp-json\/wp\/v2\/tags?post=118696"}],"curies":[{"name":"wp","href":"https:\/\/api.w.org\/{rel}","templated":true}]}}