{"id":118700,"date":"2025-12-21T08:48:09","date_gmt":"2025-12-21T08:48:09","guid":{"rendered":"https:\/\/www.europesays.com\/no\/118700\/"},"modified":"2025-12-21T08:48:09","modified_gmt":"2025-12-21T08:48:09","slug":"usa-beslaglegger-ny-oljetanker-utenfor-venezuela-e24","status":"publish","type":"post","link":"https:\/\/www.europesays.com\/no\/118700\/","title":{"rendered":"USA beslaglegger ny oljetanker utenfor Venezuela \u2013 E24"},"content":{"rendered":"<p class=\"fullWidthDesktop hyperion-css-71ztg2\" data-test-tag=\"lead-text\">USAs president har varslet en blokade av Venezuela. N\u00e5 skal USA ha beslaglagt enda en oljetanker utenfor kysten av landet.<\/p>\n<p><img decoding=\"async\" class=\"image-asset hyperion-css-u06ts1\" data-test-tag=\"image-asset\" src=\"https:\/\/www.europesays.com\/no\/wp-content\/uploads\/2025\/12\/e80a77c1-04ea-4e5a-9478-006e8b84e370\"  alt=\"USA har for alvor intensivert kampen mot ulovlig frakt av sanksjonert olje.\"  loading=\"eager\" fetchpriority=\"high\" style=\"aspect-ratio:1900 \/ 1266\"\/>USA har for alvor intensivert kampen mot ulovlig frakt av sanksjonert olje. Foto: Department of Homeland Security \/ Reuters \/ NTBPublisert: Publisert: <\/p>\n<p>For mindre enn 40 minutter siden<\/p>\n<ul class=\"hyperion-css-pte5x0\">\n<li aria-label=\"link\" class=\"narrow-button hyperion-css-1sz7d3n\">Kopier lenke<\/li>\n<li aria-label=\"link\" class=\"wide-button hyperion-css-1sz7d3n\">Kopier lenke<\/li>\n<li aria-label=\"facebook\" class=\"narrow-button hyperion-css-1sz7d3n\">Del p\u00e5 Facebook<\/li>\n<li aria-label=\"facebook\" class=\"wide-button hyperion-css-1sz7d3n\">Del p\u00e5 Facebook<\/li>\n<li aria-label=\"email\" class=\"narrow-button hyperion-css-1sz7d3n\">Del med e-post<\/li>\n<li aria-label=\"email\" class=\"wide-button hyperion-css-1sz7d3n\">Del med e-post<\/li>\n<\/ul>\n<p class=\"hyperion-css-1lemvax\">\u00abI en handling f\u00f8r morgengry 20. desember arresterte USAs kystvakt med st\u00f8tte av Krigsdepartementet en oljetanker som senest l\u00e5 til kai i Venezuela\u00bb, skriver Homeland Security-sjef Kristi Noem p\u00e5 meldingstjenesten X.<\/p>\n<p class=\"hyperion-css-1lemvax\">Hun sier at USA vil fortsette \u00e5 forf\u00f8lge ulovlig frakt av sanksjonert olje, som hun hevder brukes til \u00e5 finansiere narkotikakriminalitet.<\/p>\n<p class=\"hyperion-css-1lemvax\">\u00abVi vil finne dere, og vi vil stanse dere\u00bb, skriver Noem.<\/p>\n<p class=\"hyperion-css-1lemvax\"><a aria-label=\"If\u00f8lge CNN\" class=\"default hyperion-css-1rezu2g\" href=\"https:\/\/edition.cnn.com\/2025\/12\/20\/politics\/venezuela-vessel-us-seize\" rel=\"noopener nofollow noreferrer\" data-test-tag=\"external-link\" target=\"_blank\">If\u00f8lge CNN<\/a> skal tankskipet ha fraktet olje fra Venezuela som skulle til Asia.<\/p>\n<p><a data-test-tag=\"teaser-small:link-internal\" href=\"https:\/\/e24.no\/internasjonal-oekonomi\/i\/6qnOe3\/trump-beordrer-blokade-av-venezuelanske-oljetankere\" class=\"imagePosition-top inline hyperion-css-6238vu\" rel=\"nofollow noopener\" target=\"\" aria-label=\"Trump beordrer blokade av venezuelanske oljetankere\"><\/p>\n<p>Les ogs\u00e5<\/p>\n<p>Trump beordrer blokade av venezuelanske oljetankere<\/p>\n<p><\/a>Beslag nummer to<\/p>\n<p class=\"hyperion-css-1lemvax\">Dette er den andre oljetankeren USA overtar i konflikten med Venezuela. USAs president Donald Trump bekreftet tidligere denne m\u00e5neden at <a data-test-tag=\"internal-link\" href=\"https:\/\/e24.no\/energi-og-klima\/i\/9pmMxE\/trump-bekrefter-har-beslaglagt-oljetanker-i-venezuela\" class=\"hyperion-css-1rezu2g\" rel=\"nofollow noopener\" target=\"\" aria-label=\"landet hadde beslaglagt en oljetanker\">landet hadde beslaglagt en oljetanker<\/a> utenfor landet.<\/p>\n<p class=\"hyperion-css-1lemvax\"><a aria-label=\"If\u00f8lge BBC\" class=\"default hyperion-css-1rezu2g\" href=\"https:\/\/www.bbc.com\/news\/articles\/c0mpy1ynnzzo\" rel=\"noopener nofollow noreferrer\" data-test-tag=\"external-link\" target=\"_blank\">If\u00f8lge BBC<\/a> tok USA kontroll over tankskipet i internasjonalt farvann.<\/p>\n<p class=\"hyperion-css-1lemvax\">Venezuela ford\u00f8mmer angrepet og beskriver det som tyveri og kidnapping, og vil klage hendelsen inn til FNs sikkerhetsr\u00e5d, skriver den britiske kringkasteren.<\/p>\n<p class=\"hyperion-css-1lemvax\">Videoen fra Department of Homeland Security viser at skipet som er p\u00e5grepet heter Centuries. <a aria-label=\"If\u00f8lge CNN\" class=\"default hyperion-css-1rezu2g\" href=\"https:\/\/edition.cnn.com\/2025\/12\/20\/politics\/venezuela-vessel-us-seize\" rel=\"noopener nofollow noreferrer\" data-test-tag=\"external-link\" target=\"_blank\">If\u00f8lge CNN<\/a> er det ikke p\u00e5 USAs sanksjonsliste. BBC opplyser at skipet seiler under Panama-flagg, og tidligere har seilt under gresk og liberisk flagg.<\/p>\n<p>Full blokade<\/p>\n<p class=\"hyperion-css-1lemvax\">I uken som gikk <a data-test-tag=\"internal-link\" href=\"https:\/\/e24.no\/internasjonal-oekonomi\/i\/6qnOe3\/trump-beordrer-blokade-av-venezuelanske-oljetankere\" class=\"hyperion-css-1rezu2g\" rel=\"nofollow noopener\" target=\"\" aria-label=\"beordret Trump full blokade\">beordret Trump full blokade<\/a> av sanksjonerte oljetankere som g\u00e5r til og fra Venezuela.<\/p>\n<p class=\"hyperion-css-1lemvax\">Venezuela \u00aber fullstendig omringet av den st\u00f8rste armadaen som noen gang er samlet i S\u00f8r-Amerikas historie\u00bb, skrev Trump i et<a aria-label=\" innlegg p\u00e5 Truth Social \" class=\"default hyperion-css-1rezu2g\" href=\"https:\/\/truthsocial.com\/@realDonaldTrump\/posts\/115731908387416458\" rel=\"noopener nofollow noreferrer\" data-test-tag=\"external-link\" target=\"_blank\"> innlegg p\u00e5 Truth Social <\/a>natt til torsdag.<\/p>\n<p class=\"hyperion-css-1lemvax\">Venezuelas leder Nicol\u00e1s Maduro har anklaget USA for \u00e5 ville stjele landets ressurser. Mye av landets olje eies av statlige Petr\u00f3leos de Venezuela, og Chevron er det eneste amerikanske firmaet som f\u00e5r bore etter olje i landet.<\/p>\n<p class=\"hyperion-css-1lemvax\">Venezuela har noen av verdens st\u00f8rste oljeressurser. Produksjonen har imidlertid falt til under \u00e9n million fat per dag, eller om lag \u00e9n prosent av global produksjon. For ti \u00e5r siden var Venezuelas oljeproduksjon p\u00e5 rundt 2,5 millioner fat per dag, if\u00f8lge <a aria-label=\"DNB Carnegie\" class=\"default hyperion-css-1rezu2g\" href=\"https:\/\/e24.no\/bors\/nyheter\/a\/302912?pinnedEntry=302912\" rel=\"noopener nofollow\" data-test-tag=\"external-link\" target=\"_blank\">DNB Carnegie<\/a>.<\/p>\n<p><img decoding=\"async\" class=\"image-asset hyperion-css-u06ts1\" data-test-tag=\"image-asset\" src=\"https:\/\/www.europesays.com\/no\/wp-content\/uploads\/2025\/12\/5c429da4-3941-408c-8ecd-768ffd222325\"  alt=\"Dette er et skjermbilde fra en video Homeland Security-sjef Kristi Noem har lagt ut p\u00e5 meldingstjenesten X, som viser hvordan USAs kystvakt border en oljetanker utenfor Venezuela.\"  loading=\"eager\" fetchpriority=\"high\" style=\"aspect-ratio:1900 \/ 1215\"\/>Dette er et skjermbilde fra en video Homeland Security-sjef Kristi Noem har lagt ut p\u00e5 meldingstjenesten X, som viser hvordan USAs kystvakt border en oljetanker utenfor Venezuela. Foto: HANDOUT \/ AFP \/ NTBBombing av b\u00e5ter<\/p>\n<p class=\"hyperion-css-1lemvax\">USA beskylder blant annet regimet i Venezuela for noe de omtaler som narkotikaterrorisme. USA har i det siste bombet en rekke b\u00e5ter som de mener frakter narkotika til USA.<\/p>\n<p class=\"hyperion-css-1lemvax\">Rundt 100 mennesker skal v\u00e6re drept i disse bombeangrepene, <a aria-label=\"if\u00f8lge BBC\" class=\"default hyperion-css-1rezu2g\" href=\"https:\/\/www.bbc.com\/news\/articles\/c4gej5ezyypo\" rel=\"noopener nofollow noreferrer\" data-test-tag=\"external-link\" target=\"_blank\">if\u00f8lge BBC<\/a>.<\/p>\n<p class=\"hyperion-css-1lemvax\">USA innf\u00f8rte finansielle sanksjoner mot Maduro og hans representanter i 2017, og mot deler av Venezuelas \u00f8konomi i 2018, if\u00f8lge <a aria-label=\"CIA World Factbook\" class=\"default hyperion-css-1rezu2g\" href=\"https:\/\/www.cia.gov\/the-world-factbook\/countries\/venezuela\/\" rel=\"noopener nofollow noreferrer\" data-test-tag=\"external-link\" target=\"_blank\">CIA World Factbook<\/a>.<\/p>\n<p class=\"hyperion-css-1lemvax\">De skriver at d\u00e5rlig styring og manglende investeringer har svekket landets energisektor, og at Venezuela har utfordringer med menneskerettighetsbrudd, mye voldskriminalitet, politisk manipulasjon av rettsstaten og valgsystemene samt korrupsjon.<\/p>\n<p>Omdiskutert fredspris til Machado<\/p>\n<p class=\"hyperion-css-1lemvax\">Den venezuelanske aktivisten Mar\u00eda Corina Machado <a aria-label=\"fikk \u00e5rets Nobels fredspris\" class=\"default hyperion-css-1rezu2g\" href=\"https:\/\/www.vg.no\/nyheter\/i\/L40mg9\/reuters-fredsprisvinneren-vil-komme-til-oslo\" rel=\"noopener nofollow noreferrer\" data-test-tag=\"external-link\" target=\"_blank\">fikk \u00e5rets Nobels fredspris<\/a> for sin kamp for <a aria-label=\"\u00aben rettferdig og fredelig overgang fra diktatur til folkestyre\u00bb\" class=\"default hyperion-css-1rezu2g\" href=\"https:\/\/www.nobelpeaceprize.org\/artikler-1\/nobels-fredspris-2025\" rel=\"noopener nofollow noreferrer\" data-test-tag=\"external-link\" target=\"_blank\">\u00aben rettferdig og fredelig overgang fra diktatur til folkestyre\u00bb<\/a>.<\/p>\n<p class=\"hyperion-css-1lemvax\">Prisen har v\u00e6rt omdiskutert, blant annet grunnet <a aria-label=\"Machados b\u00e5nd til Donald Trump\" class=\"default hyperion-css-1rezu2g\" href=\"https:\/\/www.vg.no\/nyheter\/i\/Xjxagm\/norges-fredsraad-dropper-nobels-fredspris-fakkeltoget-i-protest\" rel=\"noopener nofollow noreferrer\" data-test-tag=\"external-link\" target=\"_blank\">Machados b\u00e5nd til Donald Trump<\/a> og USA.<\/p>\n<p class=\"hyperion-css-1lemvax\">Machado var i Oslo tidligere denne m\u00e5neden, men <a aria-label=\"rakk ikke frem til selve overrekkelsen\" class=\"default hyperion-css-1rezu2g\" href=\"https:\/\/www.vg.no\/nyheter\/i\/L40mg9\/reuters-fredsprisvinneren-vil-komme-til-oslo\" rel=\"noopener nofollow noreferrer\" data-test-tag=\"external-link\" target=\"_blank\">rakk ikke frem til selve overrekkelsen<\/a> av prisen.<\/p>\n<p class=\"hyperion-css-1lemvax\">Nedenfor kan du se en video av den f\u00f8rste tankeren som ble beslaglagt tidligere denne m\u00e5neden.<\/p>\n<p><a data-test-tag=\"teaser-small:link-internal\" href=\"https:\/\/e24.no\/energi-og-klima\/i\/9pmMxE\/trump-bekrefter-har-beslaglagt-oljetanker-i-venezuela\" class=\"imagePosition-top inline hyperion-css-6238vu\" rel=\"nofollow noopener\" target=\"\" aria-label=\"Trump bekrefter: Har beslaglagt oljetanker i Venezuela\"><\/p>\n<p>Les ogs\u00e5<\/p>\n<p>Trump bekrefter: Har beslaglagt oljetanker i Venezuela<\/p>\n<p><\/a><\/p>\n","protected":false},"excerpt":{"rendered":"USAs president har varslet en blokade av Venezuela. N\u00e5 skal USA ha beslaglagt enda en oljetanker utenfor kysten&hellip;\n","protected":false},"author":2,"featured_media":118701,"comment_status":"","ping_status":"","sticky":false,"template":"","format":"standard","meta":{"footnotes":""},"categories":[5],"tags":[20,21,24,25,15,19,22,23,17,18,13,30,28,29,14,16,26,27],"class_list":{"0":"post-118700","1":"post","2":"type-post","3":"status-publish","4":"format-standard","5":"has-post-thumbnail","7":"category-overskrifter","8":"tag-breaking-news","9":"tag-breakingnews","10":"tag-featured-news","11":"tag-featurednews","12":"tag-headlines","13":"tag-hovedoppslag","14":"tag-latest-news","15":"tag-latestnews","16":"tag-main-news","17":"tag-mainnews","18":"tag-news","19":"tag-no","20":"tag-norge","21":"tag-norway","22":"tag-nyheter","23":"tag-overskrifter","24":"tag-top-stories","25":"tag-topstories"},"share_on_mastodon":{"url":"https:\/\/pubeurope.com\/@no\/115756695932735550","error":""},"_links":{"self":[{"href":"https:\/\/www.europesays.com\/no\/wp-json\/wp\/v2\/posts\/118700","targetHints":{"allow":["GET"]}}],"collection":[{"href":"https:\/\/www.europesays.com\/no\/wp-json\/wp\/v2\/posts"}],"about":[{"href":"https:\/\/www.europesays.com\/no\/wp-json\/wp\/v2\/types\/post"}],"author":[{"embeddable":true,"href":"https:\/\/www.europesays.com\/no\/wp-json\/wp\/v2\/users\/2"}],"replies":[{"embeddable":true,"href":"https:\/\/www.europesays.com\/no\/wp-json\/wp\/v2\/comments?post=118700"}],"version-history":[{"count":0,"href":"https:\/\/www.europesays.com\/no\/wp-json\/wp\/v2\/posts\/118700\/revisions"}],"wp:featuredmedia":[{"embeddable":true,"href":"https:\/\/www.europesays.com\/no\/wp-json\/wp\/v2\/media\/118701"}],"wp:attachment":[{"href":"https:\/\/www.europesays.com\/no\/wp-json\/wp\/v2\/media?parent=118700"}],"wp:term":[{"taxonomy":"category","embeddable":true,"href":"https:\/\/www.europesays.com\/no\/wp-json\/wp\/v2\/categories?post=118700"},{"taxonomy":"post_tag","embeddable":true,"href":"https:\/\/www.europesays.com\/no\/wp-json\/wp\/v2\/tags?post=118700"}],"curies":[{"name":"wp","href":"https:\/\/api.w.org\/{rel}","templated":true}]}}