{"id":118704,"date":"2025-12-21T08:55:11","date_gmt":"2025-12-21T08:55:11","guid":{"rendered":"https:\/\/www.europesays.com\/no\/118704\/"},"modified":"2025-12-21T08:55:11","modified_gmt":"2025-12-21T08:55:11","slug":"politiloggen-troms-politidistrikt-politiloggen-slo-i-forbipasserende-biler","status":"publish","type":"post","link":"https:\/\/www.europesays.com\/no\/118704\/","title":{"rendered":"Politiloggen, Troms politidistrikt | Politiloggen: Slo i forbipasserende biler"},"content":{"rendered":"\n<p>Politiet i Troms\u00f8 har bare rapportert om en hendelse i politiloggen natt til s\u00f8ndag.<\/p>\n<p>Like etter klokken tre p\u00e5 natten mottok politiet flere n\u00f8dtelefoner om en beruset og aggressiv mann p\u00e5 Vervet. Mannen skal ha sl\u00e5tt i forbipasserende biler, og utvist en skremmende atferd. Politiet rykket ut og fikk kontroll p\u00e5 personen, en mann i 60-\u00e5rene. <\/p>\n<p>Ingen biler skal ha blitt skadet. Mannen anmeldes for ordensforstyrrelse.<\/p>\n<p>Klokken 01.36 meldte politiet p\u00e5 Senja at en politipatrulje observerte to personer i basketak i Storgata. Politiet skilte partene og fikk kontroll p\u00e5 begge. Ingen er skadet. De to involverte ble bortvist fra Finnsnes sentrum, opplyser politiet.<\/p>\n<p>Politipatruljene i Harstad hadde i natt litt mer \u00e5 henge fingrene i.<\/p>\n<p>Rundt klokken ett klarte ikke en beruset gutt i ten\u00e5rene \u00e5 oppf\u00f8re seg inne p\u00e5 et utested og nektet \u00e5 forlate p\u00e5 oppfordring fra personalet.<\/p>\n<p>Politiet kom til stedet og geleidet den unge mannen ut. Han ble bortvist fra sentrum det neste d\u00f8gnet.<\/p>\n<p>Rundt 02.30 meldte politiet at de ble tilkalt til en bar i sentrum i Harstad da to menn havnet i slagsm\u00e5l. Ingen skader, annet enn en opprevet T-skjorte, opplyser politiet. <\/p>\n<p>Den mistenkte parten l\u00f8p fra stedet f\u00f8r politiet ankom, men politiet kjenner hans identitet. Begge involverte var menn i 20-\u00e5rene. <\/p>\n<p>I forbindelse med oppdraget p\u00e5 stedet bladet en mann i 20-\u00e5rene seg inn i politiets arbeid. Han ble bortvist fra sentrum for resten av natta.<\/p>\n<p>Like etter klokken fire meldte politiet i Harstad at en person var sl\u00e5tt ned utenfor et utested. Meldingen til politiet gikk ut p\u00e5 at personen var bevisstl\u00f8s. Politiet ankom stedet og fikk kontroll p\u00e5 en forn\u00e6rmet og en mistenkt. <\/p>\n<p>Forn\u00e6rmede bl\u00f8dde fra hodet og ble kj\u00f8rt til UNN med ambulanse. Forn\u00e6rmede, en mann i 50-\u00e5rene, fremsto ikke alvorlig skadet. Mistenkt er en mann i 30-\u00e5rene. Politiet sikret bevis og opprettet sak som etterforskes videre.<\/p>\n","protected":false},"excerpt":{"rendered":"Politiet i Troms\u00f8 har bare rapportert om en hendelse i politiloggen natt til s\u00f8ndag. Like etter klokken tre&hellip;\n","protected":false},"author":2,"featured_media":2176,"comment_status":"","ping_status":"","sticky":false,"template":"","format":"standard","meta":{"footnotes":""},"categories":[5],"tags":[36,20,21,24,25,15,19,22,23,17,18,13,30,28,29,14,16,14224,782,1510,26,27,1625],"class_list":{"0":"post-118704","1":"post","2":"type-post","3":"status-publish","4":"format-standard","5":"has-post-thumbnail","7":"category-overskrifter","8":"tag-art","9":"tag-breaking-news","10":"tag-breakingnews","11":"tag-featured-news","12":"tag-featurednews","13":"tag-headlines","14":"tag-hovedoppslag","15":"tag-latest-news","16":"tag-latestnews","17":"tag-main-news","18":"tag-mainnews","19":"tag-news","20":"tag-no","21":"tag-norge","22":"tag-norway","23":"tag-nyheter","24":"tag-overskrifter","25":"tag-politiet-i-tromso","26":"tag-politiloggen","27":"tag-story","28":"tag-top-stories","29":"tag-topstories","30":"tag-troms-politidistrikt"},"share_on_mastodon":{"url":"https:\/\/pubeurope.com\/@no\/115756723440634812","error":""},"_links":{"self":[{"href":"https:\/\/www.europesays.com\/no\/wp-json\/wp\/v2\/posts\/118704","targetHints":{"allow":["GET"]}}],"collection":[{"href":"https:\/\/www.europesays.com\/no\/wp-json\/wp\/v2\/posts"}],"about":[{"href":"https:\/\/www.europesays.com\/no\/wp-json\/wp\/v2\/types\/post"}],"author":[{"embeddable":true,"href":"https:\/\/www.europesays.com\/no\/wp-json\/wp\/v2\/users\/2"}],"replies":[{"embeddable":true,"href":"https:\/\/www.europesays.com\/no\/wp-json\/wp\/v2\/comments?post=118704"}],"version-history":[{"count":0,"href":"https:\/\/www.europesays.com\/no\/wp-json\/wp\/v2\/posts\/118704\/revisions"}],"wp:featuredmedia":[{"embeddable":true,"href":"https:\/\/www.europesays.com\/no\/wp-json\/wp\/v2\/media\/2176"}],"wp:attachment":[{"href":"https:\/\/www.europesays.com\/no\/wp-json\/wp\/v2\/media?parent=118704"}],"wp:term":[{"taxonomy":"category","embeddable":true,"href":"https:\/\/www.europesays.com\/no\/wp-json\/wp\/v2\/categories?post=118704"},{"taxonomy":"post_tag","embeddable":true,"href":"https:\/\/www.europesays.com\/no\/wp-json\/wp\/v2\/tags?post=118704"}],"curies":[{"name":"wp","href":"https:\/\/api.w.org\/{rel}","templated":true}]}}