{"id":118709,"date":"2025-12-21T09:01:12","date_gmt":"2025-12-21T09:01:12","guid":{"rendered":"https:\/\/www.europesays.com\/no\/118709\/"},"modified":"2025-12-21T09:01:12","modified_gmt":"2025-12-21T09:01:12","slug":"sogndal-trafikk-up-stoppa-bil-pa-kaupanger-sjafor-og-passasjerar-stakk-av","status":"publish","type":"post","link":"https:\/\/www.europesays.com\/no\/118709\/","title":{"rendered":"Sogndal, Trafikk | UP stoppa bil p\u00e5 Kaupanger \u2013 sj\u00e5f\u00f8r og passasjerar stakk av"},"content":{"rendered":"\n<p>Klokka 21.15 p\u00e5 Kaupanger stoppar patruljen fr\u00e5 Utrykningspolitiet (UP) ein bil.<\/p>\n<p>\u2013 Der stakk b\u00e5de sj\u00e5f\u00f8r og passasjerar av. Sj\u00e5f\u00f8r vart innhenta, og det viste seg at han hadde utslag p\u00e5 alkohol s\u00e5 han vart teke med til blodpr\u00f8ve, seier politioverbetjent Svein Inge Harberg ved Sogndal politistasjon. <\/p>\n<p>Den unge bilf\u00f8raren vert meldt for fleire forhold. Ikkje berre at han hadde promille, men ogs\u00e5 at han pr\u00f8vde \u00e5 stikka av ogs\u00e5. <\/p>\n<p>Meir trafikk<\/p>\n<p>Det skjedde meir i trafikken denne natta til s\u00f8ndag.<\/p>\n<p>I omr\u00e5det \u00d8lnes\/Kvam p\u00e5 fylkesveg 55 stoppa UP ein bil i 01.30-tida. Det viste seg at bilen hadde bruksforbod, og bilen vart avskilta.<\/p>\n<p>\u2013 S\u00e5 var det ein som k\u00f8yrde rundt i Sogndal sentrum kring klokka 4 i natt med h\u00f8g musikk p\u00e5 anlegget. Han fekk p\u00e5bod om \u00e5 skru ned musikken, og halda seg roleg resten av natta, fortel Harberg.<\/p>\n<p>Elles var det stille og roleg p\u00e5 politifronten denne laurdagskvelden i Indre Sogn.<\/p>\n","protected":false},"excerpt":{"rendered":"Klokka 21.15 p\u00e5 Kaupanger stoppar patruljen fr\u00e5 Utrykningspolitiet (UP) ein bil. \u2013 Der stakk b\u00e5de sj\u00e5f\u00f8r og passasjerar&hellip;\n","protected":false},"author":2,"featured_media":4378,"comment_status":"","ping_status":"","sticky":false,"template":"","format":"standard","meta":{"footnotes":""},"categories":[10],"tags":[36,20,21,24,25,15,22,23,13,30,28,29,14,16,14225,1029,1510,26,27,224],"class_list":{"0":"post-118709","1":"post","2":"type-post","3":"status-publish","4":"format-standard","5":"has-post-thumbnail","7":"category-norge","8":"tag-art","9":"tag-breaking-news","10":"tag-breakingnews","11":"tag-featured-news","12":"tag-featurednews","13":"tag-headlines","14":"tag-latest-news","15":"tag-latestnews","16":"tag-news","17":"tag-no","18":"tag-norge","19":"tag-norway","20":"tag-nyheter","21":"tag-overskrifter","22":"tag-promillekoyring","23":"tag-sogndal","24":"tag-story","25":"tag-top-stories","26":"tag-topstories","27":"tag-trafikk"},"share_on_mastodon":{"url":"https:\/\/pubeurope.com\/@no\/115756746905572942","error":""},"_links":{"self":[{"href":"https:\/\/www.europesays.com\/no\/wp-json\/wp\/v2\/posts\/118709","targetHints":{"allow":["GET"]}}],"collection":[{"href":"https:\/\/www.europesays.com\/no\/wp-json\/wp\/v2\/posts"}],"about":[{"href":"https:\/\/www.europesays.com\/no\/wp-json\/wp\/v2\/types\/post"}],"author":[{"embeddable":true,"href":"https:\/\/www.europesays.com\/no\/wp-json\/wp\/v2\/users\/2"}],"replies":[{"embeddable":true,"href":"https:\/\/www.europesays.com\/no\/wp-json\/wp\/v2\/comments?post=118709"}],"version-history":[{"count":0,"href":"https:\/\/www.europesays.com\/no\/wp-json\/wp\/v2\/posts\/118709\/revisions"}],"wp:featuredmedia":[{"embeddable":true,"href":"https:\/\/www.europesays.com\/no\/wp-json\/wp\/v2\/media\/4378"}],"wp:attachment":[{"href":"https:\/\/www.europesays.com\/no\/wp-json\/wp\/v2\/media?parent=118709"}],"wp:term":[{"taxonomy":"category","embeddable":true,"href":"https:\/\/www.europesays.com\/no\/wp-json\/wp\/v2\/categories?post=118709"},{"taxonomy":"post_tag","embeddable":true,"href":"https:\/\/www.europesays.com\/no\/wp-json\/wp\/v2\/tags?post=118709"}],"curies":[{"name":"wp","href":"https:\/\/api.w.org\/{rel}","templated":true}]}}