{"id":118712,"date":"2025-12-21T09:08:16","date_gmt":"2025-12-21T09:08:16","guid":{"rendered":"https:\/\/www.europesays.com\/no\/118712\/"},"modified":"2025-12-21T09:08:16","modified_gmt":"2025-12-21T09:08:16","slug":"olspalten-jul-ostpa-skogen-ostlendingen","status":"publish","type":"post","link":"https:\/\/www.europesays.com\/no\/118712\/","title":{"rendered":"\u00d8lspalten: Jul \u00f8stp\u00e5 skogen &#8211; \u00d8stlendingen"},"content":{"rendered":"<ol>\n<li><a href=\"https:\/\/news.google.com\/rss\/articles\/CBMid0FVX3lxTFBwWXhMcFNFM2tOSWF2Tk53RmtBdDR4WG9vdGgyRnhXejdidTBHakN5bXkzNzVQU2ktVXdhY05jZHJERUV5Ti0zWDdZRGhJZG9ERmZqbUEtdDN2WkJaMnJZay13WEFnT3Jkc3plTXA2MDZ2S2haM2FV?oc=5\" target=\"_blank\" rel=\"nofollow noopener\">\u00d8lspalten: Jul \u00f8stp\u00e5 skogen<\/a>&nbsp;&nbsp;\u00d8stlendingen<\/li>\n<li><a href=\"https:\/\/news.google.com\/rss\/articles\/CBMinwFBVV95cUxPWWZjOVhiemZGOFJmLXlOenVCOWEzX1RVNWFVSDNwMGpKS1Z3VGNlaE5Wb3lDWmYyNGpnLU92dW9YVGdSLU40eTFOZkd4d3VrbXdCU0Q4dlAyRzkwcWNPdXZEUlg4VFphdEprOVdra0pjeHAtTGQ0UHh4MzlSMExCY1Q4WmNyU2swZjhkNklpd21TcXFac3hhbHotTDZQUm8?oc=5\" target=\"_blank\" rel=\"nofollow noopener\">Har testet alle tr\u00f8nderske jule\u00f8l\u00adsorter: \u2013 Jeg hadde s\u00e5 steike l\u00f8st til \u00e5 v\u00e6re med<\/a>&nbsp;&nbsp;fosna-folket.no<\/li>\n<li><a href=\"https:\/\/news.google.com\/rss\/articles\/CBMickFVX3lxTFBjOXdob211a3BzbXc5NFJQb1Z2c1pHZW1hNWZLeXEtVnFFVU1VcmRSUXFDeWo1d0tDV280SU1BMzBRN1V2Zzh3ZGs0dTBhSWh2OFZmT2lNOEw2YnE2QmFtQUpvT3BZem1GOUVLcERuQ0ZrUQ?oc=5\" target=\"_blank\" rel=\"nofollow noopener\">Flytende knask til jul<\/a>&nbsp;&nbsp;Dagsavisen<\/li>\n<li><a href=\"https:\/\/news.google.com\/rss\/articles\/CBMiggFBVV95cUxQajc3S3NjcUNfQnRMOUlsbEVFYVQtZmJ3YWdpQkRqTTdUa09tOFVhUy1UUjRaS2dSeUZfRml2Vmg0SHotOUQydmh5a3R3QjY1ZW1lTkhWb2pOOWllY0hwYUU0V0pPSmJ0ZmtDdDVjeW1iUnA0UXlSQl9nN0xKcndXeENB?oc=5\" target=\"_blank\" rel=\"nofollow noopener\">Norge rundt, Mat og drikke | Test av jule\u00f8l 2025: Fem \u00f8l til topps!<\/a>&nbsp;&nbsp;iFinnmark<\/li>\n<li><a href=\"https:\/\/news.google.com\/rss\/articles\/CBMie0FVX3lxTFAxU1EzQWVaWlJDWjdsR2pwMEJ0eHFnMzBLQlp4RGo1VmNiSHQ1MGZ6RTdvTnpjdWxaOUxPbzlKekRMWHNGUWQ4WXRoTXB3OEh2VjhMcEFvbFJiWHJySk94b0tIRWhiZmMwR3FyQ0Nta1F2Nll5eW5Pc1R6Zw?oc=5\" target=\"_blank\" rel=\"nofollow noopener\">I jula skal \u00f8let vere svart<\/a>&nbsp;&nbsp;fjordingen.no<\/li>\n<\/ol>\n","protected":false},"excerpt":{"rendered":"\u00d8lspalten: Jul \u00f8stp\u00e5 skogen&nbsp;&nbsp;\u00d8stlendingen Har testet alle tr\u00f8nderske jule\u00f8l\u00adsorter: \u2013 Jeg hadde s\u00e5 steike l\u00f8st til \u00e5 v\u00e6re&hellip;\n","protected":false},"author":2,"featured_media":118713,"comment_status":"","ping_status":"","sticky":false,"template":"","format":"standard","meta":{"footnotes":""},"categories":[10],"tags":[20,21,24,25,15,22,23,13,30,28,29,14,16,26,27],"class_list":{"0":"post-118712","1":"post","2":"type-post","3":"status-publish","4":"format-standard","5":"has-post-thumbnail","7":"category-norge","8":"tag-breaking-news","9":"tag-breakingnews","10":"tag-featured-news","11":"tag-featurednews","12":"tag-headlines","13":"tag-latest-news","14":"tag-latestnews","15":"tag-news","16":"tag-no","17":"tag-norge","18":"tag-norway","19":"tag-nyheter","20":"tag-overskrifter","21":"tag-top-stories","22":"tag-topstories"},"share_on_mastodon":{"url":"https:\/\/pubeurope.com\/@no\/115756774380935786","error":""},"_links":{"self":[{"href":"https:\/\/www.europesays.com\/no\/wp-json\/wp\/v2\/posts\/118712","targetHints":{"allow":["GET"]}}],"collection":[{"href":"https:\/\/www.europesays.com\/no\/wp-json\/wp\/v2\/posts"}],"about":[{"href":"https:\/\/www.europesays.com\/no\/wp-json\/wp\/v2\/types\/post"}],"author":[{"embeddable":true,"href":"https:\/\/www.europesays.com\/no\/wp-json\/wp\/v2\/users\/2"}],"replies":[{"embeddable":true,"href":"https:\/\/www.europesays.com\/no\/wp-json\/wp\/v2\/comments?post=118712"}],"version-history":[{"count":0,"href":"https:\/\/www.europesays.com\/no\/wp-json\/wp\/v2\/posts\/118712\/revisions"}],"wp:featuredmedia":[{"embeddable":true,"href":"https:\/\/www.europesays.com\/no\/wp-json\/wp\/v2\/media\/118713"}],"wp:attachment":[{"href":"https:\/\/www.europesays.com\/no\/wp-json\/wp\/v2\/media?parent=118712"}],"wp:term":[{"taxonomy":"category","embeddable":true,"href":"https:\/\/www.europesays.com\/no\/wp-json\/wp\/v2\/categories?post=118712"},{"taxonomy":"post_tag","embeddable":true,"href":"https:\/\/www.europesays.com\/no\/wp-json\/wp\/v2\/tags?post=118712"}],"curies":[{"name":"wp","href":"https:\/\/api.w.org\/{rel}","templated":true}]}}