{"id":118714,"date":"2025-12-21T09:17:11","date_gmt":"2025-12-21T09:17:11","guid":{"rendered":"https:\/\/www.europesays.com\/no\/118714\/"},"modified":"2025-12-21T09:17:11","modified_gmt":"2025-12-21T09:17:11","slug":"hansi-flick-kritiserer-fifa-raphinha-fortjener-anerkjennelse","status":"publish","type":"post","link":"https:\/\/www.europesays.com\/no\/118714\/","title":{"rendered":"Hansi Flick kritiserer Fifa: Raphinha fortjener anerkjennelse"},"content":{"rendered":"<p> Det var under pressekonferansen f\u00f8r s\u00f8ndagens kamp mot Villarreal at Flick tok bladet fra munnen.\u00a0<\/p>\n<p>Uten at noen hadde spurt ham om saken, ba treneren om ordet helt p\u00e5 slutten av pressekonferansen, if\u00f8lge\u00a0<a href=\"https:\/\/www.mundodeportivo.com\/futbol\/fc-barcelona\/20251220\/1002590057\/encendida-defensa-flick-raphinha-este-once-fifa-broma.html\" target=\"_blank\" style=\"letter-spacing: 0.01em;\" rel=\"nofollow noopener\">spanske Mundo Deportivo<\/a>.<\/p>\n<p>\u2013 Jeg er ikke forn\u00f8yd fordi dere ikke spurte meg om dette. For meg er ikke dette en stor sak, for jeg tenker ikke s\u00e5 mye p\u00e5 hvem som er den beste spilleren eller det beste laget, men Fifas lag er en vits, sa Flick.<\/p>\n<p>Han var spesielt oppr\u00f8rt over at hans egen brasilianske ving, 29 \u00e5r gamle Raphinha, ikke var inkludert.<\/p>\n<p>\u2013 Da jeg s\u00e5 at Raphinha ikke var med, var det utrolig. Raphinha var spilleren med mest innflytelse p\u00e5 v\u00e5rt lag forrige sesong.<\/p>\n<p>        The Best Fifa Men\u2019s 11:<\/p>\n<ul>\n<li>\n<p>Keeper: Gianluigi Donnarumma<\/p>\n<\/li>\n<li>\n<p>Forsvar: Achraf Hakimi, Willian Pacho, Virgil van Dijk, Nuno Mendes<\/p>\n<\/li>\n<li>\n<p>Midtbane: Cole Palmer, Vitinha, Pedri, Jude Bellingham<\/p>\n<\/li>\n<li>\n<p>Angrep: Ousmane Demb\u00e9l\u00e9, Lamine Yamal<\/p>\n<\/li>\n<\/ul>\n<p>Kilde: <a href=\"https:\/\/www.fifa.com\/en\/the-best-fifa-football-awards\/2025\/articles\/mens-11-revealed-2025\" rel=\"nofollow noopener\" target=\"_blank\">fifa.com<\/a><\/p>\n<p>        <img class=\"image__img lazyload\" itemprop=\"image\" title=\"Foto: Fabrizio Carabelli\/IPA Sport \/ ipa-agency.net \/ Pa Photos \/ NTB\" alt=\"TR\u00d8ST: Hansi Flick gir Raphinha en klem etter \u00e5 ha r\u00f8ket ut av semifinalen i Champions League i v\u00e5r. Foto: Fabrizio Carabelli\/IPA Sport \/ ipa-agency.net \/ Pa Photos \/ NTB\" width=\"675\" height=\"432\" bad-src=\"https:\/\/www.europesays.com\/no\/wp-content\/uploads\/2025\/12\/18404149.webp\" fetchpriority=\"auto\" \/><\/p>\n<p>      TR\u00d8ST: Hansi Flick gir Raphinha en klem etter \u00e5 ha r\u00f8ket ut av semifinalen i Champions League i v\u00e5r.<br \/>\n         Foto: Fabrizio Carabelli\/IPA Sport \/ ipa-agency.net \/ Pa Photos \/ NTB<\/p>\n<p>Flick trekker frem spillerens prestasjoner i Champions League som bevis p\u00e5 hvor urettferdig avgj\u00f8relsen var.<\/p>\n<p>\u2013 I Champions League hadde han 22 m\u00e5lpoeng i den gjeveste turneringen. Hvis du ser p\u00e5 kampene, var m\u00e5lene og m\u00e5lgivende pasninger utrolige, men for meg var innflytelsen hans enda st\u00f8rre.<\/p>\n<p>Barcelona-treneren avsluttet sin tirade med krystallklar tale om hva han mener om Fifas avgj\u00f8relse.<\/p>\n<p>\u2013 Det er ikke rettferdig mot ham. For meg er det en vits. Jeg kan ikke forst\u00e5 at han ikke er med. Etter den sesongen fortjener han det. Jeg tror dere er enige med meg. Det er utrolig, sa Flick.<\/p>\n<p class=\"bold m-bold\" data-lab-font_weight=\"bold\"> S\u00f8ndag m\u00f8ter Barcelona Villarreal p\u00e5 bortebane. Kampen ser du p\u00e5 TV 2 Play fra klokka 16.10!<\/p>\n<p class=\"italic m-italic\" data-lab-italic=\"italic\"> Denne saken er skrevet ved hjelp av kunstig intelligens (KI) og kvalitetssikret av TV 2s journalister.\u00a0<a href=\"https:\/\/hjelp.tv2.no\/info\/artikkel\/slik-jobber-vi-med-ki-i-tv-2\" target=\"_blank\" rel=\"nofollow noopener\">Slik jobber vi med KI.<\/a> <\/p>\n","protected":false},"excerpt":{"rendered":"Det var under pressekonferansen f\u00f8r s\u00f8ndagens kamp mot Villarreal at Flick tok bladet fra munnen.\u00a0 Uten at noen&hellip;\n","protected":false},"author":2,"featured_media":118715,"comment_status":"","ping_status":"","sticky":false,"template":"","format":"standard","meta":{"footnotes":""},"categories":[59],"tags":[30,28,29,83,82],"class_list":{"0":"post-118714","1":"post","2":"type-post","3":"status-publish","4":"format-standard","5":"has-post-thumbnail","7":"category-sport","8":"tag-no","9":"tag-norge","10":"tag-norway","11":"tag-sport","12":"tag-sports"},"share_on_mastodon":{"url":"https:\/\/pubeurope.com\/@no\/115756809759671628","error":""},"_links":{"self":[{"href":"https:\/\/www.europesays.com\/no\/wp-json\/wp\/v2\/posts\/118714","targetHints":{"allow":["GET"]}}],"collection":[{"href":"https:\/\/www.europesays.com\/no\/wp-json\/wp\/v2\/posts"}],"about":[{"href":"https:\/\/www.europesays.com\/no\/wp-json\/wp\/v2\/types\/post"}],"author":[{"embeddable":true,"href":"https:\/\/www.europesays.com\/no\/wp-json\/wp\/v2\/users\/2"}],"replies":[{"embeddable":true,"href":"https:\/\/www.europesays.com\/no\/wp-json\/wp\/v2\/comments?post=118714"}],"version-history":[{"count":0,"href":"https:\/\/www.europesays.com\/no\/wp-json\/wp\/v2\/posts\/118714\/revisions"}],"wp:featuredmedia":[{"embeddable":true,"href":"https:\/\/www.europesays.com\/no\/wp-json\/wp\/v2\/media\/118715"}],"wp:attachment":[{"href":"https:\/\/www.europesays.com\/no\/wp-json\/wp\/v2\/media?parent=118714"}],"wp:term":[{"taxonomy":"category","embeddable":true,"href":"https:\/\/www.europesays.com\/no\/wp-json\/wp\/v2\/categories?post=118714"},{"taxonomy":"post_tag","embeddable":true,"href":"https:\/\/www.europesays.com\/no\/wp-json\/wp\/v2\/tags?post=118714"}],"curies":[{"name":"wp","href":"https:\/\/api.w.org\/{rel}","templated":true}]}}