{"id":118716,"date":"2025-12-21T09:21:11","date_gmt":"2025-12-21T09:21:11","guid":{"rendered":"https:\/\/www.europesays.com\/no\/118716\/"},"modified":"2025-12-21T09:21:11","modified_gmt":"2025-12-21T09:21:11","slug":"russland-nyhetsvarsel-sverige-har-bordet-russisk-fartoy","status":"publish","type":"post","link":"https:\/\/www.europesays.com\/no\/118716\/","title":{"rendered":"Russland, Nyhetsvarsel | Sverige: Har bordet russisk fart\u00f8y"},"content":{"rendered":"\n<p>Det russiske frakteskipet \u00abAdler\u00bb ble natt til s\u00f8ndag bordet av svenske tollmyndigheter, kystvakten og politiet etter \u00e5 ha ligget for anker i svensk farvann utenfor H\u00f6gan\u00e4s i Sk\u00e5ne.<\/p>\n<p>Flere svenske medier omtaler fart\u00f8yet som <a href=\"https:\/\/www.aftonbladet.se\/nyheter\/a\/ArdPRj\/tullverket-har-bordat-ryskt-fartyg-utanfor-hoganas\" rel=\"Follow nofollow noopener\" target=\"_blank\">sanksjonert<\/a> og knytter det til <a href=\"https:\/\/www.sydsvenskan.se\/skane\/tullen-har-bordat-det-ryska-sanktionsfartyget-utanfor-hoganas\/\" rel=\"Follow nofollow noopener\" target=\"_blank\">Russlands skyggefl\u00e5te<\/a>. Helsingborgs Dagblad skriver at skipet tidligere skal ha fraktet nordkoreansk ammunisjon til Russland og missiler til Kina.<\/p>\n<p>\u2013 Vi har varslet alle myndigheter, sier Marco Svensson, sjef ved Sj\u00f6fartsverkets overv\u00e5kingssentral, til avisen. Han legger til at det er uvanlig at et sanksjonert skip har ankret opp s\u00e5 n\u00e6r svenskekysten.<\/p>\n<p><a href=\"https:\/\/www.gp.se\/nyheter\/sverige\/ryskt-fartyg-med-sanktioner-har-ankrat-utanfor-skanska-kusten.574554c6-8b15-43bd-98bd-3f12f4de6fd5\" rel=\"Follow nofollow noopener\" target=\"_blank\">G\u00f6teborgs-Posten<\/a> viser til databasen OpenSanctions og knytter skipet til et rederi som har v\u00e6rt gjenstand for sanksjoner. Avisen skriver ogs\u00e5 at \u00abAdler\u00bb tidligere skal ha v\u00e6rt brukt i v\u00e5pentransport.<\/p>\n<p>   <img decoding=\"async\" width=\"1800\" height=\"1350\" fetchpriority=\"low\"  loading=\"lazy\"  src=\"https:\/\/www.europesays.com\/no\/wp-content\/uploads\/2025\/12\/Datawrapper-svensk-kystvakt-politi-og-tollvesen-har-g%C3%A5tt-om-bord-i-russisk-fart%C3%B8y-utenfor-.png\" alt=\"AKSJONERTE: Det svenske tollvesenet og kystvakten har s\u00f8ndag g\u00e5tt om bord i et russisk fart\u00f8y som har ankret opp utenfor H\u00f6gan\u00e4s.\" class=\"brick-c-cFOWSL\" style=\"--brick-image-ratio: 1800 \/ 1350;\"\/><\/p>\n<p>      AKSJONERTE: Det svenske tollvesenet og kystvakten har s\u00f8ndag g\u00e5tt om bord i et russisk fart\u00f8y som har ankret opp utenfor H\u00f6gan\u00e4s.<\/p>\n<p>If\u00f8lge <a rel=\"noopener nofollow\" href=\"https:\/\/www.sydsvenskan.se\/skane\/tullen-har-bordat-det-ryska-sanktionsfartyget-utanfor-hoganas\/\" target=\"_blank\">Sydsvenskan <\/a>eies skipet av M Leasing LLC, som skal st\u00e5 p\u00e5 sanksjonslister i USA og EU. Bakgrunnen skal v\u00e6re mistanke om at enkelte fart\u00f8y tilknyttet selskapet har fraktet nordkoreansk ammunisjon som senere er brukt i krigen i Ukraina.<\/p>\n<p>S\u00f8ndag morgen p\u00e5gikk fortsatt tollvesenets kontroll av lasten. Bordringen skal ha forl\u00f8pt rolig, opplyser pressekontakt Martin H\u00f6glund i Tullverket.<\/p>\n<p>\u2013 Besetningen er veldig hyggelige og tok imot oss der, sier han til P4 Malm\u00f6hus.<\/p>\n<p>Skipet har selv opplyst at det ankret opp p\u00e5 grunn av maskinproblemer.<\/p>\n","protected":false},"excerpt":{"rendered":"Det russiske frakteskipet \u00abAdler\u00bb ble natt til s\u00f8ndag bordet av svenske tollmyndigheter, kystvakten og politiet etter \u00e5 ha&hellip;\n","protected":false},"author":2,"featured_media":118697,"comment_status":"","ping_status":"","sticky":false,"template":"","format":"standard","meta":{"footnotes":""},"categories":[12],"tags":[20,21,24,25,15,22,23,13,30,28,29,14,16,26,27,42,43,44,45],"class_list":{"0":"post-118716","1":"post","2":"type-post","3":"status-publish","4":"format-standard","5":"has-post-thumbnail","7":"category-verden","8":"tag-breaking-news","9":"tag-breakingnews","10":"tag-featured-news","11":"tag-featurednews","12":"tag-headlines","13":"tag-latest-news","14":"tag-latestnews","15":"tag-news","16":"tag-no","17":"tag-norge","18":"tag-norway","19":"tag-nyheter","20":"tag-overskrifter","21":"tag-top-stories","22":"tag-topstories","23":"tag-verden","24":"tag-world","25":"tag-world-news","26":"tag-worldnews"},"share_on_mastodon":{"url":"https:\/\/pubeurope.com\/@no\/115756825756458575","error":""},"_links":{"self":[{"href":"https:\/\/www.europesays.com\/no\/wp-json\/wp\/v2\/posts\/118716","targetHints":{"allow":["GET"]}}],"collection":[{"href":"https:\/\/www.europesays.com\/no\/wp-json\/wp\/v2\/posts"}],"about":[{"href":"https:\/\/www.europesays.com\/no\/wp-json\/wp\/v2\/types\/post"}],"author":[{"embeddable":true,"href":"https:\/\/www.europesays.com\/no\/wp-json\/wp\/v2\/users\/2"}],"replies":[{"embeddable":true,"href":"https:\/\/www.europesays.com\/no\/wp-json\/wp\/v2\/comments?post=118716"}],"version-history":[{"count":0,"href":"https:\/\/www.europesays.com\/no\/wp-json\/wp\/v2\/posts\/118716\/revisions"}],"wp:featuredmedia":[{"embeddable":true,"href":"https:\/\/www.europesays.com\/no\/wp-json\/wp\/v2\/media\/118697"}],"wp:attachment":[{"href":"https:\/\/www.europesays.com\/no\/wp-json\/wp\/v2\/media?parent=118716"}],"wp:term":[{"taxonomy":"category","embeddable":true,"href":"https:\/\/www.europesays.com\/no\/wp-json\/wp\/v2\/categories?post=118716"},{"taxonomy":"post_tag","embeddable":true,"href":"https:\/\/www.europesays.com\/no\/wp-json\/wp\/v2\/tags?post=118716"}],"curies":[{"name":"wp","href":"https:\/\/api.w.org\/{rel}","templated":true}]}}