{"id":118717,"date":"2025-12-21T09:28:08","date_gmt":"2025-12-21T09:28:08","guid":{"rendered":"https:\/\/www.europesays.com\/no\/118717\/"},"modified":"2025-12-21T09:28:08","modified_gmt":"2025-12-21T09:28:08","slug":"det-svenske-tollverket-har-gatt-om-bord-pa-russisk-fartoy","status":"publish","type":"post","link":"https:\/\/www.europesays.com\/no\/118717\/","title":{"rendered":"Det svenske tollverket har g\u00e5tt om bord p\u00e5 russisk fart\u00f8y"},"content":{"rendered":"<p class=\"extendedContent hyperion-css-eyn926\" data-test-tag=\"lead-text\">Et russisk, sanksjonert fart\u00f8y som p\u00e5 l\u00f8rdag ankret opp utenfor H\u00f6gan\u00e4s, s\u00f8rvest i Sverige, har n\u00e5 blitt bordet av svenske myndigheter og politiet.<\/p>\n<p class=\"paywall hyperion-css-1j42uic\">\u2013 N\u00e5r et fart\u00f8y kommer inn slik i svensk farvann har vi rett til \u00e5 kontrollere hva de har ombord, de har jo ikke gitt noen tolldeklarasjon, sier Martin H\u00f6glund ved det svenske tollvesenet til <a aria-label=\"Expressen\" class=\"breaking-short hyperion-css-1raymq9\" href=\"https:\/\/www.expressen.se\/nyheter\/sverige\/tullverket-och-kustbevakningen--har-bordat-ryska-fartyget\/\" target=\"_blank\" rel=\"noopener nofollow noreferrer\" data-test-tag=\"external-link\">Expressen<\/a>. <\/p>\n<p class=\"paywall hyperion-css-1j42uic\">Tollagenter gikk om bord i skipet \u00abAdler\u00bb i l\u00f8pet av natten med politi til stede. Alt gikk rolig for seg, if\u00f8lge pressekontakt H\u00f6glund.<\/p>\n<p class=\"paywall hyperion-css-1j42uic\">If\u00f8lge det russiske fart\u00f8yet, opplever de maskinproblemer og har derfor har ankret opp i svensk farvann. <a aria-label=\"MarineTrafic\" class=\"breaking-short hyperion-css-1raymq9\" href=\"https:\/\/www.marinetraffic.com\/en\/ais\/details\/ships\/shipid:755978\" target=\"_blank\" rel=\"noopener nofollow noreferrer\" data-test-tag=\"external-link\">MarineTrafic<\/a> viser at lasteskipet ligger ankret opp utenfor H\u00f6gan\u00e4s<\/p>\n<p>Sanksjonert<\/p>\n<p class=\"paywall hyperion-css-1j42uic\">Rederiet som eier skipet, M Leasing LLC, har sanksjoner rettet mot seg av USA og EU fordi enkelte av dets fart\u00f8y skal ha transportert nordkoreansk ammunisjon anvendt i Ukraina-krigen.<\/p>\n<p class=\"paywall hyperion-css-1j42uic\">Skipet \u00abAdler\u00bb er selv p\u00e5 sanksjonslister i USA og Ukraina, viser informasjon fra <a aria-label=\"OpenSanctions\" class=\"breaking-short hyperion-css-1raymq9\" href=\"https:\/\/www.opensanctions.org\/entities\/NK-d8g6ScMF8FvH2vRiAwL76y\/\" target=\"_blank\" rel=\"noopener nofollow noreferrer\" data-test-tag=\"external-link\">OpenSanctions<\/a>.<\/p>\n<p class=\"paywall hyperion-css-1j42uic\">Det anklages for \u00e5 transportere ammunisjon som anvendes i Russlands krig mot Ukraina, if\u00f8lge Expressen. Ogs\u00e5 avisen <a aria-label=\"Sydsvenskan\" class=\"breaking-short hyperion-css-1raymq9\" href=\"https:\/\/www.sydsvenskan.se\/skane\/tullen-har-bordat-det-ryska-sanktionsfartyget-utanfor-hoganas\/\" target=\"_blank\" rel=\"noopener nofollow noreferrer\" data-test-tag=\"external-link\">Sydsvenskan<\/a> rapporterer at fart\u00f8yet har koblinger til russisk milit\u00e6rvesen.<\/p>\n<p class=\"paywall hyperion-css-1j42uic\">\u2013 Tollkontrollen er ikke avsluttet, s\u00e5 jeg kan ikke si hva den har resultert i, sier H\u00f6glund.<\/p>\n<p class=\"paywall hyperion-css-1j42uic\">Skipet forlot St. Petersburg i Russland 15. desember. Destinasjonen er ukjent. <\/p>\n<p class=\"paywall hyperion-css-1j42uic\">Saken oppdateres. <\/p>\n","protected":false},"excerpt":{"rendered":"Et russisk, sanksjonert fart\u00f8y som p\u00e5 l\u00f8rdag ankret opp utenfor H\u00f6gan\u00e4s, s\u00f8rvest i Sverige, har n\u00e5 blitt bordet&hellip;\n","protected":false},"author":2,"featured_media":914,"comment_status":"","ping_status":"","sticky":false,"template":"","format":"standard","meta":{"footnotes":""},"categories":[12],"tags":[20,21,24,25,15,22,23,13,30,28,29,14,16,26,27,42,43,44,45],"class_list":{"0":"post-118717","1":"post","2":"type-post","3":"status-publish","4":"format-standard","5":"has-post-thumbnail","7":"category-verden","8":"tag-breaking-news","9":"tag-breakingnews","10":"tag-featured-news","11":"tag-featurednews","12":"tag-headlines","13":"tag-latest-news","14":"tag-latestnews","15":"tag-news","16":"tag-no","17":"tag-norge","18":"tag-norway","19":"tag-nyheter","20":"tag-overskrifter","21":"tag-top-stories","22":"tag-topstories","23":"tag-verden","24":"tag-world","25":"tag-world-news","26":"tag-worldnews"},"share_on_mastodon":{"url":"https:\/\/pubeurope.com\/@no\/115756853050259718","error":""},"_links":{"self":[{"href":"https:\/\/www.europesays.com\/no\/wp-json\/wp\/v2\/posts\/118717","targetHints":{"allow":["GET"]}}],"collection":[{"href":"https:\/\/www.europesays.com\/no\/wp-json\/wp\/v2\/posts"}],"about":[{"href":"https:\/\/www.europesays.com\/no\/wp-json\/wp\/v2\/types\/post"}],"author":[{"embeddable":true,"href":"https:\/\/www.europesays.com\/no\/wp-json\/wp\/v2\/users\/2"}],"replies":[{"embeddable":true,"href":"https:\/\/www.europesays.com\/no\/wp-json\/wp\/v2\/comments?post=118717"}],"version-history":[{"count":0,"href":"https:\/\/www.europesays.com\/no\/wp-json\/wp\/v2\/posts\/118717\/revisions"}],"wp:featuredmedia":[{"embeddable":true,"href":"https:\/\/www.europesays.com\/no\/wp-json\/wp\/v2\/media\/914"}],"wp:attachment":[{"href":"https:\/\/www.europesays.com\/no\/wp-json\/wp\/v2\/media?parent=118717"}],"wp:term":[{"taxonomy":"category","embeddable":true,"href":"https:\/\/www.europesays.com\/no\/wp-json\/wp\/v2\/categories?post=118717"},{"taxonomy":"post_tag","embeddable":true,"href":"https:\/\/www.europesays.com\/no\/wp-json\/wp\/v2\/tags?post=118717"}],"curies":[{"name":"wp","href":"https:\/\/api.w.org\/{rel}","templated":true}]}}