{"id":118718,"date":"2025-12-21T09:32:31","date_gmt":"2025-12-21T09:32:31","guid":{"rendered":"https:\/\/www.europesays.com\/no\/118718\/"},"modified":"2025-12-21T09:32:31","modified_gmt":"2025-12-21T09:32:31","slug":"noen-ord-fra-den-tause-pausefisken-2","status":"publish","type":"post","link":"https:\/\/www.europesays.com\/no\/118718\/","title":{"rendered":"Noen ord fra den tause pausefisken"},"content":{"rendered":"<p><strong>Det har den<\/strong> siste tiden v\u00e6rt rettet kritikk mot NRKs musikktilbud, den mest fargerike fra Egon Holstad. N\u00e5 har vi egentlig ikke behov for \u00e5 sende ut flere sjefer for \u00e5 gjenta det samme budskapet vi\u00a0faktisk\u00a0er enige om. Men, det er klart, n\u00e5r man blir kalt <a href=\"https:\/\/www.itromso.no\/meninger\/i\/QJlGr8\/nrk-skjoenner-ikke-kritikken-av-nrk?fbclid=IwY2xjawOzfsZleHRuA2FlbQIxMQBzcnRjBmFwcF9pZBAyMjIwMzkxNzg4MjAwODkyAAEe2k2knEj7j3Ku7-WPpYkepmpxUkEdcdA--mdfsKPz4g-Sm8mTOlBYoYeK5ZE_aem_KbCBFUsxtAL5PyKNvh29rQ\" rel=\"noopener nofollow\" target=\"_blank\">\u00abtaus pausefisk\u00bb, <\/a>og p\u00e5standene som serveres har et friskt forhold til fakta, lar jeg meg friste til \u00e5 plukke opp hansken.<\/p>\n<p><strong>\u00c5 f\u00e5 kritikk <\/strong>for \u00e5 gj\u00f8re en d\u00e5rligere jobb for musikken n\u00e5r vi endrer fordi vi mener vi m\u00e5 gj\u00f8re en mye\u00a0bedre\u00a0jobb er kjedelig. At vi ikke snur tvert, betyr ikke at vi ikke tar selvkritikk. Vi gj\u00f8r det, vi diskuterer, revurderer, snakker med folk og snakker med bransjen. Men \u00e5 lytte er ikke det samme som \u00e5 v\u00e6re enig.\u00a0<strong>Det som virkelig ville v\u00e6rt kritikkverdig, er om vi hadde sittet stille og sett b\u00e5de lyttertallene og lyttetiden g\u00e5 nedover og ikke gjort noen verdens ting<\/strong>. De siste tre \u00e5rene g\u00e5r lyttertallene til P13 nedover for alle aldersgrupper, bortsett fra 67+. De siste fem \u00e5rene har tiden en lytter har lyttet til NRKs musikk-kanaler g\u00e5tt fra 72 minutter daglig til 57 minutter.<\/p>\n<p><strong>Egon Holstads f\u00f8rste kommentar fra 22. november:<\/strong><\/p>\n<p><a href=\"https:\/\/www.itromso.no\/meninger\/i\/xmx648\/nrks-aktive-doedshjelp-til-forfallet\" rel=\"nofollow noopener\" target=\"_blank\"> <img decoding=\"async\" src=\"data:image\/gif;base64,R0lGODlhEAAJAIAAAP\/\/\/wAAACH5BAEAAAAALAAAAAAQAAkAAAIKhI+py+0Po5yUFQA7\" alt=\"\"\/>   NRKs aktive d\u00f8dshjelp til forfallet  <\/a> <\/p>\n<p><strong>Str\u00f8mmegiganter har endret<\/strong> hvordan vi lytter til musikk. Podkast har endret hvordan vi lytter til radio. En radiokanal fungerer ikke lenger som den gjorde, der lytterne tuner seg inn til et klokkeslett n\u00e5r favorittprogrammet g\u00e5r. Man velger en kanal og dens totale tilbud og identitet. Der lytterne f\u00f8r h\u00f8rte p\u00e5 en, kanskje to kanaler, h\u00f8rer man i dag p\u00e5 fire. Det som fanger og engasjerer lytterne i dag, krever andre former. Det er ingen motsetning mellom fornyelse og det \u00e5 bruke den enorme musikk-kompetansen som finnes i NRK.\u00a0Vi tar innover oss at folk ikke f\u00f8ler seg inkludert og jobber videre med \u00e5 f\u00e5 til det bedre.\u00a0Formidlingsgleden og kunnskapen hos v\u00e5re kollegaer er v\u00e5r st\u00f8rste styrke.<\/p>\n<p><strong>\u00c5 lese anklager <\/strong>om markedsrettet kommersialisme samtidig som P3musikk \u2013 kanalen med nytt navn, men samme oppdrag og ambisjoner som f\u00f8r \u2013 satser s\u00e5pass tungt p\u00e5 et rikere musikkmangfold, er underlig. Hver dag f\u00e5r du i\u00a0Ur\u00f8rt\u00a0to timer med fersk, norsk musikk fra nye talenter, mange program fortsetter, noen utvides. Kanalen dykker ned i, diskuterer og l\u00f8fter mange musikksjangere og artister. I l\u00f8pet av en dag spiller vi n\u00e5 en langt st\u00f8rre variasjon av l\u00e5ter enn vi gjorde for ett \u00e5r siden. I februar kommer en ny, stor daglig satsing p\u00e5 livemusikk. Vi har hatt og skal ha mange timer i strekk, hele dager som fordyper seg i musikalske temaer og artister.\u00a0<strong>Vi vil at musikken virkelig skal f\u00e5 armslag og plass og tilrettelegger for at mindre akt\u00f8rer, artister og band, s\u00e5 vel som etablerte, skal f\u00e5 mer mulighet til \u00e5 vise seg fram og bli oppdaget.<\/strong><\/p>\n<p><strong>NRK P1 har <\/strong>aldri spilt s\u00e5 mye norsk musikk som n\u00e5. I nesten hele \u00e5r har vi hatt 100prosent norsk musikk p\u00e5 A \u2013 B og C-listene, og distriktssendingene spiller lokal musikk man ikke h\u00f8rer andre steder. Ingen andre kommersielle akt\u00f8rer gj\u00f8r det. At det attp\u00e5til viser seg at det er popul\u00e6rt hos lytterne, at NRK samler s\u00e5 mange lyttere rundt den norske musikken, synes jeg er pussig om skal v\u00e6re negativt.<\/p>\n<p><strong>Egon Holstads andre kommentar fra 17. desember:<\/strong><\/p>\n<p><a href=\"https:\/\/www.itromso.no\/meninger\/i\/QJlGr8\/nrk-skjoenner-ikke-kritikken-av-nrk\" rel=\"nofollow noopener\" target=\"_blank\"> <img decoding=\"async\" src=\"data:image\/gif;base64,R0lGODlhEAAJAIAAAP\/\/\/wAAACH5BAEAAAAALAAAAAAQAAkAAAIKhI+py+0Po5yUFQA7\" alt=\"\"\/>   NRK skj\u00f8nner ikke kritikken av NRK  <\/a> <\/p>\n<p><strong>P3 Musikk er en<\/strong> kanal for musikkinteresserte i\u00a0alle\u00a0aldre. Da m\u00e5 ogs\u00e5 musikkinteresserte i\u00a0alle\u00a0aldre bli\u00a0inkludert.\u00a0<strong>I dag gj\u00f8r vi en skikkelig god jobb for voksne med h\u00f8y utdanning i storbyene. Hvis vi fortsetter \u00e5\u00a0bare\u00a0<\/strong>gj\u00f8re det, er vi ikke lenger en allmennkringkaster for alle. Det er ikke bra for verken musikken, NRK eller samfunnet.\u00a0Vi m\u00e5 ogs\u00e5 bry oss om dem som ikke skriver kronikker, eller har en plass i offentligheten, som i stedet flykter til globale tech-giganter der den norske stemmen og musikken knapt er h\u00f8rbar. Det er ingen der som har som oppgave \u00e5 l\u00f8fte fram norsk musikk. Ja, vi f\u00e5r penger for \u00e5 gj\u00f8re det andre ikke gj\u00f8r, men vi m\u00e5 jo ogs\u00e5 gj\u00f8re det bra. Det er ikke en unnskyldning for \u00e5 ikke gj\u00f8re en god jobb, pr\u00f8ve hardt nok eller ikke endre oss n\u00e5r vi ikke lenger begeistrer med det innholdet ingen andre lager. Da er det p\u00e5 tide \u00e5 pr\u00f8ve noe nytt.\u00a0Jeg opplever at det NRK \u00f8nsker og har ambisjoner om \u00e5 f\u00e5 til med musikktilbudet, sammenfaller med det kritikken etterlyser, og h\u00e5per og tror vi kan fortsette \u00e5 ha samtaler om hvordan vi f\u00e5r det til\u00a0sammen.<\/p>\n<p><strong>En gang var P3, P13 og Lydverket \u00abdet nye\u00bb. Dagens generasjon og fremtidens nye program fortjener den samme plassen til \u00e5 vekke, forme og utvikle sin musikklidenskap.<\/strong><\/p>\n","protected":false},"excerpt":{"rendered":"Det har den siste tiden v\u00e6rt rettet kritikk mot NRKs musikktilbud, den mest fargerike fra Egon Holstad. N\u00e5&hellip;\n","protected":false},"author":2,"featured_media":118719,"comment_status":"","ping_status":"","sticky":false,"template":"","format":"standard","meta":{"footnotes":""},"categories":[58],"tags":[2799,71,1857,221,30,28,29,787,72],"class_list":{"0":"post-118718","1":"post","2":"type-post","3":"status-publish","4":"format-standard","5":"has-post-thumbnail","7":"category-underholdning","8":"tag-egon-holstad","9":"tag-entertainment","10":"tag-kritikk","11":"tag-musikk","12":"tag-no","13":"tag-norge","14":"tag-norway","15":"tag-nrk","16":"tag-underholdning"},"share_on_mastodon":{"url":"https:\/\/pubeurope.com\/@no\/115756868775924619","error":""},"_links":{"self":[{"href":"https:\/\/www.europesays.com\/no\/wp-json\/wp\/v2\/posts\/118718","targetHints":{"allow":["GET"]}}],"collection":[{"href":"https:\/\/www.europesays.com\/no\/wp-json\/wp\/v2\/posts"}],"about":[{"href":"https:\/\/www.europesays.com\/no\/wp-json\/wp\/v2\/types\/post"}],"author":[{"embeddable":true,"href":"https:\/\/www.europesays.com\/no\/wp-json\/wp\/v2\/users\/2"}],"replies":[{"embeddable":true,"href":"https:\/\/www.europesays.com\/no\/wp-json\/wp\/v2\/comments?post=118718"}],"version-history":[{"count":0,"href":"https:\/\/www.europesays.com\/no\/wp-json\/wp\/v2\/posts\/118718\/revisions"}],"wp:featuredmedia":[{"embeddable":true,"href":"https:\/\/www.europesays.com\/no\/wp-json\/wp\/v2\/media\/118719"}],"wp:attachment":[{"href":"https:\/\/www.europesays.com\/no\/wp-json\/wp\/v2\/media?parent=118718"}],"wp:term":[{"taxonomy":"category","embeddable":true,"href":"https:\/\/www.europesays.com\/no\/wp-json\/wp\/v2\/categories?post=118718"},{"taxonomy":"post_tag","embeddable":true,"href":"https:\/\/www.europesays.com\/no\/wp-json\/wp\/v2\/tags?post=118718"}],"curies":[{"name":"wp","href":"https:\/\/api.w.org\/{rel}","templated":true}]}}