{"id":118720,"date":"2025-12-21T09:35:09","date_gmt":"2025-12-21T09:35:09","guid":{"rendered":"https:\/\/www.europesays.com\/no\/118720\/"},"modified":"2025-12-21T09:35:09","modified_gmt":"2025-12-21T09:35:09","slug":"hendelser-helse-dette-sokte-vi-pa-i-2025-avisa-nordland","status":"publish","type":"post","link":"https:\/\/www.europesays.com\/no\/118720\/","title":{"rendered":"Hendelser, Helse | Dette s\u00f8kte vi p\u00e5 i 2025 &#8211; Avisa Nordland"},"content":{"rendered":"<ol>\n<li><a href=\"https:\/\/news.google.com\/rss\/articles\/CBMiZ0FVX3lxTE5LQTI2SHBRRGJQdHpJRFB6MzJkOVV6SmdSUlNTTjRyWnhKQW13NzhydDZEUUZiNUhtTXE4RWNOemswTnRmdUxwR0FTbFNOeWpvTVVtdUVuNFRLSkZndGRVSjB3SUVSZG8?oc=5\" target=\"_blank\" rel=\"nofollow noopener\">Hendelser, Helse | Dette s\u00f8kte vi p\u00e5 i 2025<\/a>&nbsp;&nbsp;Avisa Nordland<\/li>\n<li><a href=\"https:\/\/news.google.com\/rss\/articles\/CBMikAFBVV95cUxQZHhIaXNBdFZmWENUbFdlVEtBYzBzNGdlQjgteF9rTWMyYlE0ZVJzbjNhbzhqeWtQZGlPSnJYQnJSSnhrWm54SlJVUlJZd0h3ZE5zX3VnY2twNTJtNzZMR3N6NWxRNDhadU84RFdrQ3M4U2JxRlVhSUo2amxpYzJNMk1PbGZpZ3BHT0tjNDFsNVA?oc=5\" target=\"_blank\" rel=\"nofollow noopener\">Klegg og krig: Dette er p\u00e5 \u00e5rets leksikon-toppliste<\/a>&nbsp;&nbsp;TV2.no<\/li>\n<li><a href=\"https:\/\/news.google.com\/rss\/articles\/CBMisAFBVV95cUxQSTNaYkhSa1lmVkNXQnpHVzZodUxPQXdWa2d0Zk5lOEZvNWJhNGVpWEN0eGd1Q2ZhSUlqcFJfLW1Od0ZNZ2NRSnNTU1lHZkU2VVFLaG1wTVNyMlBtSm03bjhRV2lWeHY5X1VCaWVKcHRJbXJ1VGRaNDV6WkxocWRnZ3U3cGpTZlhJOVF3MFZ3SDhuTlMzTEIyRG4xWTBad3lCVy1LQnJnWDU5WTA4NUJSeQ?oc=5\" target=\"_blank\" rel=\"nofollow noopener\">Hun har skrevet den mest lest saken p\u00e5 Store norske leksikon i 2025<\/a>&nbsp;&nbsp;Khrono<\/li>\n<li><a href=\"https:\/\/news.google.com\/rss\/articles\/CBMipwFBVV95cUxOLTBtRGM4TDd1cUVsRGcyNFdQWUJOVm43cl9yZXduRFpZOW9uTHBQUGZwekx6a0I0SWZZUkM0dTdaMVRKRGw4MG1ndFpSNHplcWYyajdYV3htc0M3MzZXX210WFUydGw4NHRleFhVYTRtU3dyZGdQZ0RWMDFkaWkyck9XMGRQc2dURkFCV2kzcDNCN3R1OFlseU1iNGlGSHY0YzJ4cXZyMA?oc=5\" target=\"_blank\" rel=\"nofollow noopener\">Gaza og Gr\u00f8nland \u2013 men ogs\u00e5 klegg \u2013 mest lest i leksikon<\/a>&nbsp;&nbsp;adressa.no<\/li>\n<li><a href=\"https:\/\/news.google.com\/rss\/articles\/CBMixAFBVV95cUxPeDVIVm9wZUVtbjZKNFZxOVFMdUFFZDgtU3htZXExMjFsTmtXdG5LelA2SzQyYkNYTkc2Y25fZ21CdDkxUV9RSEJXUy1IVnA2SmZ4cFlXQ3YtYXEzTTZ3b1FmbHoyZWFRTlpCdXRiZkQ0VFpUd0ZrX045cnFJVUdIUUpRRndtbENKcFBUS1FOa2N6T2Riby0yY0w3WnVfZU1yVVJ4YkFyVl9pOWJ2Y0RoYmdySTZNb1M1QmI3ZC1pNWtaWnNF?oc=5\" target=\"_blank\" rel=\"nofollow noopener\">Hva slo vi opp i Store norske leksikon i 2025?<\/a>&nbsp;&nbsp;NTB Kommunikasjon<\/li>\n<\/ol>\n","protected":false},"excerpt":{"rendered":"Hendelser, Helse | Dette s\u00f8kte vi p\u00e5 i 2025&nbsp;&nbsp;Avisa Nordland Klegg og krig: Dette er p\u00e5 \u00e5rets leksikon-toppliste&nbsp;&nbsp;TV2.no&hellip;\n","protected":false},"author":2,"featured_media":4285,"comment_status":"","ping_status":"","sticky":false,"template":"","format":"standard","meta":{"footnotes":""},"categories":[12],"tags":[20,21,24,25,15,22,23,13,30,28,29,14,16,26,27,42,43,44,45],"class_list":{"0":"post-118720","1":"post","2":"type-post","3":"status-publish","4":"format-standard","5":"has-post-thumbnail","7":"category-verden","8":"tag-breaking-news","9":"tag-breakingnews","10":"tag-featured-news","11":"tag-featurednews","12":"tag-headlines","13":"tag-latest-news","14":"tag-latestnews","15":"tag-news","16":"tag-no","17":"tag-norge","18":"tag-norway","19":"tag-nyheter","20":"tag-overskrifter","21":"tag-top-stories","22":"tag-topstories","23":"tag-verden","24":"tag-world","25":"tag-world-news","26":"tag-worldnews"},"share_on_mastodon":{"url":"https:\/\/pubeurope.com\/@no\/115756880536105894","error":""},"_links":{"self":[{"href":"https:\/\/www.europesays.com\/no\/wp-json\/wp\/v2\/posts\/118720","targetHints":{"allow":["GET"]}}],"collection":[{"href":"https:\/\/www.europesays.com\/no\/wp-json\/wp\/v2\/posts"}],"about":[{"href":"https:\/\/www.europesays.com\/no\/wp-json\/wp\/v2\/types\/post"}],"author":[{"embeddable":true,"href":"https:\/\/www.europesays.com\/no\/wp-json\/wp\/v2\/users\/2"}],"replies":[{"embeddable":true,"href":"https:\/\/www.europesays.com\/no\/wp-json\/wp\/v2\/comments?post=118720"}],"version-history":[{"count":0,"href":"https:\/\/www.europesays.com\/no\/wp-json\/wp\/v2\/posts\/118720\/revisions"}],"wp:featuredmedia":[{"embeddable":true,"href":"https:\/\/www.europesays.com\/no\/wp-json\/wp\/v2\/media\/4285"}],"wp:attachment":[{"href":"https:\/\/www.europesays.com\/no\/wp-json\/wp\/v2\/media?parent=118720"}],"wp:term":[{"taxonomy":"category","embeddable":true,"href":"https:\/\/www.europesays.com\/no\/wp-json\/wp\/v2\/categories?post=118720"},{"taxonomy":"post_tag","embeddable":true,"href":"https:\/\/www.europesays.com\/no\/wp-json\/wp\/v2\/tags?post=118720"}],"curies":[{"name":"wp","href":"https:\/\/api.w.org\/{rel}","templated":true}]}}