{"id":118727,"date":"2025-12-21T09:45:11","date_gmt":"2025-12-21T09:45:11","guid":{"rendered":"https:\/\/www.europesays.com\/no\/118727\/"},"modified":"2025-12-21T09:45:11","modified_gmt":"2025-12-21T09:45:11","slug":"god-jul-men-dette-er-ikke-bra-nok","status":"publish","type":"post","link":"https:\/\/www.europesays.com\/no\/118727\/","title":{"rendered":"\u2013 \u00abGod jul\u00bb, men dette er ikke bra nok"},"content":{"rendered":"\n<p class=\"_lead_o9xde_2 _lead_xtcu6_50 layout-component text-serif-m layout-normal text-serif-l layout-component layout-wide layout-padded _wide_17hqh_1 layout-padded\">Manchester City-sjef Pep Guardiola (54) er forn\u00f8yd med lagets plasseringer, men:<\/p>\n<p><img alt=\"KLAR BESKJED: Pep Guardiola sammen med Erling Braut Haaland etter l\u00f8rdagens seier over West Ham. Til venstre Savinho, til h\u00f8yre Divine Mukasa. Foto: Martin Rickett \/ Pa Photos \/ NTB\" class=\"_image_qp4xg_65 layout-component layout-wide\" data-fullscreen- data-track-element-type=\"Article image fullscreen\" data-track-name=\"ImageFullscreen\" fetchpriority=\"high\" decoding=\"sync\" loading=\"eager\" height=\"1494\" itemprop=\"image\"  src=\"https:\/\/www.europesays.com\/no\/wp-content\/uploads\/2025\/12\/7606b376-b38d-48c4-b058-199fbf633646\"  style=\"object-position:0% 0%\" width=\"2383\"\/>KLAR BESKJED: Pep Guardiola sammen med Erling Braut Haaland etter l\u00f8rdagens seier over West Ham. Til venstre Savinho, til h\u00f8yre Divine Mukasa. Foto: Martin Rickett \/ Pa Photos \/ NTB<\/p>\n<ul aria-hidden=\"true\" class=\"_images_ntbth_112\">\n<li><a class=\"_link_ntbth_117\" href=\"https:\/\/www.vg.no\/forfatter\/jens-friberg\" style=\"z-index:1\" title=\"Jens Friberg\" rel=\"nofollow noopener\" target=\"_blank\"><img alt=\"Bilde av Jens Friberg\" class=\"_image_ntbth_93\" fetchpriority=\"low\" loading=\"lazy\" decoding=\"async\" itemprop=\"image\"  src=\"https:\/\/www.europesays.com\/no\/wp-content\/uploads\/2025\/12\/1766310311_316_d5a4433c-4b68-4c86-a3bf-a19d98457272\"  width=\"480\"\/><\/a><\/li>\n<\/ul>\n<p> Oppdatert s\u00f8ndag 21. desember kl. 10:24    <\/p>\n<ul class=\"_list_o9xde_3 _list_64s2r_85 _unordered_o9xde_106 text-sans-m\">\n<li class=\"_item_o9xde_30\">Pep Guardiola er forn\u00f8yd med plasseringene, men mener laget m\u00e5 forbedre spillet med ballen.<\/li>\n<li class=\"_item_o9xde_30\">Manchester City er p\u00e5 fjerdeplass i Champions League, semifinale i ligacupen og to poeng bak Arsenal i Premier League.<\/li>\n<li class=\"_item_o9xde_30\">Erling Braut Haaland sier laget har stort forbedringspotensial.<\/li>\n<\/ul>\n<p>Vis mer <\/p>\n<p class=\"_paragraph_o9xde_4 _paragraph_xtcu6_10 layout-component text-serif-m layout-normal text-serif-m layout-padded\">\u2013 Med ballen er vi langt, langt unna det vi m\u00e5 gj\u00f8re. <\/p>\n<p class=\"_paragraph_o9xde_4 _paragraph_xtcu6_10 layout-component text-serif-m layout-normal text-serif-m layout-padded\">Han er forn\u00f8yd med tingenes tilstand: Fjerdeplass i Champions League, semifinale i ligacupen og to poeng bak serieleder Arsenal i <a href=\"https:\/\/www.vg.no\/tag\/premier-league?utm_source=vg-article&amp;utm_medium=auto-tagger&amp;utm_campaign=rrAEKl\" class=\"_link_o9xde_39\" rel=\"nofollow noopener\" target=\"_blank\">Premier League<\/a>.<\/p>\n<p class=\"_paragraph_o9xde_4 _paragraph_xtcu6_10 layout-component text-serif-m layout-normal text-serif-m layout-padded\">Likevel er vi bare i desember. Guardiolas evige mantra er at titlene vinnes i mars, april og mai. De kan imidlertid tapes f\u00f8r jul.<\/p>\n<p class=\"_paragraph_o9xde_4 _paragraph_xtcu6_10 layout-component text-serif-m layout-normal text-serif-m layout-padded\">\u2013 M\u00e5ten vi skal angripe p\u00e5, avhenger av hvordan lagene forsvarer seg. Vi m\u00e5 v\u00e6re p\u00e5 rett plass, i de rette posisjonene, for \u00e5 f\u00e5 mer flyt i angrepet. Der er vi ikke.<\/p>\n<p class=\"_paragraph_o9xde_4 _paragraph_xtcu6_10 layout-component text-serif-m layout-normal text-serif-m layout-padded\">\u2013 Vi er n\u00f8dt til \u00e5 forbedre m\u00e5ten vi bruker ballen p\u00e5. Hvis ikke er vi ikke blant kandidatene n\u00e5r vi kommer til mars, april og mai.<\/p>\n<ul class=\"_list_o9xde_3 _list_xtcu6_9 _unordered_o9xde_106 layout-component text-serif-m layout-normal text-serif-m layout-padded\">\n<li class=\"_item_o9xde_30\">Se scoringene som sikret seieren over West Ham:<\/li>\n<\/ul>\n<p class=\"_paragraph_o9xde_4 _paragraph_xtcu6_10 layout-component text-serif-m layout-normal text-serif-m layout-padded\">Guardiola blir spurt om han i sommer hadde ventet \u00e5 v\u00e6re i denne posisjonen ved n\u00e6rmest halvspilt sesong.<\/p>\n<p class=\"_paragraph_o9xde_4 _paragraph_xtcu6_10 layout-component text-serif-m layout-normal text-serif-m layout-padded\">\u2013 Jeg ser aldri s\u00e5 langt frem i tid. Det er som om du sier hva som kommer til \u00e5 skje i mars og april. Jeg kunne ikke brydd meg mindre. Det eneste jeg tenker p\u00e5 n\u00e5r jeg st\u00e5r opp om morgenen, er hvordan laget spiller og hva vi kan forbedre.<\/p>\n<p class=\"_paragraph_o9xde_4 _paragraph_xtcu6_10 layout-component text-serif-m layout-normal text-serif-m layout-padded\">\u2013 Det er derfor jeg fortsatt sitter her og forteller om mine tanker om kampene vi spiller.<\/p>\n<p class=\"_paragraph_o9xde_4 _paragraph_xtcu6_10 layout-component text-serif-m layout-normal text-serif-m layout-padded\">Hans City-lag er inne i et stort generasjonsskifte. En lang rekke nye spillere har ankommet det siste \u00e5ret, stammen av de historiske mesterne er langt p\u00e5 vei skiftet ut.<\/p>\n<p class=\"_paragraph_o9xde_4 _paragraph_xtcu6_10 layout-component text-serif-m layout-normal text-serif-m layout-padded\"><strong class=\"_strong_o9xde_25\">\u2013 Jeg er \u00e6rlig med meg selv. Jeg sa til spillerne at jeg er forn\u00f8yd, og \u00abgod jul, men dette er ikke bra nok\u00bb.<\/strong><\/p>\n<p class=\"_paragraph_o9xde_4 _paragraph_xtcu6_10 layout-component text-serif-m layout-normal text-serif-m layout-padded\">Et annet Guardiola-mantra: Man m\u00e5 v\u00e6re bedre i november enn oktober, bedre i desember enn november, og s\u00e5 videre.<\/p>\n<p class=\"_paragraph_o9xde_4 _paragraph_xtcu6_10 layout-component text-serif-m layout-normal text-serif-m layout-padded\">Ser han det samme i \u00e5rets utgave, sp\u00f8r en reporter.<\/p>\n<p class=\"_paragraph_o9xde_4 _paragraph_xtcu6_10 layout-component text-serif-m layout-normal text-serif-m layout-padded\">\u2013 Ja. Ja. Vi kommer til \u00e5 v\u00e6re der. Men vi m\u00e5 heve oss. Jeg vet hvor gode lagene rundt oss er. Det holder ikke. N\u00e5 har vi gl\u00f8den, den hadde vi ikke forrige sesong, gl\u00f8den, aggresjonen og sulten. <\/p>\n<p class=\"_paragraph_o9xde_4 _paragraph_xtcu6_10 layout-component text-serif-m layout-normal text-serif-m layout-padded\">Katalaneren takket Erling Braut Haaland (25) for sine to scoringer mot West Ham. Han er suveren toppscorer med 19 m\u00e5l, \u00e5tte foran nummer to, Brentfords Igor Thiago.<\/p>\n<p class=\"_paragraph_o9xde_4 _paragraph_xtcu6_10 layout-component text-serif-m layout-normal text-serif-m layout-padded\">Heller ikke nordmannen tror City er helt der de skal v\u00e6re.<\/p>\n<p class=\"_paragraph_o9xde_4 _paragraph_xtcu6_10 layout-component text-serif-m layout-normal text-serif-m layout-padded\">\u2013 Jeg tror vi har stort forbedringspotensial, noe som er bra. Det er en lang sesong, og det handler om \u00e5 utvikle seg, kamp etter kamp og bygge p\u00e5 noe.<\/p>\n<p class=\"_paragraph_o9xde_4 _paragraph_xtcu6_10 layout-component text-serif-m layout-normal text-serif-m layout-padded\">\u2013 Vi m\u00e5 fokusere p\u00e5 oss selv og ikke tenke for mye. Vi skal pr\u00f8ve \u00e5 utvikle oss som lag.<\/p>\n","protected":false},"excerpt":{"rendered":"Manchester City-sjef Pep Guardiola (54) er forn\u00f8yd med lagets plasseringer, men: KLAR BESKJED: Pep Guardiola sammen med Erling&hellip;\n","protected":false},"author":2,"featured_media":118728,"comment_status":"","ping_status":"","sticky":false,"template":"","format":"standard","meta":{"footnotes":""},"categories":[59],"tags":[810,671,30,28,29,2124,161,83,82],"class_list":{"0":"post-118727","1":"post","2":"type-post","3":"status-publish","4":"format-standard","5":"has-post-thumbnail","7":"category-sport","8":"tag-erling-braut-haaland","9":"tag-manchester-city","10":"tag-no","11":"tag-norge","12":"tag-norway","13":"tag-pep-guardiola","14":"tag-premier-league","15":"tag-sport","16":"tag-sports"},"share_on_mastodon":{"url":"https:\/\/pubeurope.com\/@no\/115756920077981560","error":""},"_links":{"self":[{"href":"https:\/\/www.europesays.com\/no\/wp-json\/wp\/v2\/posts\/118727","targetHints":{"allow":["GET"]}}],"collection":[{"href":"https:\/\/www.europesays.com\/no\/wp-json\/wp\/v2\/posts"}],"about":[{"href":"https:\/\/www.europesays.com\/no\/wp-json\/wp\/v2\/types\/post"}],"author":[{"embeddable":true,"href":"https:\/\/www.europesays.com\/no\/wp-json\/wp\/v2\/users\/2"}],"replies":[{"embeddable":true,"href":"https:\/\/www.europesays.com\/no\/wp-json\/wp\/v2\/comments?post=118727"}],"version-history":[{"count":0,"href":"https:\/\/www.europesays.com\/no\/wp-json\/wp\/v2\/posts\/118727\/revisions"}],"wp:featuredmedia":[{"embeddable":true,"href":"https:\/\/www.europesays.com\/no\/wp-json\/wp\/v2\/media\/118728"}],"wp:attachment":[{"href":"https:\/\/www.europesays.com\/no\/wp-json\/wp\/v2\/media?parent=118727"}],"wp:term":[{"taxonomy":"category","embeddable":true,"href":"https:\/\/www.europesays.com\/no\/wp-json\/wp\/v2\/categories?post=118727"},{"taxonomy":"post_tag","embeddable":true,"href":"https:\/\/www.europesays.com\/no\/wp-json\/wp\/v2\/tags?post=118727"}],"curies":[{"name":"wp","href":"https:\/\/api.w.org\/{rel}","templated":true}]}}