{"id":118729,"date":"2025-12-21T09:51:30","date_gmt":"2025-12-21T09:51:30","guid":{"rendered":"https:\/\/www.europesays.com\/no\/118729\/"},"modified":"2025-12-21T09:51:30","modified_gmt":"2025-12-21T09:51:30","slug":"hadde-blitt-rasende","status":"publish","type":"post","link":"https:\/\/www.europesays.com\/no\/118729\/","title":{"rendered":"&#8211; Hadde blitt rasende"},"content":{"rendered":"<p>Eli Kari Gjengedal st\u00e5r allerede i d\u00f8ra ikledd julegenser med reinsdyr-motiv n\u00e5r TV 2 svinger inn p\u00e5 g\u00e5rdsplassen p\u00e5 eventyrlige Nordnes i Bergen.<\/p>\n<p>I ekte jule\u00e5nd er det brosteinslagte boligfeltet som tatt rett ut av \u00abJul i Skomakergata\u00bb med sm\u00e5, tettbygde hus, gamle gatelykter og julelys.<\/p>\n<p>Gjengedal bor i det eldste huset, som har st\u00e5tt p\u00e5 Nordnes, sentralt i Bergen, siden 1600-tallet. I d\u00f8ra tar hun imot TV 2 med sitt karakteristiske store smil og sognedialekt:\u00a0<\/p>\n<p>\u2013 Kom inn! Vil dere ha kaffe?<\/p>\n<p>        <img class=\"image__img lazyload\" itemprop=\"image\" title=\"Foto: Elias Engevik \/ TV 2\" alt=\"\u00abVELKOMMEN INN! \u00ab: Eli Kari Gjengedal \u00f8nsker velkommen inn i \u00abdukkehuset\u00bb. Foto: Elias Engevik \/ TV 2\" width=\"675\" height=\"453\" bad-src=\"https:\/\/www.europesays.com\/no\/wp-content\/uploads\/2025\/12\/18365360.webp\" fetchpriority=\"auto\" \/><\/p>\n<p>      \u00abVELKOMMEN INN! \u00ab: Eli Kari Gjengedal \u00f8nsker velkommen inn i \u00abdukkehuset\u00bb.<br \/>\n         Foto: Elias Engevik \/ TV 2<\/p>\n<p>Fikk hus i morgengave<\/p>\n<p>I \u00abDukkehuset p\u00e5 Nordnes\u00bb, har Gjengedal bodd i 11 \u00e5r med s\u00f8nnen Nikolai, kalt \u00abNikken\u00bb. Det lille \u00abThe Holiday\u00bb-aktige hjemmet, som n\u00e5 er fylt med fargerike malerier, et hav av pynteputer og et gammelt piano, var en morgengave fra ektemannen Tom Saxegaard.<\/p>\n<p>        <img class=\"image__img lazyload\" itemprop=\"image\" title=\"Foto: Elias Engevik \/ TV 2\" alt=\"INGEN SN\u00d8: Inn den lille d\u00f8ra bor Eli Kari Gjengedal og s\u00f8nnen Nikken. Foto: Elias Engevik \/ TV 2\" width=\"675\" height=\"453\" bad-src=\"https:\/\/www.europesays.com\/no\/wp-content\/uploads\/2025\/12\/18365371.webp\" fetchpriority=\"auto\" \/><\/p>\n<p>      INGEN SN\u00d8: Inn den lille d\u00f8ra bor Eli Kari Gjengedal og s\u00f8nnen Nikken.<br \/>\n         Foto: Elias Engevik \/ TV 2<\/p>\n<p> \u2013 Dette huset ble kj\u00f8pt i dyp fortvilelse og stor krise. Jeg hadde kj\u00f8pt meg et hus rett overfor veien her, men der begynte det \u00e5 lekke. Det sprutet noe fryktelig med vann ut av veggen. Det gikk s\u00e5 galt at jeg lurte p\u00e5 om jeg skulle lage en fontene, forklarer Gjengedal og sl\u00e5r ut med begge armene.<\/p>\n<p>Det viste seg etter en stund at det var oppvaskvannet til naboen som p\u00f8ste ut av veggen, forteller TV 2-profilen.<\/p>\n<p>Gjengedal merket at hennes da \u00e5tte \u00e5r gamle s\u00f8nn ble utrygg av problemene som ballet p\u00e5 seg i huset. Planen var \u00e5 finne en leilighet til leie, f\u00f8r hun plutselig ser at et gammelt, lite hus et steinkast unna er til salgs. Da bar det rett p\u00e5 visning.<\/p>\n<p>        <img class=\"image__img lazyload\" itemprop=\"image\" title=\"Foto: Elias Engevik \/ TV 2\" alt=\"BOR MED S\u00d8NNEN: Eli Kari bor sammen med s\u00f8nnen Nikken, som h\u00f8flig sier ja til \u00e5 stille opp p\u00e5 et bilde. Foto: Elias Engevik \/ TV 2\" width=\"675\" height=\"453\" bad-src=\"https:\/\/www.europesays.com\/no\/wp-content\/uploads\/2025\/12\/18365375.webp\" fetchpriority=\"auto\" \/><\/p>\n<p>      BOR MED S\u00d8NNEN: Eli Kari bor sammen med s\u00f8nnen Nikken, som h\u00f8flig sier ja til \u00e5 stille opp p\u00e5 et bilde.<br \/>\n         Foto: Elias Engevik \/ TV 2<\/p>\n<p>\u2013 S\u00e5 sier megleren: \u00abDu har v\u00e6rt p\u00e5 flere visninger her uten \u00e5 kj\u00f8pe noe. Du er jo nygift, jeg synes du kan si til mannen din at han kan gi deg dette huset i morgengave\u00bb, minnes hun.<\/p>\n<p>\u2013 Jeg falt for freidigheten, og sa dette til mannen min. Da svarer han: \u00abVet du hva, jenta mi? Jeg skal hjelpe deg med \u00e5 finansiere, hvis du vil\u00bb, sier Gjengedal med tilgjort m\u00f8rk stemme og \u00f8stlandsdialekt.<\/p>\n<p>\u2013 Jeg fikk helt sjokk!<\/p>\n<p>Dermed ble \u00abdukkehuset\u00bb Gjengedal sitt for 4,5 millioner kroner.<\/p>\n<p>Kommer med svigerdatter-beskjed<\/p>\n<p>Ute i Bergens gater er det ingen sn\u00f8, men i Gjengedals hus er det ingen tvil om at julen n\u00e6rmer seg. Nisser, engler og s\u00f8nnens pakkekalender er en p\u00e5minner om hvilken tid vi er inne i.<\/p>\n<p>Noen f\u00e5 dager tidligere kom \u00e5rets \u00abStuttjukken\u00bb inn i stua, som er en del av en \u00e5relang juletradisjon.<\/p>\n<p>\u2013\u00a0Min juletre-dealer har levert juletre til meg i 13 \u00e5r. Vi kaller det for \u00abStuttjukken\u00bb, for det m\u00e5 v\u00e6re omfangsrikt og kort.<\/p>\n<p>For i det over 325 \u00e5r gamle huset, m\u00e5 du b\u00f8ye deg i d\u00f8rkarmen dersom du er h\u00f8y.<\/p>\n<p>I juletregreinene henger morsomme julekuler i utradisjonelle former. En julekule formet som kong Harald, en robot og en frosk. Pynten har Nikken f\u00e5tt i kalenderen gjennom \u00e5rene.<\/p>\n<p>      <img class=\"image__img lazyload\" itemprop=\"image\" title=\"Foto: Elias Engevik \/ TV 2\" alt=\"F\u00c5R HENGE P\u00c5: Treet leveres med egen merkelapp, som f\u00e5r henge p\u00e5 gjennom julen. Foto: Elias Engevik \/ TV 2\" width=\"978\" height=\"653\" bad-src=\"https:\/\/www.europesays.com\/no\/wp-content\/uploads\/2025\/12\/18365402.webp\" fetchpriority=\"auto\" \/><\/p>\n<p>      F\u00c5R HENGE P\u00c5: Treet leveres med egen merkelapp, som f\u00e5r henge p\u00e5 gjennom julen.<br \/>\n         Foto: Elias Engevik \/ TV 2<\/p>\n<p>      <img class=\"image__img lazyload\" itemprop=\"image\" title=\"Foto: Elias Engevik \/ TV 2\" alt=\"KONGEN I TREET: P\u00e5 greinene henger b\u00e5de kong Harald og dronning Sonja. Foto: Elias Engevik \/ TV 2\" width=\"978\" height=\"653\" bad-src=\"https:\/\/www.europesays.com\/no\/wp-content\/uploads\/2025\/12\/18365389.webp\" fetchpriority=\"auto\" \/><\/p>\n<p>      KONGEN I TREET: P\u00e5 greinene henger b\u00e5de kong Harald og dronning Sonja.<br \/>\n         Foto: Elias Engevik \/ TV 2<\/p>\n<p>      <img class=\"image__img lazyload\" itemprop=\"image\" title=\"Foto: Elias Engevik \/ TV 2\" alt=\"S\u00d8NNENS JULEPYNT: Julekulene har s\u00f8nnen Nikken f\u00e5tt gjennom \u00e5rene. Foto: Elias Engevik \/ TV 2\" width=\"978\" height=\"653\" bad-src=\"https:\/\/www.europesays.com\/no\/wp-content\/uploads\/2025\/12\/18365394.webp\" fetchpriority=\"auto\" \/><\/p>\n<p>      S\u00d8NNENS JULEPYNT: Julekulene har s\u00f8nnen Nikken f\u00e5tt gjennom \u00e5rene.<br \/>\n         Foto: Elias Engevik \/ TV 2<\/p>\n<p>      <img class=\"image__img lazyload\" itemprop=\"image\" title=\"Foto: Elias Engevik \/ TV 2\" alt=\" Foto: Elias Engevik \/ TV 2\" width=\"978\" height=\"653\" bad-src=\"https:\/\/www.europesays.com\/no\/wp-content\/uploads\/2025\/12\/18365398.webp\" fetchpriority=\"auto\" \/><\/p>\n<p>         Foto: Elias Engevik \/ TV 2<\/p>\n<p> \u2013 Alle julekulene er Nikken sine. S\u00e5 n\u00e5r jeg ligger i pennalet, s\u00e5 skal han ha fullt utstyr til juletreet, om det s\u00e5 er det siste jeg gj\u00f8r. Det er viktig \u00e5 ha med seg en arv hjemmefra i jula, s\u00e5 julekulene m\u00e5 enhver svigerdatter finne seg i. Liker du ikke julekulene, kan du glemme Nikken, sier TV 2s v\u00e6rsjef med glimt i \u00f8yet.<\/p>\n<p>Mens 54-\u00e5ringen forteller om de ulike julekulene med stor entusiasme, h\u00f8res en br\u00e5 og h\u00f8y pipelyd fra kj\u00f8kkenet.<\/p>\n<p>\u2013 Kaffen! utbryter Gjengedal og piler ut av stuen,\u00a0f\u00f8r hun kommer inn igjen med en kaffekopp, en melkemugge\u00a0og en stor r\u00f8d, kakeboks.<\/p>\n<p>    <img class=\"image__img lazyload\" itemprop=\"image\" title=\"Foto: Elias Engevik \/ TV 2\" alt=\"20251204. Eli Kari Gjengedal pynter til jul i det vesle huset sitt p\u00e5 Strangeplassen p\u00e5 Nordnes. Foto: Elias Engevik \/ TV 2\" width=\"1800\" height=\"973\" bad-src=\"https:\/\/www.europesays.com\/no\/wp-content\/uploads\/2025\/12\/18374337.webp\" fetchpriority=\"auto\" \/><\/p>\n<p>Eli Kari Gjengedal har funnet frem julekoppen.<\/p>\n<p>I kakeboksen ligger det eneste slaget julebakst som blir bakt i desember: saftige juletekaker.<\/p>\n<p>Derfor bor hun ikke med ektemannen<\/p>\n<p>Juletekakene skal blant annet serveres p\u00e5 Gjengedals kommende juletrefest, som feires med eksmannen og hans familie, hennes tidligere svigerfamilie.<\/p>\n<p>\u2013 Da f\u00e5r vi sett dem en gang i \u00e5ret. N\u00e5r man er skilt og har et skilsmissebarn, er det viktig at vi er sammen. Det er viktig at alle er venner og er en storfamilie, sier hun bestemt.<\/p>\n<p>        <img class=\"image__img lazyload\" itemprop=\"image\" title=\"Foto: Elias Engevik \/ TV 2\" alt=\"BEVART VENNSKAPET MED EKSEN: For Eli Kari Gjengedal er det viktig \u00e5 bevare en god relasjon til Nikkens pappa og hennes eksmann, for hele familiens skyld. Foto: Elias Engevik \/ TV 2\" width=\"675\" height=\"453\" bad-src=\"https:\/\/www.europesays.com\/no\/wp-content\/uploads\/2025\/12\/18365407.webp\" fetchpriority=\"auto\" \/><\/p>\n<p>      BEVART VENNSKAPET MED EKSEN: For Eli Kari Gjengedal er det viktig \u00e5 bevare en god relasjon til Nikkens pappa og hennes eksmann, for hele familiens skyld.<br \/>\n         Foto: Elias Engevik \/ TV 2<\/p>\n<p>Juletrefesten blir derimot den eneste feiringen p\u00e5 Nordnes. Selve julekvelden feires i tradisjon tro p\u00e5 Geilo med ektemannen Tom.<\/p>\n<p>De har v\u00e6rt gift siden 2014, men har i alle \u00e5r bodd p\u00e5 hver sin kant av landet. Hun i dukkehuset i vest, han i Drammen i \u00f8st.<\/p>\n<p> \u2013 Det har vi gjort i 13 \u00e5r. Det beste med \u00e5 pendle, er at man ikke g\u00e5r s\u00e5 fort lei av hverandre. Vi har to hjem, og da slipper vi kranglene om hvordan det skal se ut, om vi skal ha ny TV og hvilken sofa vi skal kj\u00f8pe. S\u00e5 er det guttene v\u00e5re, de skal ha foreldrene sine i samme by, det er veldig, veldig viktig, understreker hun.<\/p>\n<p>      <img class=\"image__img lazyload\" itemprop=\"image\" title=\"Foto: Elias Engevik \/ TV 2\" alt=\"HUN BESTEMMER: I Gjengedals hjem er det ingen andre som f\u00e5r bestemme hvilke pynteputer som blir med hjem, eller hvilken sofa som skal f\u00e5 pryde stuen. Foto: Elias Engevik \/ TV 2\" width=\"675\" height=\"480\" bad-src=\"https:\/\/www.europesays.com\/no\/wp-content\/uploads\/2025\/12\/18365410.webp\" fetchpriority=\"auto\" \/><\/p>\n<p>      HUN BESTEMMER: I Gjengedals hjem er det ingen andre som f\u00e5r bestemme hvilke pynteputer som blir med hjem, eller hvilken sofa som skal f\u00e5 pryde stuen.<br \/>\n         Foto: Elias Engevik \/ TV 2<\/p>\n<p>      <img class=\"image__img lazyload\" itemprop=\"image\" title=\"Foto: Elias Engevik \/ TV 2\" alt=\"FESTLIG: I TV 2-profiens hjem henger festlig pynt og fargerike malerier. Foto: Elias Engevik \/ TV 2\" width=\"978\" height=\"653\" bad-src=\"https:\/\/www.europesays.com\/no\/wp-content\/uploads\/2025\/12\/18365414.webp\" fetchpriority=\"auto\" \/><\/p>\n<p>      FESTLIG: I TV 2-profiens hjem henger festlig pynt og fargerike malerier.<br \/>\n         Foto: Elias Engevik \/ TV 2<\/p>\n<p>N\u00e5 er derimot Nikken ferdig p\u00e5 videreg\u00e5ende og blitt voksen. Men det betyr ikke at Gjengedal s\u00e5 mye som vurderer \u00e5 forlate Nordnes til fordel for \u00d8stlandet.<\/p>\n<p>\u2013\u00a0Jeg flytter aldri fra Bergen. Det er ikke snakk om. Jeg m\u00e5 alltid hjem til dukkehuset. Det er her jeg er hjemme.<\/p>\n<p class=\"italic m-italic\" data-lab-italic=\"italic\">\u2013 Er Tom \u00e5pen for \u00e5 flytte vestover, da?<\/p>\n<p>        <img class=\"image__img lazyload\" itemprop=\"image\" title=\"Foto: Privat\" alt=\"F\u00d8RJUL P\u00c5 NORDNES: Nordnes i Bergen kan minne om Skomakergata fra den ikoniske julekalenderen. Dette bildet er fra en annen, sn\u00f8rik jul. Foto: Privat\" width=\"675\" height=\"817\" bad-src=\"https:\/\/www.europesays.com\/no\/wp-content\/uploads\/2025\/12\/18373640.webp\" fetchpriority=\"auto\" \/><\/p>\n<p>      F\u00d8RJUL P\u00c5 NORDNES: Nordnes i Bergen kan minne om Skomakergata fra den ikoniske julekalenderen. Dette bildet er fra en annen, sn\u00f8rik jul.<br \/>\n         Foto: Privat<\/p>\n<p class=\"no_italic m-no_italic\" data-lab-italic=\"\">\u2013 Det vet jeg ikke. Jeg tenker at vi ikke trenger \u00e5 bo sammen, det er bare tull. Jeg tror veldig mange ekteskap hadde best\u00e5tt hvis man ikke hadde bodd sammen, tror Gjengedal, og utdyper:<\/p>\n<p class=\"no_italic m-no_italic\" data-lab-italic=\"\">\u2013\u00a0Det er noe med \u00e5 glede seg til man skal se hverandre. Det blir s\u00e5 fint. I stedet for at man kommer hjem til en sur kar som venter p\u00e5 middagen.<\/p>\n<p class=\"italic m-italic\" data-lab-italic=\"italic\">\u2013 Har du f\u00e5tt noen reaksjoner p\u00e5 valget om \u00e5 ikke bo sammen?<\/p>\n<p class=\"no_italic m-no_italic\" data-lab-italic=\"\"> \u2013 Mine venninner sier at de gjerne skulle hatt det s\u00e5nn, de ogs\u00e5. Jeg anbefaler det. N\u00e5 er vi alle forskjellige forhold, s\u00e5 det som er rett for meg, er ikke rett for alle. Men for meg er det perfekt.<\/p>\n<p class=\"no_italic m-no_italic\" data-lab-italic=\"\">Gjengedal og ektemannen rekker imidlertid sine egne f\u00f8rjulstradisjoner, selv om de bor hver for seg.<\/p>\n<p class=\"no_italic m-no_italic\" data-lab-italic=\"\"> \u2013 N\u00e5r jeg reiser til Geilo har jeg alltid med meg en hummer. Da er det hummer og bobler. Da er det kun meg og Tom. <\/p>\n<p>        <img class=\"image__img lazyload\" itemprop=\"image\" title=\"Foto: Privat\" alt=\"JULEHUMMER: Tradisjon tro m\u00e5 Gjengedal finne julehummeren f\u00f8r julefeiringen p\u00e5 Geilo. Foto: Privat\" width=\"675\" height=\"810\" bad-src=\"https:\/\/www.europesays.com\/no\/wp-content\/uploads\/2025\/12\/18373636.webp\" fetchpriority=\"auto\" \/><\/p>\n<p>      JULEHUMMER: Tradisjon tro m\u00e5 Gjengedal finne julehummeren f\u00f8r julefeiringen p\u00e5 Geilo.<br \/>\n         Foto: Privat<\/p>\n<p>F\u00f8rste jul uten mamma<\/p>\n<p>Til tross for juletrefest, hummer og bobler, er \u00e5rets juletid ogs\u00e5 preget av en klump i magen og et stort savn.<\/p>\n<p>I november<a href=\"https:\/\/www.tv2.no\/underholdning\/apner-seg-om-morens-bortgang-vi-ma-snakke-mer-om-doden\/18253218\/\" rel=\"nofollow noopener\" target=\"_blank\"> mistet Gjengedal moren Kjellaug<\/a>. Hun ble 89 \u00e5r gammel.<\/p>\n<p>\u2013 Jeg satt og tenkte p\u00e5 det f\u00f8r dere kom, mens jeg skrev en liste, at jeg ikke skal kj\u00f8pe julegave til mamma i \u00e5r. Det kommer til \u00e5 bli veldig rart at mamma ikke er der, eller at det ikke er en julegave til barna fra bestemor under treet. <\/p>\n<p>        <img class=\"image__img lazyload\" itemprop=\"image\" title=\"Foto: Privat\" alt=\"N\u00c6RT FORHOLD: Gjengedal forteller om et varmt og n\u00e6rt forhold til moren Kjellaug. Foto: Privat\" width=\"675\" height=\"1202\" bad-src=\"https:\/\/www.europesays.com\/no\/wp-content\/uploads\/2025\/12\/18373624.webp\" fetchpriority=\"auto\" \/><\/p>\n<p>      N\u00c6RT FORHOLD: Gjengedal forteller om et varmt og n\u00e6rt forhold til moren Kjellaug.<br \/>\n         Foto: Privat<\/p>\n<p>Den ellers s\u00e5 sprudlende Gjengedal f\u00e5r en mer alvorlig mine.<\/p>\n<p>\u2013 \u00c5 g\u00e5 inn i juletiden uten mamma, er vemodig. Men jeg tror jeg kommer til \u00e5 tenke masse p\u00e5 mamma i h\u00f8ytiden uansett om det s\u00e5 har g\u00e5tt ti \u00e5r. Jeg tar frem mamma sine ting og tenker p\u00e5 henne. Jeg merker at n\u00e5r jeg gj\u00f8r husarbeid, s\u00e5 tar jeg meg en ekstra runde til \u00e6re for mamma.<\/p>\n<p>Kjellaugs stemme er ogs\u00e5 i datterens hode i situasjoner hvor Gjengedal tror moren ville hatt en sterk mening.<\/p>\n<p>\u2013\u00a0Juletreet var litt skeivt, og jeg tenkte at \u00abja, ja, det er ikke s\u00e5 farlig om det st\u00e5r litt p\u00e5 halv \u00e5tte\u00bb. Men s\u00e5 kom jeg p\u00e5 at hvis mamma hadde sett dette, hadde hun blitt helt spr\u00f8. S\u00e5 satt jeg det skikkelig opp. <\/p>\n<p>\u2013 Vi hadde et tett forhold, og jeg har l\u00e6rt masse av henne. Det er rart at hun aldri mer skal ringe etter en v\u00e6rmelding og si \u00abEli Kari, det skj\u00f8rtet der \u2026\u00bb, hun var veldig opptatt av mote. \u00abN\u00e5 var du god, Eli Kari\u00bb, sier Gjengedal, og etterligner moren i andre enden av telefonr\u00f8ret.<\/p>\n<p>\u2013 Mamma var surrete de siste \u00e5rene, s\u00e5 det er en stund siden hun ringte s\u00e5nn. Men det er rart at det aldri skal skje igjen.<\/p>\n<p>        <img class=\"image__img lazyload\" itemprop=\"image\" title=\"Foto: Elias Engevik \/ TV 2\" alt=\"TIL \u00c6RE FOR MAMMA: N\u00e5 st\u00e5r det et rett juletre i Gjengedals stue, for morens skyld. Foto: Elias Engevik \/ TV 2\" width=\"675\" height=\"453\" bad-src=\"https:\/\/www.europesays.com\/no\/wp-content\/uploads\/2025\/12\/18373644.webp\" fetchpriority=\"auto\" \/><\/p>\n<p>      TIL \u00c6RE FOR MAMMA: N\u00e5 st\u00e5r det et rett juletre i Gjengedals stue, for morens skyld.<br \/>\n         Foto: Elias Engevik \/ TV 2<\/p>\n<p>\u2013 Hadde blitt rasende<\/p>\n<p>54-\u00e5ringens far gikk ogs\u00e5 bort f\u00f8r juletiden, i 2010.<\/p>\n<p>\u2013 Pappa d\u00f8de for 15 \u00e5r siden av kreft, raskt og uventet. Hans heroiske m\u00e5te \u00e5 takle d\u00f8dsbudskapet p\u00e5, har gjort at jeg ikke er redd for d\u00f8den. Jeg var s\u00e5 stolt av ham. Han sa \u00abok, da drar jeg hjem for \u00e5 si ha det til kompisene mine\u00bb. Han var s\u00e5 st\u00f8dig og sterk, og ikke redd for d\u00f8den. <\/p>\n<p>Farens innstilling til d\u00f8dsdommen, endret m\u00e5ten Gjengedal ser p\u00e5 det \u00e5 g\u00e5 ut av tiden.<\/p>\n<p>\u2013 Hvis vi snakker mer om d\u00f8den, og aksepterer d\u00f8den, s\u00e5 tror jeg vi blir mer fri i livene v\u00e5re.<\/p>\n<p>\u00c5 vende om tankene i tunge stunder, som f\u00f8rste julen uten mamma, har hun etter nettopp foreldrene.<\/p>\n<p>\u2013 Jeg vet at hvis jeg graver meg ned, s\u00e5 klarer jeg ikke \u00e5 grave meg opp igjen. F\u00f8r det skjer, m\u00e5 jeg si til meg selv: \u00abN\u00e5 m\u00e5 jeg gi meg. Jeg kan ikke g\u00e5 ned der, for da blir jeg s\u00e5 dyster\u00bb. S\u00e5nn var mamma ogs\u00e5: \u00abDette g\u00e5r ikke, n\u00e5 m\u00e5 vi brette opp ermene\u00bb.<\/p>\n<p>        <img class=\"image__img lazyload\" itemprop=\"image\" title=\"Foto: Elias Engevik \/ TV 2\" alt=\"TAR ETTER FORELDRENE: Den positive tankegangen er en arv etter Gjengedals foreldre. Foto: Elias Engevik \/ TV 2\" width=\"675\" height=\"453\" bad-src=\"https:\/\/www.europesays.com\/no\/wp-content\/uploads\/2025\/12\/18373646.webp\" fetchpriority=\"auto\" \/><\/p>\n<p>      TAR ETTER FORELDRENE: Den positive tankegangen er en arv etter Gjengedals foreldre.<br \/>\n         Foto: Elias Engevik \/ TV 2<\/p>\n<p>\u2013\u00a0Hun hadde blitt rasende hvis jeg hadde lagt meg ned i fosterstilling og ikke g\u00e5tt videre i livet mitt. <\/p>\n<p class=\"italic m-italic\" data-lab-italic=\"italic\">\u2013 Hva er det viktigste foreldrene dine har l\u00e6rt deg?<\/p>\n<p class=\"no_italic m-no_italic\" data-lab-italic=\"\">\u2013 \u00c5 ha god arbeidsmoral. \u00c5 alltid gj\u00f8re s\u00e5 godt jeg kan. \u00abIngenting kommer gratis\u00bb. Og det \u00e5 ha respekt for folk rundt seg. Du kan v\u00e6re mye rart, men du m\u00e5 v\u00e6re snill. Jeg sier ofte til Nikken at det som har brakt meg frem i livet er ett ord: \u00abJa!\u00bb.<\/p>\n","protected":false},"excerpt":{"rendered":"Eli Kari Gjengedal st\u00e5r allerede i d\u00f8ra ikledd julegenser med reinsdyr-motiv n\u00e5r TV 2 svinger inn p\u00e5 g\u00e5rdsplassen&hellip;\n","protected":false},"author":2,"featured_media":118730,"comment_status":"","ping_status":"","sticky":false,"template":"","format":"standard","meta":{"footnotes":""},"categories":[10],"tags":[20,21,24,25,15,22,23,13,30,28,29,14,16,26,27],"class_list":{"0":"post-118729","1":"post","2":"type-post","3":"status-publish","4":"format-standard","5":"has-post-thumbnail","7":"category-norge","8":"tag-breaking-news","9":"tag-breakingnews","10":"tag-featured-news","11":"tag-featurednews","12":"tag-headlines","13":"tag-latest-news","14":"tag-latestnews","15":"tag-news","16":"tag-no","17":"tag-norge","18":"tag-norway","19":"tag-nyheter","20":"tag-overskrifter","21":"tag-top-stories","22":"tag-topstories"},"share_on_mastodon":{"url":"https:\/\/pubeurope.com\/@no\/115756943455004370","error":""},"_links":{"self":[{"href":"https:\/\/www.europesays.com\/no\/wp-json\/wp\/v2\/posts\/118729","targetHints":{"allow":["GET"]}}],"collection":[{"href":"https:\/\/www.europesays.com\/no\/wp-json\/wp\/v2\/posts"}],"about":[{"href":"https:\/\/www.europesays.com\/no\/wp-json\/wp\/v2\/types\/post"}],"author":[{"embeddable":true,"href":"https:\/\/www.europesays.com\/no\/wp-json\/wp\/v2\/users\/2"}],"replies":[{"embeddable":true,"href":"https:\/\/www.europesays.com\/no\/wp-json\/wp\/v2\/comments?post=118729"}],"version-history":[{"count":0,"href":"https:\/\/www.europesays.com\/no\/wp-json\/wp\/v2\/posts\/118729\/revisions"}],"wp:featuredmedia":[{"embeddable":true,"href":"https:\/\/www.europesays.com\/no\/wp-json\/wp\/v2\/media\/118730"}],"wp:attachment":[{"href":"https:\/\/www.europesays.com\/no\/wp-json\/wp\/v2\/media?parent=118729"}],"wp:term":[{"taxonomy":"category","embeddable":true,"href":"https:\/\/www.europesays.com\/no\/wp-json\/wp\/v2\/categories?post=118729"},{"taxonomy":"post_tag","embeddable":true,"href":"https:\/\/www.europesays.com\/no\/wp-json\/wp\/v2\/tags?post=118729"}],"curies":[{"name":"wp","href":"https:\/\/api.w.org\/{rel}","templated":true}]}}