{"id":118731,"date":"2025-12-21T09:53:22","date_gmt":"2025-12-21T09:53:22","guid":{"rendered":"https:\/\/www.europesays.com\/no\/118731\/"},"modified":"2025-12-21T09:53:22","modified_gmt":"2025-12-21T09:53:22","slug":"kil-sport-naermer-seg-overgang-til-toppklubb-bekrefter-dialog-glamdalen","status":"publish","type":"post","link":"https:\/\/www.europesays.com\/no\/118731\/","title":{"rendered":"KIL, Sport | N\u00e6rmer seg overgang til toppklubb \u2013 bekrefter dialog &#8211; Gl\u00e5mdalen"},"content":{"rendered":"<ol>\n<li><a href=\"https:\/\/news.google.com\/rss\/articles\/CBMilAFBVV95cUxPWW5RN0xlUi1oNzc2cjRfMzRtRTdzeVJmOW9oS0RraTlBMXRNelNCaGdHdnRmY3JVenBTR2t6ZUtMTVRwZ0t4Y3VUNXFzV0NDcllIMGlfbWFMb1dwa3M5WVVNSGhaa3JUaWJ5Um5OWHpiMmxGMlJQVmk5cktrWnZGUE1mSzdtYlRqM09NQWNSYUE0R19r?oc=5\" target=\"_blank\" rel=\"nofollow noopener\">KIL, Sport | N\u00e6rmer seg overgang til toppklubb \u2013 bekrefter dialog<\/a>&nbsp;&nbsp;Gl\u00e5mdalen<\/li>\n<li><a href=\"https:\/\/news.google.com\/rss\/articles\/CBMitAFBVV95cUxONWprTW5MYURLRVZMdkdPekgyQ2FaTlAzRDJIT3JrODNyT0lQWHRYZXN2elY0RlgtM05VZWVrRWJ1TEZEWWl1VDV6Um50MWp4N2pKT1NHSUdqWktLZTVSNzVPbmxWUFhyck5MMW1YWmowaGEzRXI5MFdINi14dWNXOWxFVTV1TzJUTDY0bm1GT1VzNkxLRXJiZnJ4QkJWOFNtMUc5aFgwdDJHSUFSelBiVTQ2V0w?oc=5\" target=\"_blank\" rel=\"nofollow noopener\">(+) Opplysninger til iTroms\u00f8: TIL n\u00e6re \u00e5 gjennomf\u00f8re to (!) rekordkj\u00f8p<\/a>&nbsp;&nbsp;itromso.no<\/li>\n<li><a href=\"https:\/\/news.google.com\/rss\/articles\/CBMikwFBVV95cUxQZWFZbEp3VzkyTzFGbEVVc0RubmExOFMzRk82WEVETFdLdllKNktSX2N2MmtrWE90M1hzN2JpelhJUmt5TzFCUEJtcElEN3ZXNkdONkhJMGdWQzVsMndjcWpFVzJxaUhpLThOQUROSjVESGtSRjd4MjRqb2ZYVWpYZ3B5VHVOVXgtMFc2bGJ0ckpSMkU?oc=5\" target=\"_blank\" rel=\"nofollow noopener\">Sport, FKH | Haugesunds Avis erfarer: FKH n\u00e6rmer seg Nyhammer-salg<\/a>&nbsp;&nbsp;Haugesunds Avis<\/li>\n<li><a href=\"https:\/\/news.google.com\/rss\/articles\/CBMihAFBVV95cUxOdjdjU21YX0ZIamNIVEJKX2Z1dnMtZlB5OFZ5VUgtM2tZVGFGcjZxU3ZKWnY0TTc0OVB3Q1hHTzFpdmNxeTZ4Q1RBOTNXV2JMdDZoQXBpdEZuS1VnZUg5eGhiY0lZOVB3S2FDOFc4YTRyaFpEXzRuOWdUcDBsSU5UeW1ZdUE?oc=5\" target=\"_blank\" rel=\"nofollow noopener\">Sport, Fotball | Byttehandel kan sikre rekordkj\u00f8p for TIL<\/a>&nbsp;&nbsp;Nordlys<\/li>\n<li><a href=\"https:\/\/news.google.com\/rss\/articles\/CBMiekFVX3lxTFB0VDNxZ3I0UENpMUJSOWp0RlAwTVIyYVZ6cnl4Q3lKcUV6dHE5Yko5dnJpMjdpS1UwSWMyemN1MU5nekpXWWlhZlNlRnltVGtPMjZmeVlNMkE2Ni05VzhET2Rqb3Uybjd6eW85eC1YT3RJRnZFLTdJRFZR?oc=5\" target=\"_blank\" rel=\"nofollow noopener\">(+) Kan bli klar for Troms\u00f8 f\u00f8r jul<\/a>&nbsp;&nbsp;Mitt Kongsvinger<\/li>\n<\/ol>\n","protected":false},"excerpt":{"rendered":"KIL, Sport | N\u00e6rmer seg overgang til toppklubb \u2013 bekrefter dialog&nbsp;&nbsp;Gl\u00e5mdalen (+) Opplysninger til iTroms\u00f8: TIL n\u00e6re \u00e5&hellip;\n","protected":false},"author":2,"featured_media":118732,"comment_status":"","ping_status":"","sticky":false,"template":"","format":"standard","meta":{"footnotes":""},"categories":[59],"tags":[30,28,29,83,82],"class_list":{"0":"post-118731","1":"post","2":"type-post","3":"status-publish","4":"format-standard","5":"has-post-thumbnail","7":"category-sport","8":"tag-no","9":"tag-norge","10":"tag-norway","11":"tag-sport","12":"tag-sports"},"share_on_mastodon":{"url":"https:\/\/pubeurope.com\/@no\/115756951315024665","error":""},"_links":{"self":[{"href":"https:\/\/www.europesays.com\/no\/wp-json\/wp\/v2\/posts\/118731","targetHints":{"allow":["GET"]}}],"collection":[{"href":"https:\/\/www.europesays.com\/no\/wp-json\/wp\/v2\/posts"}],"about":[{"href":"https:\/\/www.europesays.com\/no\/wp-json\/wp\/v2\/types\/post"}],"author":[{"embeddable":true,"href":"https:\/\/www.europesays.com\/no\/wp-json\/wp\/v2\/users\/2"}],"replies":[{"embeddable":true,"href":"https:\/\/www.europesays.com\/no\/wp-json\/wp\/v2\/comments?post=118731"}],"version-history":[{"count":0,"href":"https:\/\/www.europesays.com\/no\/wp-json\/wp\/v2\/posts\/118731\/revisions"}],"wp:featuredmedia":[{"embeddable":true,"href":"https:\/\/www.europesays.com\/no\/wp-json\/wp\/v2\/media\/118732"}],"wp:attachment":[{"href":"https:\/\/www.europesays.com\/no\/wp-json\/wp\/v2\/media?parent=118731"}],"wp:term":[{"taxonomy":"category","embeddable":true,"href":"https:\/\/www.europesays.com\/no\/wp-json\/wp\/v2\/categories?post=118731"},{"taxonomy":"post_tag","embeddable":true,"href":"https:\/\/www.europesays.com\/no\/wp-json\/wp\/v2\/tags?post=118731"}],"curies":[{"name":"wp","href":"https:\/\/api.w.org\/{rel}","templated":true}]}}