{"id":118735,"date":"2025-12-21T09:58:11","date_gmt":"2025-12-21T09:58:11","guid":{"rendered":"https:\/\/www.europesays.com\/no\/118735\/"},"modified":"2025-12-21T09:58:11","modified_gmt":"2025-12-21T09:58:11","slug":"etterlyste-mann-fremdeles-er-ingen-pagrepet-kritisk-skadet","status":"publish","type":"post","link":"https:\/\/www.europesays.com\/no\/118735\/","title":{"rendered":"Etterlyste mann. Fremdeles er ingen p\u00e5grepet: \u2013 Kritisk skadet"},"content":{"rendered":"\n<p>Politiet rykket ut med store ressurser i omr\u00e5det Storgata l\u00f8rdag kveld. <\/p>\n<p>\u2013 En person er p\u00e5f\u00f8rt skader som kan samsvare med knivstikking, skrev operasjonsleder Bjarne Pedersen. <\/p>\n<p>Politiet meldte om hendelsen klokken 22.31. Hele omr\u00e5det foran Kiwi i Storgata ble sperret av.<\/p>\n<p><b>\u2013 Vitner har sett personer l\u00f8pe fra stedet f\u00f8r politiet ankom, skrev politiet l\u00f8rdag kveld. <\/b><\/p>\n<p>Politiet har forel\u00f8pig ikke har navngitte mistenkte. De er heller ikke sikre p\u00e5 hvor mange som har v\u00e6rt involvert. <\/p>\n<p>Klokken 09.41 s\u00f8ndag skriver jourhavende jurist Andreas Myrseth Kolstad i en melding til pressen at ingen personer er p\u00e5grepet. Politiet har ikke f\u00e5tt avh\u00f8rt den forn\u00e6rmede, og har heller ikke nye opplysninger om tilstanden hans.<\/p>\n<p>   <img decoding=\"async\" width=\"4032\" height=\"3024\" fetchpriority=\"low\"  loading=\"lazy\"  src=\"https:\/\/www.europesays.com\/no\/wp-content\/uploads\/2025\/12\/329e57d4-52a1-47ea-aec8-d518499ea724\" alt=\"\" class=\"brick-c-cFOWSL\" style=\"--brick-image-ratio: 4032 \/ 3024;\"\/><\/p>\n<p>      Politiets innsatsleder er p\u00e5 stedet, i tillegg til flere ressurser.<br \/>\n      Foto: Hannah Alvestad\/Avisa Oslo\n    <\/p>\n<p>Innsatsleder Kristoffer Bang forteller at de fikk en melding om en knivstikking utenfor Kiwi ved Brugata.<\/p>\n<p><b>\u2013 Personen ble skadet med en skarp gjenstand, og er kj\u00f8rt til Ullev\u00e5l. Vedkommende er kritisk skadet.<\/b><\/p>\n<p>Politiet meldte f\u00f8rst at den forn\u00e6rmede var alvorlig skadet. <\/p>\n<p>Bilder fra stedet viser at det er store mengder blod p\u00e5 bakken: <\/p>\n<p>   <img decoding=\"async\" width=\"3188\" height=\"2070\" fetchpriority=\"low\"  loading=\"lazy\"  src=\"https:\/\/www.europesays.com\/no\/wp-content\/uploads\/2025\/12\/a9a53500-ce8e-4eba-9f95-434e6052d41a\" alt=\"\" class=\"brick-c-cFOWSL\" style=\"--brick-image-ratio: 3188 \/ 2070;\"\/><\/p>\n<p>      &#8211;<br \/>\n      Foto: Hannah Alvestad\/Avisa Oslo\n    <\/p>\n<p>\u2013 Ingen er p\u00e5grepet, og vi jobber med vitner for \u00e5 finne ut av hvem som har gjort det og hvordan det har utspilt seg.<\/p>\n<p>\u2013 Hvis noen har informasjon \u00f8nsker vi gjerne \u00e5 snakke med dem, sier Bang. <\/p>\n<p>   <img decoding=\"async\" width=\"3153\" height=\"2337\" fetchpriority=\"low\"  loading=\"lazy\"  src=\"https:\/\/www.europesays.com\/no\/wp-content\/uploads\/2025\/12\/9acdd68d-1361-4299-bbf5-d2870d553379\" alt=\"\" class=\"brick-c-cFOWSL\" style=\"--brick-image-ratio: 3153 \/ 2337;\"\/><\/p>\n<p>      B\u00e5de politiets innsatsleder, etterforskningsleder og krimvakt er p\u00e5 stedet.<br \/>\n      Foto: Hannah Alvestad\/Avisa Oslo\n    <\/p>\n<p>I en oppdatering klokken 23 skriver politiet at de har f\u00e5tt beskrivelser av en mann som skal ha blitt sett l\u00f8pende fra stedet. <\/p>\n<p>\u2013 I etterkant av hendelsen ble det observert en mann l\u00f8pende fra stedet, med f\u00f8lgene beskrivelse: Mann, formentlig lys i huden, sort \u00e5pen vinterparkas, lysegr\u00e5 hettegenser, sorte bukser, h\u00f8ye brune vintersko.<\/p>\n<p>Politiet ber om tips ved observasjon av mannen. <\/p>\n<p>\u2013 Vitner meldte innledningsvis om flere personer som l\u00f8p fra stedet. Vi vet ikke noe mer konkret enn det, og vi vet heller ikke om mannen som er beskrevet faktisk er gjerningspersonen, sier operasjonsleder Pedersen til AO. <\/p>\n<p>  <a data-static=\"\" href=\"#skip-\" class=\"brick-c-fgNmNC\">Hopp over karusellen.<\/a><\/p>\n<p data-static=\"\" class=\"brick-c-fgNmNC\" id=\"carousel-title-\">Innholdskarusell med 22 artikler.<\/p>\n","protected":false},"excerpt":{"rendered":"Politiet rykket ut med store ressurser i omr\u00e5det Storgata l\u00f8rdag kveld. \u2013 En person er p\u00e5f\u00f8rt skader som&hellip;\n","protected":false},"author":2,"featured_media":118736,"comment_status":"","ping_status":"","sticky":false,"template":"","format":"standard","meta":{"footnotes":""},"categories":[10],"tags":[36,20,21,24,25,15,22,23,13,30,28,29,14,16,1510,26,27],"class_list":{"0":"post-118735","1":"post","2":"type-post","3":"status-publish","4":"format-standard","5":"has-post-thumbnail","7":"category-norge","8":"tag-art","9":"tag-breaking-news","10":"tag-breakingnews","11":"tag-featured-news","12":"tag-featurednews","13":"tag-headlines","14":"tag-latest-news","15":"tag-latestnews","16":"tag-news","17":"tag-no","18":"tag-norge","19":"tag-norway","20":"tag-nyheter","21":"tag-overskrifter","22":"tag-story","23":"tag-top-stories","24":"tag-topstories"},"share_on_mastodon":{"url":"https:\/\/pubeurope.com\/@no\/115756971554154680","error":""},"_links":{"self":[{"href":"https:\/\/www.europesays.com\/no\/wp-json\/wp\/v2\/posts\/118735","targetHints":{"allow":["GET"]}}],"collection":[{"href":"https:\/\/www.europesays.com\/no\/wp-json\/wp\/v2\/posts"}],"about":[{"href":"https:\/\/www.europesays.com\/no\/wp-json\/wp\/v2\/types\/post"}],"author":[{"embeddable":true,"href":"https:\/\/www.europesays.com\/no\/wp-json\/wp\/v2\/users\/2"}],"replies":[{"embeddable":true,"href":"https:\/\/www.europesays.com\/no\/wp-json\/wp\/v2\/comments?post=118735"}],"version-history":[{"count":0,"href":"https:\/\/www.europesays.com\/no\/wp-json\/wp\/v2\/posts\/118735\/revisions"}],"wp:featuredmedia":[{"embeddable":true,"href":"https:\/\/www.europesays.com\/no\/wp-json\/wp\/v2\/media\/118736"}],"wp:attachment":[{"href":"https:\/\/www.europesays.com\/no\/wp-json\/wp\/v2\/media?parent=118735"}],"wp:term":[{"taxonomy":"category","embeddable":true,"href":"https:\/\/www.europesays.com\/no\/wp-json\/wp\/v2\/categories?post=118735"},{"taxonomy":"post_tag","embeddable":true,"href":"https:\/\/www.europesays.com\/no\/wp-json\/wp\/v2\/tags?post=118735"}],"curies":[{"name":"wp","href":"https:\/\/api.w.org\/{rel}","templated":true}]}}