{"id":118739,"date":"2025-12-21T10:00:18","date_gmt":"2025-12-21T10:00:18","guid":{"rendered":"https:\/\/www.europesays.com\/no\/118739\/"},"modified":"2025-12-21T10:00:18","modified_gmt":"2025-12-21T10:00:18","slug":"sar-tvil-om-ol-ingen-selvfolge","status":"publish","type":"post","link":"https:\/\/www.europesays.com\/no\/118739\/","title":{"rendered":"S\u00e5r tvil om OL: &#8211; Ingen selvf\u00f8lge"},"content":{"rendered":"<p>Den norske skiskytteren avsluttet sitt 2025 med 24. plass p\u00e5 jaktstarten i Frankrike.\u00a0<\/p>\n<p>OL n\u00e6rmer seg med stormskritt, og det er kun tre verdenscup-helger igjen f\u00f8r det braker l\u00f8s i Italia.<\/p>\n<p class=\"italic m-italic\" data-lab-font_weight=\"\" data-lab-italic=\"italic\">\u2013 G\u00e5r du alle renn frem mot OL?<\/p>\n<p class=\"bold m-bold\" data-lab-font_weight=\"bold\">\u2013 F\u00f8rst og fremst m\u00e5 jeg pr\u00f8ve \u00e5 komme meg med til OL. Akkurat n\u00e5 er det ingen selvf\u00f8lge, sier Tandrevold til TV 2.<\/p>\n<p class=\"italic m-italic\" data-lab-font_weight=\"\" data-lab-italic=\"italic\">\u2013 Hvordan vil du oppsummere f\u00f8rste halvdel av sesongen?<\/p>\n<p class=\"no_italic m-no_italic\" data-lab-font_weight=\"\" data-lab-italic=\"\">\u2013 Alt annet enn jeg kunne h\u00e5pe, dr\u00f8mme om og forvente. Men jeg pr\u00f8ver liksom \u00e5 l\u00e6re s\u00e5 mye jeg kan av det, og det er bedre enn \u00e5 svartmale.<\/p>\n<p data-lab-font_weight=\"\">Trener Sverre Huber Kaas er tydelig p\u00e5 at 29-\u00e5ringen ikke har vist OL-form hittil.<\/p>\n<p>\u2013 Vi \u00f8nsker at de som skal til OL, er topp 10-l\u00f8pere. Forel\u00f8pig<br \/>\nhar vi kanskje to til fire stykker som er i n\u00e6rheten av det, sier Kaas til TV 2.<\/p>\n<p>\u2013 Vi m\u00e5 opp noen hakk i konkurransene som gjenst\u00e5r f\u00f8r OL for \u00e5 ha fire klare topp 10-l\u00f8pere.<\/p>\n<p>Hittil ligger Tandrevold p\u00e5 en skuffende 33. plass i verdenscupen sammenlagt.\u00a0<\/p>\n<p>En 11. plass er beste individuelle plassering. Hjelmeset Kirkeeide og Knotten har s\u00e5 langt bedre resultat.<\/p>\n<p>Til OL skal det fem norske skiskyttere (inkludert reserve) p\u00e5 kvinnesiden.<\/p>\n<p>        Slik ligger de norske kvinnene an i verdenscupen<\/p>\n<p>Maren Hjelmeset Kirkeeide (5. plass), Karoline Knotten (13. plass), Marthe Kr\u00e5kstad Johansen (30. plass), Ingrid Landmark Tandrevold (33. plass), Marit \u00d8ygard (40. plass), \u00c5sne Skrede (70. plass).<\/p>\n<p>Kirkeeide er den eneste av de norske som har notert seg for pallplass s\u00e5 langt denne sesongen.<\/p>\n<p class=\"italic m-italic\" data-lab-italic=\"italic\">Per 20.12.25<\/p>\n<p class=\"bold m-bold\" data-lab-font_weight=\"bold\">\u2013 Jeg kan ikke ta ut noe OL-lag n\u00e5, men med den erfaringen Ingrid har, s\u00e5 skal det nok g\u00e5 bra. Men vi kan ikke ta henne ut akkurat n\u00e5, sier Huber Kaas.<\/p>\n<p data-lab-font_weight=\"\">Den endelige OL-troppen tas ut etter Ruhpolding-runden i januar.<\/p>\n<p>Bj\u00f8rndalen: \u2013 Ikke bekymret<\/p>\n<p data-lab-font_weight=\"\">TV 2s skiskytterekspert Ole Einar Bj\u00f8rndalen har f\u00f8lgende \u00e5 si om Tandrevolds OL-utsikter:<\/p>\n<p data-lab-font_weight=\"\"> \u2013 Jeg er ikke bekymret for om hun kommer seg til OL. Men om hun kommer seg i form, er noe annet, sier Bj\u00f8rndalen.<\/p>\n<p>        <img class=\"image__img lazyload\" itemprop=\"image\" title=\"Foto: Magnus Windelstad \/ TV 2\" alt=\"POSITIV: Ole Einar Bj\u00f8rndalen tror ikke OL ryker for Tandrevold. Foto: Magnus Windelstad \/ TV 2\" width=\"675\" height=\"507\" bad-src=\"https:\/\/www.europesays.com\/no\/wp-content\/uploads\/2025\/12\/18403353.webp\" fetchpriority=\"auto\" \/><\/p>\n<p>      POSITIV: Ole Einar Bj\u00f8rndalen tror ikke OL ryker for Tandrevold.<br \/>\n         Foto: Magnus Windelstad \/ TV 2<\/p>\n<p data-lab-font_weight=\"\"> \u2013 Hun m\u00e5 kneppe opp litt fysisk og skytemessig skal hun ha sjanse p\u00e5 medalje. <\/p>\n<p data-lab-font_weight=\"\">Eksperten mener Tandrevold m\u00e5 bruke den kommende tiden godt.<\/p>\n<p data-lab-font_weight=\"\">\u2013 \u00c5 komme til OL er ikke noe stort problem. Hun f\u00e5r god tid til \u00e5 trene n\u00e5. Det er bra. Hun m\u00e5 legge ned en god treningsperiode og holde seg frisk. \u00c5 f\u00e5 p\u00e5 plass det mentale er det som blir avgj\u00f8rende for henne.<\/p>\n<p>Simon: \u2013 Ikke lett<\/p>\n<p>Franske Julia Simon har hatt sitt \u00e5 stri med den siste tiden. Tidligere i \u00e5r ble hun d\u00f8mt for tyveri og bedrageri mot blant andre lagvenninnen Justine Braisaz-Bouchet. <\/p>\n<p>Hun gir sin fulle st\u00f8tte til sin norske venninne.<\/p>\n<p>\u2013 Det er ikke lett \u00e5 se en venn slite. Jeg kjenner henne, og vet at hun kan klare bedre enn dette. Hun er en t\u00f8ff konkurrent. Jeg kan ikke vente til hun er foran i l\u00f8ypa, sier Simon til TV 2.<\/p>\n<p>        <img class=\"image__img lazyload\" itemprop=\"image\" title=\"Foto: TOBIAS SCHWARZ \/ AFP\" alt=\"Julia Simon og Ingrid Landmark Tandrevold. Her fra Foto: TOBIAS SCHWARZ \/ AFP\" width=\"675\" height=\"534\" bad-src=\"https:\/\/www.europesays.com\/no\/wp-content\/uploads\/2025\/12\/18403667.webp\" fetchpriority=\"auto\" \/><\/p>\n<p>      Julia Simon og Ingrid Landmark Tandrevold. Her fra<br \/>\n         Foto: TOBIAS SCHWARZ \/ AFP<\/p>\n<p>\u2013 Hun vet hva som skal til. Hun har alt som skal til for \u00e5 vinne. Hun m\u00e5 bare fokusere, v\u00e6re selvsikker og nyte. Hun m\u00e5 leke p\u00e5 standplass &#8211; og ikke tvile. Bare nyte. <\/p>\n<p>    <a class=\"article__link\" data-ga-active-label=\"\" data-ga-active-label-animation=\"\" href=\"https:\/\/www.tv2.no\/sport\/bryter-tausheten-etter-dommen\/18380018\/\" rel=\"nofollow noopener\" target=\"_blank\"><\/p>\n<p>    <img class=\"image__img lazyload\" itemprop=\"image\" title=\"\" alt=\"\" width=\"978\" height=\"411\" bad-src=\"https:\/\/www.europesays.com\/no\/wp-content\/uploads\/2025\/12\/18380059.webp\" fetchpriority=\"auto\" \/><\/p>\n<p>\n            Bryter tausheten etter dommen\n        <\/p>\n<p>    <\/a><\/p>\n<p>Dette er planen<\/p>\n<p data-lab-font_weight=\"\">Til TV 2 forteller Tandrevold at hun skal prioritere skyting frem mot neste verdenscuprenn.<\/p>\n<p>\u2013 Jeg skal opp i h\u00f8yden og f\u00e5 trent bra og skutt p\u00e5 en vanskelig<br \/>\nskytebane.<\/p>\n<p>        <img class=\"image__img lazyload\" itemprop=\"image\" title=\"Foto: OLIVIER CHASSIGNOLE \/ AFP \/ NTB\" alt=\"BARE NESTEN: Tandrevold startet bra med 15 av 15 p\u00e5 jaktstarten, men skj\u00f8t to bom p\u00e5 siste st\u00e5ende. Foto: OLIVIER CHASSIGNOLE \/ AFP \/ NTB\" width=\"675\" height=\"561\" bad-src=\"https:\/\/www.europesays.com\/no\/wp-content\/uploads\/2025\/12\/1766311218_332_18403196.webp\" fetchpriority=\"auto\" \/><\/p>\n<p>      BARE NESTEN: Tandrevold startet bra med 15 av 15 p\u00e5 jaktstarten, men skj\u00f8t to bom p\u00e5 siste st\u00e5ende.<br \/>\n         Foto: OLIVIER CHASSIGNOLE \/ AFP \/ NTB<\/p>\n<p>Den planen tror treneren er fornuftig.<\/p>\n<p>\u2013 Ingrid m\u00e5 finne tryggheten. Hun m\u00e5 kjenne at hun har full kontroll<br \/>\np\u00e5 trening og dra det med seg inn i konkurranse, sier Huber Kaas.<\/p>\n","protected":false},"excerpt":{"rendered":"Den norske skiskytteren avsluttet sitt 2025 med 24. plass p\u00e5 jaktstarten i Frankrike.\u00a0 OL n\u00e6rmer seg med stormskritt,&hellip;\n","protected":false},"author":2,"featured_media":118740,"comment_status":"","ping_status":"","sticky":false,"template":"","format":"standard","meta":{"footnotes":""},"categories":[59],"tags":[30,28,29,83,82],"class_list":{"0":"post-118739","1":"post","2":"type-post","3":"status-publish","4":"format-standard","5":"has-post-thumbnail","7":"category-sport","8":"tag-no","9":"tag-norge","10":"tag-norway","11":"tag-sport","12":"tag-sports"},"share_on_mastodon":{"url":"https:\/\/pubeurope.com\/@no\/115756978845077297","error":""},"_links":{"self":[{"href":"https:\/\/www.europesays.com\/no\/wp-json\/wp\/v2\/posts\/118739","targetHints":{"allow":["GET"]}}],"collection":[{"href":"https:\/\/www.europesays.com\/no\/wp-json\/wp\/v2\/posts"}],"about":[{"href":"https:\/\/www.europesays.com\/no\/wp-json\/wp\/v2\/types\/post"}],"author":[{"embeddable":true,"href":"https:\/\/www.europesays.com\/no\/wp-json\/wp\/v2\/users\/2"}],"replies":[{"embeddable":true,"href":"https:\/\/www.europesays.com\/no\/wp-json\/wp\/v2\/comments?post=118739"}],"version-history":[{"count":0,"href":"https:\/\/www.europesays.com\/no\/wp-json\/wp\/v2\/posts\/118739\/revisions"}],"wp:featuredmedia":[{"embeddable":true,"href":"https:\/\/www.europesays.com\/no\/wp-json\/wp\/v2\/media\/118740"}],"wp:attachment":[{"href":"https:\/\/www.europesays.com\/no\/wp-json\/wp\/v2\/media?parent=118739"}],"wp:term":[{"taxonomy":"category","embeddable":true,"href":"https:\/\/www.europesays.com\/no\/wp-json\/wp\/v2\/categories?post=118739"},{"taxonomy":"post_tag","embeddable":true,"href":"https:\/\/www.europesays.com\/no\/wp-json\/wp\/v2\/tags?post=118739"}],"curies":[{"name":"wp","href":"https:\/\/api.w.org\/{rel}","templated":true}]}}