{"id":118747,"date":"2025-12-21T10:06:10","date_gmt":"2025-12-21T10:06:10","guid":{"rendered":"https:\/\/www.europesays.com\/no\/118747\/"},"modified":"2025-12-21T10:06:10","modified_gmt":"2025-12-21T10:06:10","slug":"selv-ikke-en-fastlege-kan-snakke-en-psykopat-til-rette","status":"publish","type":"post","link":"https:\/\/www.europesays.com\/no\/118747\/","title":{"rendered":"Selv ikke en fastlege kan snakke en psykopat til rette"},"content":{"rendered":"\n<p>Tor Langbach  Pensjonert jurist<\/p>\n<p>Publisert:<br \/>\n  21. desember 2025 kl. 10:00<br \/>\n  Oppdatert:<br \/>\n  21. desember 2025 kl. 10:00\n <\/p>\n<p>Dette er et debattinnlegg. Det gir uttrykk for debattantens egen holdning.<\/p>\n<p><strong>Drapet p\u00e5 L\u00f8kken<\/strong> kan gi grunnlag for mange refleksjoner. Lege Bj\u00f8rn Lyngens refleksjon i Adresseavisen er at <a href=\"https:\/\/www.adressa.no\/debatt\/i\/43dp3g\/vi-menn-er-noedt-til-aa-se-oss-i-speilet\" rel=\"noopener nofollow\" target=\"_blank\">\u00abvi menn er n\u00f8dt til \u00e5 se oss i speilet\u00bb<\/a>. Opplever vi en sint og hevngjerrig kjenning, mener Lyngen, m\u00e5 vi ta ham til side og snakke h\u00f8yt og tydelig om farlig sjalusi, og tilby hjelp. For all del, gj\u00f8r gjerne det, det kan denne kjenningen ha godt av, men det forhindrer neppe drap. Virkeligheten er ikke slik.<\/p>\n<p><strong>I de tjue tusen<\/strong> samlivsbrudd i \u00e5ret vi har i Norge, er det et veldig lite f\u00e5tall av menn som tyr til vold, og et ensifret antall som dreper eksen sin. At det skjer, er selvsagt skremmende. Men i 99,99 prosent av bruddene skjer det ikke noe slikt. At noen menn mishandler og til og med dreper en ekskj\u00e6reste, er et ekstremt unntak og har ikke noe med mannsrollen \u00e5 gj\u00f8re. Det finnes ingen mannsrolle i Norge hvor dette er en akseptert adferd. Hvorfor skal vi da se oss i speilet? Hva er dette egentlig snakk om?<\/p>\n<p><a href=\"https:\/\/www.adressa.no\/debatt\/i\/y5vA8r\/naa-er-det-nok\" rel=\"nofollow noopener\" target=\"_blank\"> <img decoding=\"async\" src=\"data:image\/gif;base64,R0lGODlhEAAJAIAAAP\/\/\/wAAACH5BAEAAAAALAAAAAAQAAkAAAIKhI+py+0Po5yUFQA7\" alt=\"\"\/>   N\u00e5 er det nok  <\/a> <a href=\"https:\/\/www.adressa.no\/debatt\/i\/43dp3g\/vi-menn-er-noedt-til-aa-se-oss-i-speilet\" rel=\"nofollow noopener\" target=\"_blank\"> <img decoding=\"async\" src=\"data:image\/gif;base64,R0lGODlhEAAJAIAAAP\/\/\/wAAACH5BAEAAAAALAAAAAAQAAkAAAIKhI+py+0Po5yUFQA7\" alt=\"\"\/>   Vi menn er n\u00f8dt til \u00e5 se oss i speilet  <\/a> <\/p>\n<p><strong>Det diskuteres<\/strong> i fagmilj\u00f8et om det er flere mannlige eller kvinnelige psykopater. Men at det er flere voldelige mannlige psykopater enn kvinnelige, er ikke noe \u00e5 diskutere; slik er det. Dette skyldes ikke samfunnets mannsrolle, men at en veldig liten andel menn er slik skrudd sammen at de er helt uten evne til empati, er selvsentrerte, aggressive og tar et brudd som en personlig krenkelse. Eller stort sett er psykopater, som er et naturlig begrep \u00e5 ty til, uten at det derved er sagt noe om L\u00f8kken-saken.<\/p>\n<p><strong>Selv ikke en fastlege<\/strong> kan snakke en psykopat til rette p\u00e5 en fest eller i en garderobe. Dette er folk med en personlighetsforstyrrelse, som det heter i psykiatrien, som etter all erfaring er utilgjengelige for fornuft eller behandling. Verken psykologisk terapi, sinnemestringskurs eller et fengselsopphold vil f\u00f8re til at denne typen menn endrer sin grunnleggende personlighet. Kanskje har b\u00e5de psykologer og dommere, og vi alle, v\u00e6rt for naive i forst\u00e5elsen av at noen mennesker handler ut fra det folk flest vil kalle ondskap.<\/p>\n<p><strong>For \u00e5 drepe<\/strong> en ekspartner er egentlig bare det \u2013 ren ondskap.<\/p>\n<p><strong>Hva mener du? Send inn din tekst til\u00a0<a href=\"https:\/\/www.adressa.no\/debatt\/i\/vrQm14\/mailto:debatt@adresseavisen.no\" rel=\"noopener nofollow\" target=\"_blank\">debatt@adresseavisen.no<\/a>\u00a0eller delta i debatten i kommentarfeltet nederst \u2013 og husk fullt navn!<\/strong><\/p>\n","protected":false},"excerpt":{"rendered":"Tor Langbach Pensjonert jurist Publisert: 21. desember 2025 kl. 10:00 Oppdatert: 21. desember 2025 kl. 10:00 Dette er&hellip;\n","protected":false},"author":2,"featured_media":118748,"comment_status":"","ping_status":"","sticky":false,"template":"","format":"standard","meta":{"footnotes":""},"categories":[5],"tags":[20,21,37,377,24,25,15,19,22,23,17,18,1007,13,30,28,29,14,16,14227,14228,14226,26,27],"class_list":{"0":"post-118747","1":"post","2":"type-post","3":"status-publish","4":"format-standard","5":"has-post-thumbnail","7":"category-overskrifter","8":"tag-breaking-news","9":"tag-breakingnews","10":"tag-debatt","11":"tag-drap","12":"tag-featured-news","13":"tag-featurednews","14":"tag-headlines","15":"tag-hovedoppslag","16":"tag-latest-news","17":"tag-latestnews","18":"tag-main-news","19":"tag-mainnews","20":"tag-menn","21":"tag-news","22":"tag-no","23":"tag-norge","24":"tag-norway","25":"tag-nyheter","26":"tag-overskrifter","27":"tag-personlighet","28":"tag-personlighetsforstyrrelse","29":"tag-psykopater","30":"tag-top-stories","31":"tag-topstories"},"share_on_mastodon":{"url":"https:\/\/pubeurope.com\/@no\/115757002568855526","error":""},"_links":{"self":[{"href":"https:\/\/www.europesays.com\/no\/wp-json\/wp\/v2\/posts\/118747","targetHints":{"allow":["GET"]}}],"collection":[{"href":"https:\/\/www.europesays.com\/no\/wp-json\/wp\/v2\/posts"}],"about":[{"href":"https:\/\/www.europesays.com\/no\/wp-json\/wp\/v2\/types\/post"}],"author":[{"embeddable":true,"href":"https:\/\/www.europesays.com\/no\/wp-json\/wp\/v2\/users\/2"}],"replies":[{"embeddable":true,"href":"https:\/\/www.europesays.com\/no\/wp-json\/wp\/v2\/comments?post=118747"}],"version-history":[{"count":0,"href":"https:\/\/www.europesays.com\/no\/wp-json\/wp\/v2\/posts\/118747\/revisions"}],"wp:featuredmedia":[{"embeddable":true,"href":"https:\/\/www.europesays.com\/no\/wp-json\/wp\/v2\/media\/118748"}],"wp:attachment":[{"href":"https:\/\/www.europesays.com\/no\/wp-json\/wp\/v2\/media?parent=118747"}],"wp:term":[{"taxonomy":"category","embeddable":true,"href":"https:\/\/www.europesays.com\/no\/wp-json\/wp\/v2\/categories?post=118747"},{"taxonomy":"post_tag","embeddable":true,"href":"https:\/\/www.europesays.com\/no\/wp-json\/wp\/v2\/tags?post=118747"}],"curies":[{"name":"wp","href":"https:\/\/api.w.org\/{rel}","templated":true}]}}