{"id":118753,"date":"2025-12-21T10:12:22","date_gmt":"2025-12-21T10:12:22","guid":{"rendered":"https:\/\/www.europesays.com\/no\/118753\/"},"modified":"2025-12-21T10:12:22","modified_gmt":"2025-12-21T10:12:22","slug":"jeg-var-helt-sikker-pa-at-hun-skulle-do","status":"publish","type":"post","link":"https:\/\/www.europesays.com\/no\/118753\/","title":{"rendered":"\u2013 Jeg var helt sikker p\u00e5 at hun skulle d\u00f8"},"content":{"rendered":"\n<ul class=\"_list_o9xde_3 _list_64s2r_85 _unordered_o9xde_106 text-sans-m\">\n<li class=\"_item_o9xde_30\">Ett \u00e5r gamle Vanessa kjemper for livet etter \u00e5 ha svelget tennv\u00e6ske.<\/li>\n<li class=\"_item_o9xde_30\">Takket v\u00e6re rask respons og intensiv behandling overlever hun.<\/li>\n<li class=\"_item_o9xde_30\">Foreldrene opplever fortsatt ettervirkninger, men er takknemlige for legenes innsats.<\/li>\n<li class=\"_item_o9xde_30\">Hendelsen har gjort dem mer bevisste p\u00e5 \u00e5 sikre kjemikalier hjemme.<\/li>\n<\/ul>\n<p>Vis mer <\/p>\n<p class=\"_paragraph_o9xde_4 _paragraph_xtcu6_10 layout-component text-serif-m layout-normal text-serif-m layout-padded\">Det er en fredelig og solfylt fredag p\u00e5 Flisa, et lite tettsted i Innlandet. <\/p>\n<p class=\"_paragraph_o9xde_4 _paragraph_xtcu6_10 layout-component text-serif-m layout-normal text-serif-m layout-padded\">\u2013 Samme dag hadde Vanessa l\u00e6rt seg \u00e5 si \u00abn\u00f8ff n\u00f8ff\u00bb. Vi spiste b\u00e6r fra hagen og lakket negler. Det var nydelig v\u00e6r, og planen var at vi skulle ha en fin dag sammen, forteller Kine Borg B\u00f8rresen (25).<\/p>\n<p class=\"_paragraph_o9xde_4 _paragraph_xtcu6_10 layout-component text-serif-m layout-normal text-serif-m layout-padded\">Det er 4. juli i \u00e5r. Dagen som har startet s\u00e5 perfekt for den lille familien, skal forvandle seg til et mareritt. <\/p>\n<p class=\"_paragraph_o9xde_4 _paragraph_xtcu6_10 layout-component text-serif-m layout-normal text-serif-m layout-padded\"><strong class=\"_strong_o9xde_25\">Det tar bare noen sekunder.<\/strong><\/p>\n<p class=\"_paragraph_o9xde_4 _paragraph_xtcu6_10 layout-component text-serif-m layout-normal text-serif-m layout-padded\">Mamma Kine smiler da hun ser ett\u00e5ringen man\u00f8vrere seg opp og ned av den rosa sklien. Hun tar opp mobilen og filmer datteren.<\/p>\n<p class=\"_paragraph_o9xde_4 _paragraph_xtcu6_10 layout-component text-serif-m layout-normal text-serif-m layout-padded\">Vanessa beveger seg fra sklien de f\u00e5 meterne bort til husveggen. Der ser hun glasset som st\u00e5r i et hj\u00f8rne.<\/p>\n<p class=\"_paragraph_o9xde_4 _paragraph_xtcu6_10 layout-component text-serif-m layout-normal text-serif-m layout-padded\">Idet Vanessa tar en slurk, begynner hun \u00e5 brekke seg. Kine ser at hun gisper etter luft.<\/p>\n<p class=\"_paragraph_o9xde_4 _paragraph_xtcu6_10 layout-component text-serif-m layout-normal text-serif-m layout-padded\">Moren skj\u00f8nner umiddelbart alvoret i situasjonen, griper glasset og lukter p\u00e5 innholdet. Mistanken blir \u00f8yeblikkelig bekreftet: <\/p>\n<p class=\"_paragraph_o9xde_4 _paragraph_xtcu6_10 layout-component text-serif-m layout-normal text-serif-m layout-padded\"><strong class=\"_strong_o9xde_25\">Glasset inneholder tennv\u00e6ske.<\/strong><\/p>\n<p> Snart skal Vanessa hentes av et ambulanse\u00adhelikopter.<\/p>\n<p class=\"_paragraph_o9xde_4 _paragraph_xtcu6_10 layout-component text-serif-m layout-normal text-serif-m layout-padded\">Kine fikk panikk og skj\u00f8nte at hun m\u00e5tte reagere raskt. Klokken var 14.23 da hun tastet inn 113 p\u00e5 telefonen.<\/p>\n<p class=\"_paragraph_o9xde_4 _paragraph_xtcu6_10 layout-component text-serif-m layout-normal text-serif-m layout-padded\">Med sin bakgrunn som helsefagarbeider fikk Kine raskt gitt den kritiske informasjonen:<\/p>\n<p class=\"_paragraph_o9xde_4 _paragraph_xtcu6_10 layout-component text-serif-m layout-normal text-serif-m layout-padded\">Vanessa hadde muligens svelget tennv\u00e6ske og trukket pusten. Hun fryktet v\u00e6sken hadde n\u00e5dd lungene til datteren.<\/p>\n<p class=\"_paragraph_o9xde_4 _paragraph_xtcu6_10 layout-component text-serif-m layout-normal text-serif-m layout-padded\">Frykten stemte: Slurken med tennv\u00e6ske hadde gitt Vanessa en akutt, kraftig kjemisk lungebetennelse.<\/p>\n<p class=\"_paragraph_o9xde_4 _paragraph_xtcu6_10 layout-component text-serif-m layout-normal text-serif-m layout-padded\"><strong class=\"_strong_o9xde_25\">\u2013 Jeg var helt sikker p\u00e5 at hun skulle d\u00f8, sier Kine til VG.<\/strong><\/p>\n<p><img alt=\"\" class=\"_image_qp4xg_65 layout-component layout-normal\" data-fullscreen- data-track-element-type=\"Article image fullscreen\" data-track-name=\"ImageFullscreen\" decoding=\"async\" loading=\"lazy\" height=\"5464\" itemprop=\"image\"  src=\"https:\/\/www.europesays.com\/no\/wp-content\/uploads\/2025\/12\/17395f90-34e6-4adf-afe7-35942022f7eb\"  style=\"object-position:0% 0%\" width=\"5461\"\/><\/p>\n<p class=\"_paragraph_o9xde_4 _paragraph_xtcu6_10 layout-component text-serif-m layout-normal text-serif-m layout-padded\">Glasset med tennv\u00e6sken ble satt der etter at gassgrillen hadde g\u00e5tt i stykker, og familien m\u00e5tte ta i bruk en kullgrill som erstatning.<\/p>\n<p class=\"_paragraph_o9xde_4 _paragraph_xtcu6_10 layout-component text-serif-m layout-normal text-serif-m layout-padded\">Fem m\u00e5neder senere grubler foreldrene fortsatt over hvordan glasset kunne havne der. De pr\u00f8ver \u00e5 ikke la sp\u00f8rsm\u00e5let spise dem opp.<\/p>\n<p><img alt=\"\" class=\"_image_qp4xg_65 layout-component layout-normal\" data-fullscreen- data-track-element-type=\"Article image fullscreen\" data-track-name=\"ImageFullscreen\" decoding=\"async\" loading=\"lazy\" height=\"5464\" itemprop=\"image\"  src=\"https:\/\/www.europesays.com\/no\/wp-content\/uploads\/2025\/12\/75d25981-f5ee-44bb-9bfd-ae333e61e600\"  style=\"object-position:0% 0%\" width=\"5644\"\/><\/p>\n<p class=\"_paragraph_o9xde_4 _paragraph_xtcu6_10 layout-component text-serif-m layout-normal text-serif-m layout-padded\">Da ambulansen kom til det gr\u00e5 huset, gikk det fort. Med Vanessa om bord satte den kursen mot Elverum sykehus.<\/p>\n<p class=\"_paragraph_o9xde_4 _paragraph_xtcu6_10 layout-component text-serif-m layout-normal text-serif-m layout-padded\">Kine, som var med i ambulansen, holdt kontinuerlig telefonkontakt med Vanessas far, Ruben Sormbroen (29). Samtidig ringte ambulansepersonellet etter ekspertr\u00e5d.<\/p>\n<p class=\"_paragraph_o9xde_4 _paragraph_xtcu6_10 layout-component text-serif-m layout-normal text-serif-m layout-padded\">Ved Giftinformasjonen hos Folkehelseinstituttet (FHI) satt overlege Fridtjof Heyerdahl som bakvakt denne dagen.<\/p>\n<p><img decoding=\"async\" alt=\"Bilde av Telefonen ringte, og han fikk h\u00f8re om den alvorlige situasjonen.\" class=\"_image_ygndg_42\" height=\"53\" itemprop=\"image\" loading=\"lazy\"  src=\"https:\/\/www.europesays.com\/no\/wp-content\/uploads\/2025\/12\/5a85df3c-fc2a-464e-b921-734f131a4941\"  width=\"40\"\/><strong class=\"_name_ygndg_51 title-serif-xs\">Telefonen ringte, og han fikk h\u00f8re om den alvorlige situasjonen.<\/strong><\/p>\n<p class=\"_paragraph_o9xde_4 _paragraph_xtcu6_10 layout-component text-serif-m layout-normal text-serif-m layout-padded\">Ambulansepersonellet fryktet at Vanessas lunger kunne kollapse og var redd hun ikke ville overleve bilturen til sykehuset.<\/p>\n<p class=\"_paragraph_o9xde_4 _paragraph_xtcu6_10 layout-component text-serif-m layout-normal text-serif-m layout-padded\">\u2013 Dette m\u00e5tte vi ta p\u00e5 ytterste alvor. Selv en liten mengde i lungene kan f\u00f8re til en kraftig kjemisk lungebetennelse, forteller Heyerdahl. <\/p>\n<p class=\"_paragraph_o9xde_4 _paragraph_xtcu6_10 layout-component text-serif-m layout-normal text-serif-m layout-padded\">Det ble besluttet at et helikopter skulle m\u00f8te ambulansebilen underveis.<\/p>\n<p class=\"_paragraph_o9xde_4 _paragraph_xtcu6_10 layout-component text-serif-m layout-normal text-serif-m layout-padded\">Den st\u00f8rste faren oppst\u00e5r ikke n\u00f8dvendigvis ved svelging, men n\u00e5r v\u00e6sken havner i lungene. Da brytes det beskyttende laget i lungene ned, noe som kan f\u00f8re til at lungene klapper sammen og en rask betennelsesreaksjon oppst\u00e5r. <\/p>\n<p class=\"_paragraph_o9xde_4 _paragraph_xtcu6_10 layout-component text-serif-m layout-normal text-serif-m layout-padded\"><strong class=\"_strong_o9xde_25\">Hos sm\u00e5 barn kan denne prosessen utvikle seg sv\u00e6rt raskt.<\/strong><\/p>\n<p class=\"_paragraph_o9xde_4 _paragraph_xtcu6_10 layout-component text-serif-m layout-normal text-serif-m layout-padded\">Ruben, som hadde kastet seg i bilen, rakk frem til helikopterlandings\u00adplassen i V\u00e5ler. Derfra ble Vanessa fl\u00f8yet til Ullev\u00e5l og senere <a href=\"https:\/\/www.vg.no\/tag\/rikshospitalet?utm_source=vg-article&amp;utm_medium=auto-tagger&amp;utm_campaign=y51V8x\" class=\"_link_o9xde_39\" rel=\"nofollow noopener\" target=\"_blank\">Rikshospitalet<\/a>. Det sjokkerte foreldreparet ble enige om at Ruben skulle bli med i helikopteret.<\/p>\n<p class=\"_paragraph_o9xde_4 _paragraph_xtcu6_10 layout-component text-serif-m layout-normal text-serif-m layout-padded\">Kine ble kj\u00f8rt til Elverum av ambulansesj\u00e5f\u00f8ren. Han nektet \u00e5 la Kine \u00e5 kj\u00f8re alene. Derfra fikk hun skyss med sin svigerinne til Oslo.<\/p>\n<p class=\"_paragraph_o9xde_4 _paragraph_xtcu6_10 layout-component text-serif-m layout-normal text-serif-m layout-padded\">I helikopteret mot Oslo hadde Ruben \u00f8yekontakt med Vanessa hele turen.<\/p>\n<p class=\"_paragraph_o9xde_4 _paragraph_xtcu6_10 layout-component text-serif-m layout-normal text-serif-m layout-padded\"><strong class=\"_strong_o9xde_25\">\u2013 Hun var sl\u00f8v, men stabil. Da vi landet, ble alt verre.<\/strong><\/p>\n<p class=\"_paragraph_o9xde_4 _paragraph_xtcu6_10 layout-component text-serif-m layout-normal text-serif-m layout-padded\">Ruben forsto alvoret da 15\u201317 personer sto klare til \u00e5 ta imot datteren. Det var tydelig at legene ogs\u00e5 var bekymret.<\/p>\n<p class=\"_paragraph_o9xde_4 _paragraph_xtcu6_10 layout-component text-serif-m layout-normal text-serif-m layout-padded\">\u2013 Vi fikk beskjed om at det ikke var sikkert at hun ville overleve, forteller Kine. <\/p>\n<p class=\"_paragraph_o9xde_4 _paragraph_xtcu6_10 layout-component text-serif-m layout-normal text-serif-m layout-padded\"><strong class=\"_strong_o9xde_25\">Hun beskriver ankomsten hos Rikshospitalet som et slag i magen.<\/strong><\/p>\n<p class=\"_paragraph_o9xde_4 _paragraph_xtcu6_10 layout-component text-serif-m layout-normal text-serif-m layout-padded\">\u2013 Jeg gikk inn p\u00e5 rommet hennes og br\u00f8t fullstendig sammen. Synet av min lille jente, koblet til alle disse maskinene &#8230; Det var uutholdelig.<\/p>\n<p class=\"_paragraph_o9xde_4 _paragraph_xtcu6_10 layout-component text-serif-m layout-normal text-serif-m layout-padded\">Kine forteller om legene Gunnar Bentsen og Linn Eidsnes, som ga foreldrene den t\u00f8ffe beskjeden: De visste ikke om de kunne redde Vanessa, men de skulle gj\u00f8re alt i sin makt.<\/p>\n<p class=\"_paragraph_o9xde_4 _paragraph_xtcu6_10 layout-component text-serif-m layout-normal text-serif-m layout-padded\">VG har v\u00e6rt i kontakt med Bentsen og Eidsnes, som ikke \u00f8nsker \u00e5 la seg intervjue. Men de er innforst\u00e5tt med at navnene deres nevnes i reportasjen.<\/p>\n<p> For Vanessa blir de f\u00f8rste 48 timene kritiske.<img alt=\"Foto: Privat\" class=\"_image_qp4xg_65 layout-component layout-fullscreen\" data-fullscreen- data-track-element-type=\"Article image fullscreen\" data-track-name=\"ImageFullscreen\" decoding=\"async\" loading=\"lazy\" height=\"4660\" itemprop=\"image\"  src=\"https:\/\/www.europesays.com\/no\/wp-content\/uploads\/2025\/12\/b2b4138c-a825-4559-8260-aa43cce7082f\"  style=\"object-position:42.364391011879206% 63.476394849785414%\" width=\"6987\"\/>Foto: Privat<\/p>\n<p class=\"_paragraph_o9xde_4 _paragraph_xtcu6_10 layout-component text-serif-m layout-normal text-serif-m layout-padded\">Hun legges i respirator med full pustest\u00f8tte. Ett\u00e5ringen har utviklet v\u00e6ske i lungene og har h\u00f8y feber og puls. P\u00e5 dag to forverres hun akutt, med delvis lungekollaps og mistanke om sepsissepsisBlodforgiftning (sepsis) inntreffer n\u00e5r en infeksjon f\u00f8rer til at kroppens organer svikter. Tilstanden er livstruende hvis den ikke blir oppdaget og behandlet i tide..<\/p>\n<p class=\"_paragraph_o9xde_4 _paragraph_xtcu6_10 layout-component text-serif-m layout-normal text-serif-m layout-padded\">Legene m\u00e5 oppgradere til en kraftigere respirator.<\/p>\n<p class=\"_paragraph_o9xde_4 _paragraph_xtcu6_10 layout-component text-serif-m layout-normal text-serif-m layout-padded\">\u2013 Det var veldig t\u00f8ft. Jeg fikk ikke sove, men Vanessa fikk all hjelp hun trengte, forteller Kine.<\/p>\n<p class=\"_paragraph_o9xde_4 _paragraph_xtcu6_10 layout-component text-serif-m layout-normal text-serif-m layout-padded\">P\u00e5 dag fire begynte lungene \u00e5 kollapse ytterligere. Som en siste utvei forbereder legene den kraftigste respiratoren \u2013 ECMOECMOECMO-behandling foreg\u00e5r ved hjelp av en modifisert hjerte\u2013lungemaskin som via plastslanger kobles til store blod\u00e5rer i kroppen. Maskinen kan brukes til \u00e5 avlaste et sviktende hjerte og\/eller lunger b\u00e5de hos voksne og barn..<\/p>\n<p class=\"_paragraph_o9xde_4 _paragraph_xtcu6_10 layout-component text-serif-m layout-normal text-serif-m layout-padded\">I siste liten lykkes legen Gunnar Berntsen med \u00e5 fjerne en stor slimpropp fra lungene, og Vanessas tilstand begynner endelig \u00e5 snu.<\/p>\n<p class=\"_paragraph_o9xde_4 _paragraph_xtcu6_10 layout-component text-serif-m layout-normal text-serif-m layout-padded\"><strong class=\"_strong_o9xde_25\">N\u00e5 er det opp til ett\u00e5ringen.<\/strong><\/p>\n<p><img alt=\"Foto: Privat\" class=\"_image_qp4xg_65 layout-component layout-normal\" data-fullscreen- data-track-element-type=\"Article image fullscreen\" data-track-name=\"ImageFullscreen\" decoding=\"async\" loading=\"lazy\" height=\"4269\" itemprop=\"image\"  src=\"https:\/\/www.europesays.com\/no\/wp-content\/uploads\/2025\/12\/65f239c5-66f1-4706-9c40-d61d4a76de95\"  style=\"object-position:0% 0%\" width=\"6400\"\/>Foto: Privat<\/p>\n<p class=\"_paragraph_o9xde_4 _paragraph_xtcu6_10 layout-component text-serif-m layout-normal text-serif-m layout-padded\">I syv dager blir hun liggende p\u00e5 respirator. P\u00e5 intensiven i ni d\u00f8gn og gjennom de tre ukene p\u00e5 sykehuset opplever Kine og Ruben familien som en uvurderlig st\u00f8tte. Sykehuskapellet blir en overraskende tr\u00f8st.<\/p>\n<p class=\"_paragraph_o9xde_4 _paragraph_xtcu6_10 layout-component text-serif-m layout-normal text-serif-m layout-padded\">\u2013 Vi var i sykehuskapellet nesten daglig. Vi er egentlig ikke s\u00e6rlig religi\u00f8se, men n\u00e5r du st\u00e5r der, gj\u00f8r du alt du kan. Vi hadde mange rundt oss som ville be for oss, sier Ruben.<\/p>\n<p class=\"_paragraph_o9xde_4 _paragraph_xtcu6_10 layout-component text-serif-m layout-normal text-serif-m layout-padded\">Foreldrene fikk s\u00e5 mange henvendelser og meldinger hver dag at de begynte \u00e5 sende ut en lang fellesmelding p\u00e5 kvelden med oppsummering av dagen.<\/p>\n<p class=\"_paragraph_o9xde_4 _paragraph_xtcu6_10 layout-component text-serif-m layout-normal text-serif-m layout-padded\"><strong class=\"_strong_o9xde_25\">\u2013 Vi hadde ikke overskudd til annet, sier Kine.<\/strong><\/p>\n<p><img alt=\"Foto: Privat\" class=\"_image_qp4xg_65 layout-component layout-normal\" data-fullscreen- data-track-element-type=\"Article image fullscreen\" data-track-name=\"ImageFullscreen\" decoding=\"async\" loading=\"lazy\" height=\"4224\" itemprop=\"image\"  src=\"https:\/\/www.europesays.com\/no\/wp-content\/uploads\/2025\/12\/119ba24d-bf9f-478d-9c91-c2a171a6c87f\"  style=\"object-position:0% 0%\" width=\"4222\"\/>Foto: Privat<\/p>\n<p class=\"_paragraph_o9xde_4 _paragraph_xtcu6_10 layout-component text-serif-m layout-normal text-serif-m layout-padded\">Det tok tre dager f\u00f8r Vanessa kunne g\u00e5 igjen etter at hun kom av respirator.<\/p>\n<p class=\"_paragraph_o9xde_4 _paragraph_xtcu6_10 layout-component text-serif-m layout-normal text-serif-m layout-padded\">Selv om Vanessa kom seg raskt etter intensivoppholdet, hadde hendelsen satt dype spor. Tre uker p\u00e5 Rikshospitalet var krevende for den lille familien. <\/p>\n<p class=\"_paragraph_o9xde_4 _paragraph_xtcu6_10 layout-component text-serif-m layout-normal text-serif-m layout-padded\">\u2013 Hun dr\u00f8mmer veldig mye, v\u00e5kner mye om natten og skriker. Hun har blitt mer klengete, forklarer Kine.<\/p>\n<p class=\"_paragraph_o9xde_4 _paragraph_xtcu6_10 layout-component text-serif-m layout-normal text-serif-m layout-padded\">Hun og Ruben har h\u00e5ndtert traumet ulikt. Begge ble sykemeldt, men Kine flyttet heller til foreldrene i noen uker enn \u00e5 bli v\u00e6rende hjemme i huset.<\/p>\n<p> N\u00e5 er Vanessa blitt halvannet \u00e5r.<img alt=\"\" class=\"_image_qp4xg_65 layout-component layout-fullscreen\" data-fullscreen- data-track-element-type=\"Article image fullscreen\" data-track-name=\"ImageFullscreen\" decoding=\"async\" loading=\"lazy\" height=\"5464\" itemprop=\"image\"  src=\"https:\/\/www.europesays.com\/no\/wp-content\/uploads\/2025\/12\/f2f35b76-6994-4ed6-99db-a3f4827e57af\"  style=\"object-position:53.289794921875% 17.578696925329428%\" width=\"8192\"\/><\/p>\n<p class=\"_paragraph_o9xde_4 _paragraph_xtcu6_10 layout-component text-serif-m layout-normal text-serif-m layout-padded\">Ute er det kj\u00f8lig novemberluft, men inne hos den lille familien p\u00e5 Flisa er det varmt og lunt. <\/p>\n<p class=\"_paragraph_o9xde_4 _paragraph_xtcu6_10 layout-component text-serif-m layout-normal text-serif-m layout-padded\">I sofaen sitter alle bamsene til Vanessa p\u00e5 rekke og rad. En av bamsene har h\u00e5rnett over \u00f8rene, og p\u00e5 armen st\u00e5r det \u00abGunnar\u00bb, etter den ene av legene som reddet livet hennes.<\/p>\n<p><img alt=\"\" class=\"_image_qp4xg_65 layout-component layout-normal\" data-fullscreen- data-track-element-type=\"Article image fullscreen\" data-track-name=\"ImageFullscreen\" decoding=\"async\" loading=\"lazy\" height=\"5422\" itemprop=\"image\"  src=\"https:\/\/www.europesays.com\/no\/wp-content\/uploads\/2025\/12\/af8eb186-4823-425e-9911-09f4845cf68a\"  style=\"object-position:0% 0%\" width=\"6253\"\/><\/p>\n<p class=\"_paragraph_o9xde_4 _paragraph_xtcu6_10 layout-component text-serif-m layout-normal text-serif-m layout-padded\">18. august startet Vanessa i barne\u00adhagen, men det er bare noen dager siden Kine hadde sin f\u00f8rste dag tilbake i jobb. Det ble to timer p\u00e5 arbeidsstedet. <\/p>\n<p class=\"_paragraph_o9xde_4 _paragraph_xtcu6_10 layout-component text-serif-m layout-normal text-serif-m layout-padded\">Hun forteller at hun har slitt veldig med angst og som helsefagarbeider i Elverum kom f\u00f8lelsene stadig tilbake.<\/p>\n<p class=\"_paragraph_o9xde_4 _paragraph_xtcu6_10 layout-component text-serif-m layout-normal text-serif-m layout-padded\">Ruben jobber som formann i et gjenvinningsfirma i Oslo og forteller at ogs\u00e5 for ham har tiden etter sykehusoppholdet v\u00e6rt t\u00f8ft.<\/p>\n<p class=\"_paragraph_o9xde_4 _paragraph_xtcu6_10 layout-component text-serif-m layout-normal text-serif-m layout-padded\">\u2013 Det var godt \u00e5 se kollegaene igjen. Men det var rart. Det blir mye. Veldig mange sp\u00f8r, og det blir slitsomt det ogs\u00e5.<\/p>\n<p class=\"_paragraph_o9xde_4 _paragraph_xtcu6_10 layout-component text-serif-m layout-normal text-serif-m layout-padded\">P\u00e5 sykehuset ble det laget en dagbok fra Vanessas opphold, med b\u00e5de tekst og bilder om hvordan dagene hennes hadde g\u00e5tt, p\u00e5 godt og vondt. Selv om boken i h\u00f8st har ligget hjemme i stuen, har ikke Ruben klart \u00e5 sette seg ned og se gjennom den.<\/p>\n<p class=\"_paragraph_o9xde_4 _paragraph_xtcu6_10 layout-component text-serif-m layout-normal text-serif-m layout-padded\">\u2013 Jeg husker egentlig ikke s\u00e5 mye fra den tiden, s\u00e5 det er fint at vi har bildeb\u00f8kene. Men dette er f\u00f8rste gang jeg blar i dem, sier han.<\/p>\n<p class=\"_paragraph_o9xde_4 _paragraph_xtcu6_10 layout-component text-serif-m layout-normal text-serif-m layout-padded\">Vanessa kryper opp i Rubens fang mens de blar gjennom bildene sammen. Med sm\u00e5 fingre drar hun opp ermene p\u00e5 genseren og peker p\u00e5 armen der n\u00e5lene en gang ble satt.<\/p>\n<p><img alt=\"\" class=\"_image_qp4xg_65 layout-component layout-normal\" data-fullscreen- data-track-element-type=\"Article image fullscreen\" data-track-name=\"ImageFullscreen\" decoding=\"async\" loading=\"lazy\" height=\"5464\" itemprop=\"image\"  src=\"https:\/\/www.europesays.com\/no\/wp-content\/uploads\/2025\/12\/fb0a7a64-80ad-41b0-8dcc-fe67cc9d77a6\"  style=\"object-position:0% 0%\" width=\"5461\"\/><\/p>\n<p class=\"_paragraph_o9xde_4 _paragraph_xtcu6_10 layout-component text-serif-m layout-normal text-serif-m layout-padded\">Kine observerer dem stille fra siden. Hun har lagt merke til at Vanessa ofte blir taus n\u00e5r hun og datteren ser i dagb\u00f8kene fra den tiden. Med en bekymret mine forteller Kine om de korte \u00f8yeblikkene der datteren blir p\u00e5fallende tankefull.<\/p>\n<p class=\"_paragraph_o9xde_4 _paragraph_xtcu6_10 layout-component text-serif-m layout-normal text-serif-m layout-padded\">Kine og Ruben forteller at de fokuserer p\u00e5 \u00e5 gi Vanessa gode dager og sk\u00e5ne henne fra traumettraumetTraume er en fellesbetegnelse p\u00e5 kroppslige skader eller f\u00f8lger av mentale skader. Begge typer kan for\u00e5rsake alvorlig skade p\u00e5 liv og helse.. De \u00f8nsker ogs\u00e5 \u00e5 advare andre om hvor raskt slike uhell kan skje.<\/p>\n<p> \u2013 Mange vi kjenner, har ryddet i skuffer og skap etter at dette skjedde, sier Ruben.<img alt=\"\" class=\"_image_qp4xg_65 layout-component layout-fullscreen\" data-fullscreen- data-track-element-type=\"Article image fullscreen\" data-track-name=\"ImageFullscreen\" decoding=\"async\" loading=\"lazy\" height=\"5464\" itemprop=\"image\"  src=\"https:\/\/www.europesays.com\/no\/wp-content\/uploads\/2025\/12\/e02e8676-dca2-404a-99b4-d04090663eb7\"  style=\"object-position:57.879638671875% 28.907393850658856%\" width=\"8192\"\/><\/p>\n<p class=\"_paragraph_o9xde_4 _paragraph_xtcu6_10 layout-component text-serif-m layout-normal text-serif-m layout-padded\">\u2013 Det er s\u00e5 lett at det skjer. En liten h\u00e5nd rekker fort frem.<\/p>\n<p class=\"_paragraph_o9xde_4 _paragraph_xtcu6_10 layout-component text-serif-m layout-normal text-serif-m layout-padded\">Legene har informert foreldrene om at Vanessa kan oppleve et s\u00e5kalt postintensiv-syndrompostintensiv-syndromPostintensiv-syndrom, ogs\u00e5 kjent som post-intensive care syndrome (PICS), er en samling av fysiske, kognitive og psykiske helseproblemer som kan oppst\u00e5 hos pasienter som har v\u00e6rt innlagt p\u00e5 intensivavdeling. Dette syndromet kan p\u00e5virke pasienter i lang tid etter at de er utskrevet fra sykehuset., som kan vare fra noen uker til opptil et par \u00e5r.<\/p>\n<p class=\"_paragraph_o9xde_4 _paragraph_xtcu6_10 layout-component text-serif-m layout-normal text-serif-m layout-padded\">Dette syndromet, forklarer de, er sannsynligvis et resultat av b\u00e5de traumene fra oppholdet og bivirkningene fra den omfattende medisineringen.<\/p>\n<p class=\"_paragraph_o9xde_4 _paragraph_xtcu6_10 layout-component text-serif-m layout-normal text-serif-m layout-padded\">Under den kritiske fasen av behandlingen fikk Vanessa opptil tolv ulike medisiner samtidig, en n\u00f8dvendig, men krevende inngripen. Kine beskriver nedtrappingsfasen som spesielt utfordrende.<\/p>\n<p class=\"_paragraph_o9xde_4 _paragraph_xtcu6_10 layout-component text-serif-m layout-normal text-serif-m layout-padded\">Vanessa opplevde sterke abstinenssymptomer.<\/p>\n<p><img alt=\"Foto: Privat\" class=\"_image_qp4xg_65 layout-component layout-normal\" data-fullscreen- data-track-element-type=\"Article image fullscreen\" data-track-name=\"ImageFullscreen\" decoding=\"async\" loading=\"lazy\" height=\"715\" itemprop=\"image\"  src=\"https:\/\/www.europesays.com\/no\/wp-content\/uploads\/2025\/12\/3ee7492a-6d2e-4760-aaed-90a36dae1b12\"  style=\"object-position:0% 0%\" width=\"715\"\/>Foto: Privat<\/p>\n<p class=\"_paragraph_o9xde_4 _paragraph_xtcu6_10 layout-component text-serif-m layout-normal text-serif-m layout-padded\">Overlege Fridtjof Heyerdahl sier til VG at slike forgiftninger var betydelig mer vanligere p\u00e5 80- og 90-tallet. Tilfellene er n\u00e5 sjeldnere. Dette skyldes i stor grad innf\u00f8ringen av barnesikre korker og en \u00f8kt bevissthet rundt sikker oppbevaring av kjemikalier.<\/p>\n<p class=\"_paragraph_o9xde_4 _paragraph_xtcu6_10 layout-component text-serif-m layout-normal text-serif-m layout-padded\">Overlegen understreker hvor viktig det alltid er \u00e5 oppbevare kjemikalier i originalemballasjen med sikkerhetskork for \u00e5 forebygge ulykker.<\/p>\n<p class=\"_paragraph_o9xde_4 _paragraph_xtcu6_10 layout-component text-serif-m layout-normal text-serif-m layout-padded\">\u2013 Mange av uhellene skjer fordi noen heller det over p\u00e5 Farris- eller brusflasker.<\/p>\n<p class=\"_paragraph_o9xde_4 _paragraph_xtcu6_10 layout-component text-serif-m layout-normal text-serif-m layout-padded\">I fjor ble Giftinformasjonen varslet om 15 barn under 9 \u00e5r som hadde v\u00e6rt i kontakt med tennv\u00e6ske. Inkluderes lignende produkter som lampeolje og bensin, \u00f8ker tallet til 75 hendelser.<\/p>\n<p><img alt=\"\" class=\"_image_qp4xg_65 layout-component layout-normal\" data-fullscreen- data-track-element-type=\"Article image fullscreen\" data-track-name=\"ImageFullscreen\" decoding=\"async\" loading=\"lazy\" height=\"5304\" itemprop=\"image\"  src=\"https:\/\/www.europesays.com\/no\/wp-content\/uploads\/2025\/12\/c4f3a358-2aaa-44f4-8799-1c0cf1a15921\"  style=\"object-position:0% 0%\" width=\"5302\"\/><\/p>\n<p class=\"_paragraph_o9xde_4 _paragraph_xtcu6_10 layout-component text-serif-m layout-normal text-serif-m layout-padded\">Legene p\u00e5peker at Vanessas sterke lunger, bygget opp som f\u00f8lge av kolikken hun hadde som baby, sammen med vekten hennes, var viktige faktorer for at hun klarte \u00e5 overleve. Dette er til tross for at hun gikk ned to kilo under det krevende sykehusoppholdet \u2013 fra elleve til ni kilo.<\/p>\n<p class=\"_paragraph_o9xde_4 _paragraph_xtcu6_10 layout-component text-serif-m layout-normal text-serif-m layout-padded\">Vanessas tilfelle er s\u00e5 sjeldent at legene p\u00e5 Rikshospitalet har presentert det p\u00e5 konferanser.<\/p>\n<p class=\"_paragraph_o9xde_4 _paragraph_xtcu6_10 layout-component text-serif-m layout-normal text-serif-m layout-padded\">Gunnar Berntsen, som har jobbet 27 \u00e5r p\u00e5 Rikshospitalet, bekrefter overfor VG at han ikke kan huske \u00e5 ha sett noen s\u00e5 alvorlig syke etter inhalasjon av tennv\u00e6ske.<\/p>\n<p class=\"_paragraph_o9xde_4 _paragraph_xtcu6_10 layout-component text-serif-m layout-normal text-serif-m layout-padded\">Med tydelig takknemlighet i stemmen fremhever Ruben innsatsen til legene Bentsen og Eidsnes som avgj\u00f8rende for at Vanessas overlevde.<\/p>\n<p class=\"_paragraph_o9xde_4 _paragraph_xtcu6_10 layout-component text-serif-m layout-normal text-serif-m layout-padded\">\u2013 Vi vil takke alle som tok vare p\u00e5 Vanessa p\u00e5 intensiven, spesielt de to sykepleierne p\u00e5 barneavdelingen og ambulansen som kom med \u00e9n gang vi ringte. De fortjener all ros, sier Kine.<\/p>\n<p class=\"_paragraph_o9xde_4 _paragraph_xtcu6_10 layout-component text-serif-m layout-normal text-serif-m layout-padded\"><strong class=\"_strong_o9xde_25\">Bamsen, den med h\u00e5rnett over hodet som heter Gunnar, g\u00e5r fra fang til fang.<\/strong><\/p>\n<p><img alt=\"\" class=\"_image_qp4xg_65 layout-component layout-normal\" data-fullscreen- data-track-element-type=\"Article image fullscreen\" data-track-name=\"ImageFullscreen\" decoding=\"async\" loading=\"lazy\" height=\"5414\" itemprop=\"image\"  src=\"https:\/\/www.europesays.com\/no\/wp-content\/uploads\/2025\/12\/4fe11517-f5e2-49dd-9026-b94073048d3d\"  style=\"object-position:0% 0%\" width=\"5411\"\/><\/p>\n<p class=\"_paragraph_o9xde_4 _paragraph_xtcu6_10 layout-component text-serif-m layout-normal text-serif-m layout-padded\">\u2013 Har dere opplevd at noen har stilt sp\u00f8rsm\u00e5l ved omstendighetene rundt hendelsen, eller om hvordan dette kunne skje?<\/p>\n<p class=\"_paragraph_o9xde_4 _paragraph_xtcu6_10 layout-component text-serif-m layout-normal text-serif-m layout-padded\"> \u2013 P\u00e5 sykehuset ble vi fortalt at det er mange barn som kommer inn etter \u00e5 ha v\u00e6rt i kj\u00f8kkenskap eller garasjer. Vi fikk st\u00f8tte istedenfor mistro, svarer Ruben.<\/p>\n<p class=\"_paragraph_o9xde_4 _paragraph_xtcu6_10 layout-component text-serif-m layout-normal text-serif-m layout-padded\">\u2013 Har dere kjent p\u00e5 skyldf\u00f8lelse?<\/p>\n<p class=\"_paragraph_o9xde_4 _paragraph_xtcu6_10 layout-component text-serif-m layout-normal text-serif-m layout-padded\">\u2013 Ja. Selv om ting skjedde s\u00e5 fort, kjenner vi p\u00e5 skyldf\u00f8lelse. Men det er som det ble sagt til oss p\u00e5 sykehuset: \u00abDere skal ikke sitte og f\u00f8le skyld.\u00bb Dette kunne skjedd hvem som helst, sier Kine. <\/p>\n<p class=\"_paragraph_o9xde_4 _paragraph_xtcu6_10 layout-component text-serif-m layout-normal text-serif-m layout-padded\"><strong class=\"_strong_o9xde_25\">\u2013 Men vi fikk henne tilbake. Det er det viktigste.<\/strong><\/p>\n<p> Ingrid Storeb\u00f8<\/p>\n<p class=\"text-sans-s\">Journalist<\/p>\n<p><img decoding=\"async\" alt=\"Ingrid Storeb\u00f8\" class=\"_image_uv074_179\" src=\"https:\/\/www.europesays.com\/no\/wp-content\/uploads\/2025\/12\/1766311941_600_b3fc896d-536d-4041-8257-79b6b2cd3323\" width=\"480\"\/>J\u00f8rgen Braastad (foto)<\/p>\n<p class=\"text-sans-s\">Journalist<\/p>\n<p><img decoding=\"async\" alt=\"J\u00f8rgen Braastad (foto)\" class=\"_image_uv074_179\" src=\"https:\/\/www.europesays.com\/no\/wp-content\/uploads\/2025\/12\/5a085561-f3f9-4a69-a5a4-26cb9fbfa812\" width=\"480\"\/>Kontakt J\u00f8rgen Braastad (foto)     <\/p>\n","protected":false},"excerpt":{"rendered":"Ett \u00e5r gamle Vanessa kjemper for livet etter \u00e5 ha svelget tennv\u00e6ske. Takket v\u00e6re rask respons og intensiv&hellip;\n","protected":false},"author":2,"featured_media":118754,"comment_status":"","ping_status":"","sticky":false,"template":"","format":"standard","meta":{"footnotes":""},"categories":[10],"tags":[20,21,24,25,15,813,22,23,13,30,28,29,14,16,9106,2805,26,27,1995,785],"class_list":{"0":"post-118753","1":"post","2":"type-post","3":"status-publish","4":"format-standard","5":"has-post-thumbnail","7":"category-norge","8":"tag-breaking-news","9":"tag-breakingnews","10":"tag-featured-news","11":"tag-featurednews","12":"tag-headlines","13":"tag-innlandet","14":"tag-latest-news","15":"tag-latestnews","16":"tag-news","17":"tag-no","18":"tag-norge","19":"tag-norway","20":"tag-nyheter","21":"tag-overskrifter","22":"tag-respirator","23":"tag-rikshospitalet","24":"tag-top-stories","25":"tag-topstories","26":"tag-vghelseoglivet","27":"tag-vghubben"},"share_on_mastodon":{"url":"https:\/\/pubeurope.com\/@no\/115757026539713755","error":""},"_links":{"self":[{"href":"https:\/\/www.europesays.com\/no\/wp-json\/wp\/v2\/posts\/118753","targetHints":{"allow":["GET"]}}],"collection":[{"href":"https:\/\/www.europesays.com\/no\/wp-json\/wp\/v2\/posts"}],"about":[{"href":"https:\/\/www.europesays.com\/no\/wp-json\/wp\/v2\/types\/post"}],"author":[{"embeddable":true,"href":"https:\/\/www.europesays.com\/no\/wp-json\/wp\/v2\/users\/2"}],"replies":[{"embeddable":true,"href":"https:\/\/www.europesays.com\/no\/wp-json\/wp\/v2\/comments?post=118753"}],"version-history":[{"count":0,"href":"https:\/\/www.europesays.com\/no\/wp-json\/wp\/v2\/posts\/118753\/revisions"}],"wp:featuredmedia":[{"embeddable":true,"href":"https:\/\/www.europesays.com\/no\/wp-json\/wp\/v2\/media\/118754"}],"wp:attachment":[{"href":"https:\/\/www.europesays.com\/no\/wp-json\/wp\/v2\/media?parent=118753"}],"wp:term":[{"taxonomy":"category","embeddable":true,"href":"https:\/\/www.europesays.com\/no\/wp-json\/wp\/v2\/categories?post=118753"},{"taxonomy":"post_tag","embeddable":true,"href":"https:\/\/www.europesays.com\/no\/wp-json\/wp\/v2\/tags?post=118753"}],"curies":[{"name":"wp","href":"https:\/\/api.w.org\/{rel}","templated":true}]}}