{"id":118755,"date":"2025-12-21T10:13:12","date_gmt":"2025-12-21T10:13:12","guid":{"rendered":"https:\/\/www.europesays.com\/no\/118755\/"},"modified":"2025-12-21T10:13:12","modified_gmt":"2025-12-21T10:13:12","slug":"e6-stenger-ved-sarpsborg-glatt","status":"publish","type":"post","link":"https:\/\/www.europesays.com\/no\/118755\/","title":{"rendered":"E6 stenger ved Sarpsborg: \u2013 Glatt"},"content":{"rendered":"\n<p class=\"_lead_o9xde_2 _lead_xtcu6_50 layout-component text-serif-m layout-normal text-serif-l layout-component layout-wide layout-padded _wide_17hqh_1 layout-padded\">E6 nordg\u00e5ende ved Kalnes stenges. <\/p>\n<p>Aktiver kart<\/p>\n<ul aria-hidden=\"true\" class=\"_images_ntbth_112\">\n<li><a class=\"_link_ntbth_117\" href=\"https:\/\/www.vg.no\/forfatter\/signe-rosenlund-hauglid\" style=\"z-index:2\" title=\"Signe Rosenlund-Hauglid\" rel=\"nofollow noopener\" target=\"_blank\"><img alt=\"Bilde av Signe Rosenlund-Hauglid\" class=\"_image_ntbth_93\" fetchpriority=\"low\" loading=\"lazy\" decoding=\"async\" itemprop=\"image\"  src=\"https:\/\/www.europesays.com\/no\/wp-content\/uploads\/2025\/12\/1766311989_512_65e9df60-b046-4add-b7dd-10f1cf4fbd21\"  width=\"480\"\/><\/a><\/li>\n<li><a class=\"_link_ntbth_117\" href=\"https:\/\/www.vg.no\/forfatter\/vilde-elgaaen\" style=\"z-index:1\" title=\"Vilde Elgaaen\" rel=\"nofollow noopener\" target=\"_blank\"><img alt=\"Bilde av Vilde Elgaaen\" class=\"_image_ntbth_93\" fetchpriority=\"low\" loading=\"lazy\" decoding=\"async\" itemprop=\"image\"  src=\"https:\/\/www.europesays.com\/no\/wp-content\/uploads\/2025\/12\/1766311990_424_d7abc11e-e453-4b15-b473-933209ff5fea\"  width=\"480\"\/><\/a><\/li>\n<\/ul>\n<p> Oppdatert s\u00f8ndag 21. desember kl. 11:10     <\/p>\n<p class=\"_paragraph_o9xde_4 _paragraph_xtcu6_10 layout-component text-serif-m layout-normal text-serif-m layout-padded\">\u2013 Patruljen vurderer E6 til \u00e5 v\u00e6re s\u00e5pass glatt at det ikke er forsvarlig \u00e5 \u00e5pne for fri ferdsel igjen f\u00f8r saltbilen har v\u00e6rt p\u00e5 stedet. Trafikken dirigeres over p\u00e5 gamlevegen til Solli inntil videre, skriver \u00d8st politidistrikt i loggen. <\/p>\n<p class=\"_paragraph_o9xde_4 _paragraph_xtcu6_10 layout-component text-serif-m layout-normal text-serif-m layout-padded\">Oppdragsleder Andreas Paulsen sier til VG at en ulykke avsl\u00f8rte kj\u00f8reforholdene. <\/p>\n<p class=\"_paragraph_o9xde_4 _paragraph_xtcu6_10 layout-component text-serif-m layout-normal text-serif-m layout-padded\">\u2013 Det har v\u00e6rt en bil i autovernet som snurret rundt. Det er ikke meldt om personskade, sier han. <\/p>\n<p class=\"_paragraph_o9xde_4 _paragraph_xtcu6_10 layout-component text-serif-m layout-normal text-serif-m layout-padded\">\u2013 Vi jobber med \u00e5 l\u00f8se opp k\u00f8en s\u00e5 fort som mulig. <\/p>\n<p class=\"_paragraph_o9xde_4 _paragraph_xtcu6_10 layout-component text-serif-m layout-normal text-serif-m layout-padded\">Trafikkoperat\u00f8r Barbro Evensen Venhagen i Veitrafikksentralen \u00d8st opplyser til VG at en saltbil nettopp har v\u00e6rt p\u00e5 stedet ved <a href=\"https:\/\/www.vg.no\/tag\/sarpsborg?utm_source=vg-article&amp;utm_medium=auto-tagger&amp;utm_campaign=BxRWkw\" class=\"_link_o9xde_39\" rel=\"nofollow noopener\" target=\"_blank\">Sarpsborg<\/a> i 11-tiden. <\/p>\n<p class=\"_paragraph_o9xde_4 _paragraph_xtcu6_10 layout-component text-serif-m layout-normal text-serif-m layout-padded\">\u2013 Da sola kom, s\u00e5 slo det seg, s\u00e6rlig i det ene feltet hvor skyggen faller. Det er bare litt kjedelig at det skal v\u00e6re akkurat p\u00e5 Europaveien, sier hun til VG. <\/p>\n<p>Glatt flere steder<\/p>\n<p class=\"_paragraph_o9xde_4 _paragraph_xtcu6_10 layout-component text-serif-m layout-normal text-serif-m layout-padded\">Ogs\u00e5 p\u00e5 Vestlandet meldes det om krevende kj\u00f8reforhold. <\/p>\n<p class=\"_paragraph_o9xde_4 _paragraph_xtcu6_10 layout-component text-serif-m layout-normal text-serif-m layout-padded\">\u2013 Man b\u00f8r v\u00e6re obs p\u00e5 hele Vestlandet, sier trafikkoperat\u00f8r Tina Fjelldavli ved Vegtrafikksentralen vest s\u00f8ndag formiddag.Hun forteller at de har f\u00e5tt meldinger om glatte omtrent over hele linja, og nevner E134, E49 og E16. <\/p>\n<p class=\"_paragraph_o9xde_4 _paragraph_xtcu6_10 layout-component text-serif-m layout-normal text-serif-m layout-padded\">\u2013 Folk b\u00f8r kj\u00f8re forsiktig. Det er svart vei, s\u00e5 den ser gjerne ikke glatt ut, men fordi det er kald veibane og en oppklaring i v\u00e6ret n\u00e5, s\u00e5 blir det glatt.<\/p>\n<p>    <img decoding=\"async\" alt=\"Tips oss illustrasjon\" src=\"https:\/\/www.europesays.com\/no\/wp-content\/uploads\/2025\/10\/pssst-small.webp.webp\"\/>    <\/p>\n<p class=\"title-serif-s\">Har du tips?<\/p>\n<p class=\"text-sans-m\">Send oss informasjon, bilder eller video.<\/p>\n<p>  <a href=\"https:\/\/www.vg.no\/tips-oss\" rel=\"nofollow noopener\" target=\"_blank\"> Tips oss <\/a>      <\/p>\n","protected":false},"excerpt":{"rendered":"E6 nordg\u00e5ende ved Kalnes stenges. Aktiver kart Oppdatert s\u00f8ndag 21. desember kl. 11:10 \u2013 Patruljen vurderer E6 til&hellip;\n","protected":false},"author":2,"featured_media":118756,"comment_status":"","ping_status":"","sticky":false,"template":"","format":"standard","meta":{"footnotes":""},"categories":[5],"tags":[31,20,21,24,25,9149,15,19,22,23,17,18,13,30,28,29,14,16,415,812,26,27,224],"class_list":{"0":"post-118755","1":"post","2":"type-post","3":"status-publish","4":"format-standard","5":"has-post-thumbnail","7":"category-overskrifter","8":"tag-breaking","9":"tag-breaking-news","10":"tag-breakingnews","11":"tag-featured-news","12":"tag-featurednews","13":"tag-glatt","14":"tag-headlines","15":"tag-hovedoppslag","16":"tag-latest-news","17":"tag-latestnews","18":"tag-main-news","19":"tag-mainnews","20":"tag-news","21":"tag-no","22":"tag-norge","23":"tag-norway","24":"tag-nyheter","25":"tag-overskrifter","26":"tag-ost-politidistrikt","27":"tag-sarpsborg","28":"tag-top-stories","29":"tag-topstories","30":"tag-trafikk"},"share_on_mastodon":{"url":"https:\/\/pubeurope.com\/@no\/115757030535929046","error":""},"_links":{"self":[{"href":"https:\/\/www.europesays.com\/no\/wp-json\/wp\/v2\/posts\/118755","targetHints":{"allow":["GET"]}}],"collection":[{"href":"https:\/\/www.europesays.com\/no\/wp-json\/wp\/v2\/posts"}],"about":[{"href":"https:\/\/www.europesays.com\/no\/wp-json\/wp\/v2\/types\/post"}],"author":[{"embeddable":true,"href":"https:\/\/www.europesays.com\/no\/wp-json\/wp\/v2\/users\/2"}],"replies":[{"embeddable":true,"href":"https:\/\/www.europesays.com\/no\/wp-json\/wp\/v2\/comments?post=118755"}],"version-history":[{"count":0,"href":"https:\/\/www.europesays.com\/no\/wp-json\/wp\/v2\/posts\/118755\/revisions"}],"wp:featuredmedia":[{"embeddable":true,"href":"https:\/\/www.europesays.com\/no\/wp-json\/wp\/v2\/media\/118756"}],"wp:attachment":[{"href":"https:\/\/www.europesays.com\/no\/wp-json\/wp\/v2\/media?parent=118755"}],"wp:term":[{"taxonomy":"category","embeddable":true,"href":"https:\/\/www.europesays.com\/no\/wp-json\/wp\/v2\/categories?post=118755"},{"taxonomy":"post_tag","embeddable":true,"href":"https:\/\/www.europesays.com\/no\/wp-json\/wp\/v2\/tags?post=118755"}],"curies":[{"name":"wp","href":"https:\/\/api.w.org\/{rel}","templated":true}]}}