{"id":11876,"date":"2025-08-19T05:52:12","date_gmt":"2025-08-19T05:52:12","guid":{"rendered":"https:\/\/www.europesays.com\/no\/11876\/"},"modified":"2025-08-19T05:52:12","modified_gmt":"2025-08-19T05:52:12","slug":"nar-alle-gode-krefter-ikke-er-godt-nok-for-regjeringen","status":"publish","type":"post","link":"https:\/\/www.europesays.com\/no\/11876\/","title":{"rendered":"N\u00e5r alle gode krefter ikke er godt nok for regjeringen"},"content":{"rendered":"<p><strong>Debattinnlegg av Ulf M. Singstad, daglig leder Jobzone Agder<\/strong><\/p>\n<p>Hver dag g\u00e5r vi p\u00e5 jobb med m\u00e5l om \u00e5 hjelpe folk tilbake til jobb, samtidig som vi hjelper bedrifter med \u00e5 f\u00e5 tak i folkene de trenger. Her er noen refleksjoner fra v\u00e5r hverdag i bemanningsbransjen som politikerne b\u00f8r merke seg p\u00e5 vei inn i valgkampinnspurten.<\/p>\n<p>Noe av det mest givende for oss er n\u00e5r vi kan finne en jobb til noen som st\u00e5r utenfor arbeidslivet. Det gir arbeidstakeren egen inntekt og mulighet til l\u00e5n i banken og alt annet som h\u00f8rer hverdagen til, og det gir bedriften tilgang p\u00e5 arbeidskraft. En vinn-vinn-situasjon. Bemanningsbransjens egne medarbeiderunders\u00f8kelser viser at andelen arbeidsledige som har f\u00e5tt jobb via bemanningsforetak er n\u00e6rmest halvert sammenlignet med f\u00f8r 2023, da regjeringen strammet kraftig inn p\u00e5 utleiereglene. I 2020 kom 40 prosent fra arbeidsledighet. I 2024 hadde dette falt til 23 prosent. Hva har endret seg i denne perioden? Jo, innf\u00f8ringen av regjeringens begrensninger i adgangen til \u00e5 leie inn arbeidskraft. Det er derfor vanskelig \u00e5 peke p\u00e5 en annen \u00e5rsaksforklaring.<\/p>\n<p>I en rapport og unders\u00f8kelse utf\u00f8rt av Ny Analyse svarer rundt halvparten av bemanningsbedriftene at innleierestriksjonene har gjort det mye vanskeligere \u00e5 tilby ungdom og studenter, trygdede, og ikke-vestlige innvandrere og flyktninger jobb. Med andre ord har politikerne, med vitende og vilje, kraftig begrenset v\u00e5r mulighet til \u00e5 hjelpe de som har mest behov for det. Hvorfor dette er riktig prioritering, i en tid da alle partier snakker om \u00e5 hjelpe flere fra utenforskap inn i arbeidslivet, m\u00e5 noen andre enn oss svare p\u00e5. Vi ser de praktiske konsekvensene av politikken som f\u00f8res, og det gir lite mening.<\/p>\n<p>Vi, og mange av v\u00e5re kollegaer i andre bemanningsforetak, rekrutterer medarbeidere til ulike bransjer. Vi ser tydelig hvordan bedrifter i forskjellige bransjer har tilpasset seg reglene p\u00e5 ulikt vis. Og dette underst\u00f8ttes i en rapport fra Menon. Der kommer det fram at bedrifter som kan inng\u00e5 lokale avtaler med fagforeningene fortsetter \u00e5 leie inn arbeidskraft. Dette ser vi spesielt i industrien. Mindre bedrifter hvor medarbeiderne ikke har valgt \u00e5 organisere seg, har ikke denne muligheten. Det er en urettferdighet i regjeringens begrensninger som vi merker tydelig i v\u00e5r region.<\/p>\n<p>La oss heller ikke glemme effektene det har for arbeidstakere som tidligere var ansatt i bemanningsbedrifter. Siden innleierestriksjonene tr\u00e5dte i kraft i april 2023 har antall arbeidsforhold og l\u00f8nnstakere i bemanningsbransjen g\u00e5tt ned med rundt 18 prosent, if\u00f8lge tall fra SSB. Mange av disse medarbeiderne har g\u00e5tt fra \u00e5 v\u00e6re fast ansatt i en av v\u00e5re bemanningsbedrifter til \u00e5 bli midlertidig ansatt i en annen virksomhet. Vi har til gode \u00e5 forst\u00e5 p\u00e5 hvilken m\u00e5te dette gir dem bedre l\u00f8nns- og arbeidsvilk\u00e5r. Det er et paradoks venstresiden glatt ignorerer.<\/p>\n<p>Dessverre opplever vi at v\u00e5rt budskap faller for d\u00f8ve \u00f8rer hos politikere fra Arbeiderpartiet og til venstre for dem. Hva skal til for at dere omsider lytter til erfaringene fra bransjen? Som fjellvettreglene sier: Det er ingen skam \u00e5 snu. Det er p\u00e5 tide \u00e5 igjen gi bedriftene mulighet til \u00e5 leie inn arbeidskraft ved midlertidig behov. Da f\u00e5r vi flere i jobb og flere bedrifter i v\u00e5r region som kan levere oppdragene de p\u00e5tar seg.<\/p>\n<p>Oppfordringen er herved gitt!<\/p>\n","protected":false},"excerpt":{"rendered":"Debattinnlegg av Ulf M. Singstad, daglig leder Jobzone Agder Hver dag g\u00e5r vi p\u00e5 jobb med m\u00e5l om&hellip;\n","protected":false},"author":2,"featured_media":11877,"comment_status":"","ping_status":"","sticky":false,"template":"","format":"standard","meta":{"footnotes":""},"categories":[10],"tags":[465,20,21,24,25,15,22,23,13,30,28,29,14,16,199,26,27],"class_list":{"0":"post-11876","1":"post","2":"type-post","3":"status-publish","4":"format-standard","5":"has-post-thumbnail","7":"category-norge","8":"tag-arbeidsliv","9":"tag-breaking-news","10":"tag-breakingnews","11":"tag-featured-news","12":"tag-featurednews","13":"tag-headlines","14":"tag-latest-news","15":"tag-latestnews","16":"tag-news","17":"tag-no","18":"tag-norge","19":"tag-norway","20":"tag-nyheter","21":"tag-overskrifter","22":"tag-stortingsvalg","23":"tag-top-stories","24":"tag-topstories"},"share_on_mastodon":{"url":"","error":""},"_links":{"self":[{"href":"https:\/\/www.europesays.com\/no\/wp-json\/wp\/v2\/posts\/11876","targetHints":{"allow":["GET"]}}],"collection":[{"href":"https:\/\/www.europesays.com\/no\/wp-json\/wp\/v2\/posts"}],"about":[{"href":"https:\/\/www.europesays.com\/no\/wp-json\/wp\/v2\/types\/post"}],"author":[{"embeddable":true,"href":"https:\/\/www.europesays.com\/no\/wp-json\/wp\/v2\/users\/2"}],"replies":[{"embeddable":true,"href":"https:\/\/www.europesays.com\/no\/wp-json\/wp\/v2\/comments?post=11876"}],"version-history":[{"count":0,"href":"https:\/\/www.europesays.com\/no\/wp-json\/wp\/v2\/posts\/11876\/revisions"}],"wp:featuredmedia":[{"embeddable":true,"href":"https:\/\/www.europesays.com\/no\/wp-json\/wp\/v2\/media\/11877"}],"wp:attachment":[{"href":"https:\/\/www.europesays.com\/no\/wp-json\/wp\/v2\/media?parent=11876"}],"wp:term":[{"taxonomy":"category","embeddable":true,"href":"https:\/\/www.europesays.com\/no\/wp-json\/wp\/v2\/categories?post=11876"},{"taxonomy":"post_tag","embeddable":true,"href":"https:\/\/www.europesays.com\/no\/wp-json\/wp\/v2\/tags?post=11876"}],"curies":[{"name":"wp","href":"https:\/\/api.w.org\/{rel}","templated":true}]}}