{"id":118761,"date":"2025-12-21T10:20:14","date_gmt":"2025-12-21T10:20:14","guid":{"rendered":"https:\/\/www.europesays.com\/no\/118761\/"},"modified":"2025-12-21T10:20:14","modified_gmt":"2025-12-21T10:20:14","slug":"ber-om-hjelp-for-a-slippe-dette-e24","status":"publish","type":"post","link":"https:\/\/www.europesays.com\/no\/118761\/","title":{"rendered":"Ber om hjelp for \u00e5 slippe dette \u2013 E24"},"content":{"rendered":"<p class=\"fullWidthDesktop hyperion-css-71ztg2\" data-test-tag=\"lead-text\">Bryggeriforeningen har f\u00e5tt \u00f8kt h\u00e5p i kampen om \u00e5 bevare \u00abverdens beste pantesystem\u00bb. Det skal ikke tilskrives norske politikere.<\/p>\n<p><img decoding=\"async\" class=\"image-asset hyperion-css-13bgx1s\" data-test-tag=\"image-asset\" src=\"https:\/\/www.europesays.com\/no\/wp-content\/uploads\/2025\/12\/98c6ef96-86d7-4c5f-a8e1-28a174966aba\"  alt=\"GAMLE DAGER: Tidligere kom brusen p\u00e5 flasker av langt hardere plast enn i dag, mens \u00f8l kom p\u00e5 glassflasker i tillegg til boks. Flaskene ble vasket og brukt om igjen.\"  loading=\"eager\" fetchpriority=\"high\" style=\"aspect-ratio:1900 \/ 1163\"\/>GAMLE DAGER: Tidligere kom brusen p\u00e5 flasker av langt hardere plast enn i dag, mens \u00f8l kom p\u00e5 glassflasker i tillegg til boks. Flaskene ble vasket og brukt om igjen. Foto: RingnesPublisert: Publisert: <\/p>\n<p>For mindre enn 30 minutter siden<\/p>\n<p>Kortversjonen<\/p>\n<ul class=\"hyperion-css-pkq1ci\" data-test-tag=\"list\">\n<li class=\"hyperion-css-12h2ush\">EU-krav om ombruk av emballasje kan tvinge Norge tilbake til tykke \u00abvaskeflasker\u00bb og mindre effektive pantesystemer. Norgesgruppen har advart mot h\u00f8yere matpriser.<\/li>\n<li class=\"hyperion-css-12h2ush\">Bryggeriforeningen er mer optimistisk om kampen for \u00e5 bevare det norske pantesystemet.<\/li>\n<li class=\"hyperion-css-12h2ush\">Sjef Erlend Fuglum mener EU-kommisjonen har blitt mer lyttende enn det norske Milj\u00f8direktoratet i saken.<\/li>\n<li class=\"hyperion-css-12h2ush\">Neste halv\u00e5r blir avgj\u00f8rende for om Norge kan f\u00e5 unntak fra EUs kommende emballasjeforordning.<\/li>\n<\/ul>\n<p class=\"hyperion-css-10lbhat\">Oppsummeringen er laget av AI-verkt\u00f8yet ChatGPT og kvalitetssikret av E24s journalister<\/p>\n<p>Vis mer <\/p>\n<ul class=\"hyperion-css-pte5x0\">\n<li aria-label=\"link\" class=\"narrow-button hyperion-css-1sz7d3n\">Kopier lenke<\/li>\n<li aria-label=\"link\" class=\"wide-button hyperion-css-1sz7d3n\">Kopier lenke<\/li>\n<li aria-label=\"facebook\" class=\"narrow-button hyperion-css-1sz7d3n\">Del p\u00e5 Facebook<\/li>\n<li aria-label=\"facebook\" class=\"wide-button hyperion-css-1sz7d3n\">Del p\u00e5 Facebook<\/li>\n<li aria-label=\"email\" class=\"narrow-button hyperion-css-1sz7d3n\">Del med e-post<\/li>\n<li aria-label=\"email\" class=\"wide-button hyperion-css-1sz7d3n\">Del med e-post<\/li>\n<\/ul>\n<p class=\"hyperion-css-1lemvax\">\u2013 Jeg t\u00f8r ikke \u00e5 sp\u00e5, men jeg er faktisk litt mer optimist n\u00e5 enn p\u00e5 samme tid i fjor, sier Erlend Fuglum, sjef i Bryggeriforeningen. <\/p>\n<p class=\"hyperion-css-1lemvax\">Det siste \u00e5ret har han brukt vel s\u00e5 mye tid p\u00e5 \u00e5 jobbe med EUs nye emballasjeforordning som han har brukt p\u00e5 rene Norge-diskusjoner. Omtrent annenhver m\u00e5ned har han selv reist til Brussel for \u00e5 lobbe for bransjens interesser. <\/p>\n<p class=\"hyperion-css-1lemvax\">I EU-sammenheng handler det om \u00e5 f\u00e5 unntak fra unionens kommende krav til ombruk. Kravene vil gj\u00f8re at Norge m\u00e5 ha et pantesystem for at flasker kan vaskes og gjenbrukes, i motsetning til dagens resirkuleringsordningresirkuleringsordningI stedet for retur, vask og gjenbruk, blir norske flasker og bokser resirkulert. Spoler man 10\u201315 \u00e5r tilbake i tid, s\u00e5 brus- og \u00f8l-avdelingen i matbutikken ganske annerledes ut. Der fant man stabler med norskbrygget \u00f8l p\u00e5 glassflasker, mens brusen var tappet p\u00e5 langt hardere og tykkere plastflasker enn i dag. Disse flaskene t\u00e5lte vask og kunne brukes om igjen..<\/p>\n<p><a data-test-tag=\"teaser-small:link-internal\" href=\"https:\/\/e24.no\/boers-og-finans\/i\/43j0o9\/kvadsheim-tips-skikkelig-gode-fond\" class=\"imagePosition-top inline hyperion-css-6238vu\" rel=\"nofollow noopener\" target=\"\" aria-label=\"Kvadsheim-tips: \u2013 Skikkelig gode fond\"><\/p>\n<p>Les p\u00e5 E24+<\/p>\n<p>Kvadsheim-tips: \u2013 Skikkelig gode fond<\/p>\n<p><\/a><\/p>\n<p class=\"hyperion-css-1lemvax\">Kostnadene ved \u00e5 legge om pantesystemet vil v\u00e6re s\u00e5 omfattende at det kan f\u00f8re til h\u00f8yere matpriser, har handelsgiganten <a data-test-tag=\"internal-link\" href=\"https:\/\/e24.no\/naeringsliv\/i\/dwX2O1\/bryggerier-kan-bli-tvunget-til-flaskevask-helt-meningsloest\" class=\"hyperion-css-1rezu2g\" rel=\"nofollow noopener\" target=\"\" aria-label=\"Norgesgruppen\">Norgesgruppen<\/a> tidligere advart.<\/p>\n<p class=\"hyperion-css-1lemvax\">\u2013 Det er utrolig viktig at vi klarer \u00e5 skape en forst\u00e5else for at vi har et velfungerende system med veldig gode milj\u00f8resultater, som det er ingen grunn til \u00e5 tukle med, sier Fuglum. <\/p>\n<p class=\"hyperion-css-1lemvax\">I mange europeiske land er de langt fra like dyktige til \u00e5 pante som vi er. Derfor kommer det snart krav om en viss andel ombruk. Gjennom E\u00d8S-samarbeidet vil regelverket treffe Norge.<\/p>\n<p class=\"hyperion-css-1lemvax\">Det vil ta oss tilbake til fortiden, frykter Fuglum. Til et pantesystem med tykke \u00abvaskeflasker\u00bb i plast, flere arbeidstimer p\u00e5 bakrommet og mer tungtransport p\u00e5 veiene. <\/p>\n<p>EUs nye krav<\/p>\n<p class=\"hyperion-css-ffjyk2\">EU jobber med nye regler for ombruksemballasje. Dette er kravene for drikkeflasker:<\/p>\n<ul class=\"hyperion-css-pkq1ci\" data-test-tag=\"list\">\n<li class=\"hyperion-css-12h2ush\">10 prosent ombruk innen 2030.<\/li>\n<li class=\"hyperion-css-12h2ush\">40 prosent ombruk innen 2040.<\/li>\n<\/ul>\n<p class=\"hyperion-css-ffjyk2\">I Norge bruker vi ikke de samme flaskene om igjen, men materialet i innsamlede bokser og flasker brukes til \u00e5 produsere nye.<\/p>\n<p class=\"hyperion-css-ffjyk2\">Infinitum, som eier og drifter det norske pantesystemet, har f\u00e5tt laget en stor rapport som sl\u00e5r fast at dagens ordning er bedre for milj\u00f8et.<\/p>\n<p>Vis mer<\/p>\n<p class=\"hyperion-css-1lemvax\">Innen neste sommer ventes flere viktige avklaringer \u00e5 v\u00e6re p\u00e5 plass. Derfor etterlyser Fuglum politisk innsats. <\/p>\n<p class=\"hyperion-css-1lemvax\">\u2013 Det neste halv\u00e5ret blir helt avgj\u00f8rende. <\/p>\n<p>Holdningsendring i EU<\/p>\n<p class=\"hyperion-css-1lemvax\">At han n\u00e5 er noe mer optimistisk innstilt handler blant annet om <a data-test-tag=\"internal-link\" href=\"https:\/\/e24.no\/internasjonal-oekonomi\/i\/AvEdRj\/la-super-mario-redde-europa\" class=\"hyperion-css-1rezu2g\" rel=\"nofollow noopener\" target=\"\" aria-label=\"Draghi-rapporten som kom i fjor. \">Draghi-rapporten som kom i fjor. <\/a><\/p>\n<p class=\"hyperion-css-1lemvax\">Den p\u00e5pekte at EU har en negativ utvikling p\u00e5 produktivitet sammenlignet med land som USA og Kina. <\/p>\n<p class=\"hyperion-css-1lemvax\">\u2013 N\u00e5 er det mye oppmerksomhet rundt \u00e5 styrke Europas konkurransekraft, sammen med en bekymring for at detaljregulering blir som en selvp\u00e5f\u00f8rt brems, sier Fuglum. <\/p>\n<p><img decoding=\"async\" class=\"image-asset hyperion-css-kezhnz\" data-test-tag=\"image-asset\" src=\"https:\/\/www.europesays.com\/no\/wp-content\/uploads\/2025\/12\/c55b6f79-77df-415e-a804-1b969477a77e\"  alt=\"Erlend Fuglum, direkt\u00f8r i Bryggeri- og drikkevareforeningen.\"  loading=\"eager\" fetchpriority=\"high\" style=\"aspect-ratio:1900 \/ 1267\"\/>Erlend Fuglum, direkt\u00f8r i Bryggeri- og drikkevareforeningen. Foto: Fartein Rudjord <\/p>\n<p class=\"hyperion-css-1lemvax\">Han forteller om en endring i diskusjonene fra halvannet \u00e5r siden. <\/p>\n<p class=\"hyperion-css-1lemvax\">\u2013 Da var det \u00abs\u00e5nn blir det bare\u00bb, men holdningene har endret seg totalt. Vi merker at det er en mye st\u00f8rre forst\u00e5else for hva vi har drevet med oppi Norge. <\/p>\n<p class=\"hyperion-css-1lemvax\">Han forteller om m\u00f8ter med EUs milj\u00f8kommiss\u00e6r, der de har blitt bedt om data og faktagrunnlag. <\/p>\n<p class=\"hyperion-css-1lemvax\">\u2013 Jeg har egentlig opplevd at EU-kommisjonen har v\u00e6rt mer lyttende enn det norske Milj\u00f8direktoratet. Det har v\u00e6rt en litt spesiell opplevelse, sier Fuglum.<\/p>\n<p><a data-test-tag=\"teaser-small:link-internal\" href=\"https:\/\/e24.no\/boers-og-finans\/i\/Ar21Gq\/nyttaarsrakettene-paa-boersen\" class=\"imagePosition-top inline hyperion-css-6238vu\" rel=\"nofollow noopener\" target=\"\" aria-label=\"Nytt\u00e5rsrakettene p\u00e5 b\u00f8rsen\"><\/p>\n<p>Les p\u00e5 E24+<\/p>\n<p>Nytt\u00e5rsrakettene p\u00e5 b\u00f8rsen<\/p>\n<p><\/a>Krevende krav<\/p>\n<p class=\"hyperion-css-1lemvax\">Samtidig som EU arbeider videre med detaljer i emballasjeforordningen, har Milj\u00f8direktoratet i h\u00f8st jobbet med \u00e5 vurdere hvordan reglene skal gjennomf\u00f8res i Norge. <\/p>\n<p class=\"hyperion-css-1lemvax\">Direktoratet skriver i en e-post til E24 at m\u00e5let om ombruk er krevende \u00e5 n\u00e5, fordi dette er et system som vi har avviklet for mange \u00e5r siden. <\/p>\n<p><img decoding=\"async\" class=\"image-asset hyperion-css-ygb2sy\" data-test-tag=\"image-asset\" src=\"https:\/\/www.europesays.com\/no\/wp-content\/uploads\/2025\/12\/5199ab89-2946-45e7-aa2d-46af52490277\"  alt=\"If\u00f8lge Infinitum vil det gamle systemet gi en merkostnad p\u00e5 om lag 2,5 milliarder kroner i \u00e5ret. \"  loading=\"eager\" fetchpriority=\"high\" style=\"aspect-ratio:1900 \/ 1149\"\/>If\u00f8lge Infinitum vil det gamle systemet gi en merkostnad p\u00e5 om lag 2,5 milliarder kroner i \u00e5ret. Foto: Infinitum<\/p>\n<p class=\"hyperion-css-1lemvax\">Sjefingeni\u00f8r Mette Follestad ved avfall-, kjemikalie- og tilsynsavdelingen p\u00e5peker at det er et visst handlingsrom i regelverket. Dette vil bli brukt dersom Norge oppfyller forutsetningene, opplyser hun. <\/p>\n<p class=\"hyperion-css-1lemvax\">Til Fuglums uttalelse om at EU-kommisjonen er mer lyttende, lister Milj\u00f8direktoratet opp hva de har gjort i saken:<\/p>\n<ul class=\"hyperion-css-pkq1ci\" data-test-tag=\"list\">\n<li class=\"hyperion-css-12h2ush\">Aktivt informert EU-kommisjonen om det sv\u00e6rt velfungerende pantesystemet Norge har, b\u00e5de i m\u00f8ter og i formelle h\u00f8ringer.<\/li>\n<li class=\"hyperion-css-12h2ush\">Hatt syv m\u00f8ter med bryggeribransjen og dagligvarebransjen etter at EU-kommisjonen la frem sitt forslag til emballasjeforordning. Disse har handlet kun om kravet til ombrukbar drikkevareemballasje.<\/li>\n<li class=\"hyperion-css-12h2ush\">Holdt mange innlegg om forordningen p\u00e5 ulike arrangementer. <\/li>\n<li class=\"hyperion-css-12h2ush\">Deltatt i ulike m\u00f8ter som arrangeres av EU-kommisjonen.<\/li>\n<li class=\"hyperion-css-12h2ush\">Hatt et eget m\u00f8te med kommisjonen sammen med Klima- og milj\u00f8departementet, som konkret handlet om kravet til ombruk av drikkevareemballasje.<\/li>\n<\/ul>\n<p><a data-test-tag=\"teaser-small:link-internal\" href=\"https:\/\/e24.no\/boers-og-finans\/i\/7plM8V\/bankfest-paa-boers-et-perfekt-utbytteselskap\" class=\"imagePosition-top inline hyperion-css-6238vu\" rel=\"nofollow noopener\" target=\"\" aria-label=\"\u2013 Et perfekt utbytteselskap\"><\/p>\n<p>Les p\u00e5 E24+<\/p>\n<p>\u2013 Et perfekt utbytteselskap<\/p>\n<p><\/a>Unntak eller utsettelse<\/p>\n<p class=\"hyperion-css-1lemvax\">Klima- og milj\u00f8minister Andreas Bjelland Eriksen skriver i en e-post at departementet jobber med \u00e5 unders\u00f8ke hvordan reglene skal forst\u00e5s. <\/p>\n<p class=\"hyperion-css-1lemvax\">\u2013 Vi ser blant annet p\u00e5 mulighetene for \u00e5 f\u00e5 unntak fra ombrukskravet eller f\u00e5 kravet utsatt. Jeg har tro p\u00e5 at vi vil kunne komme frem til en god l\u00f8sning. <\/p>\n<p class=\"hyperion-css-1lemvax\">Han skriver at de har hatt flere m\u00f8ter med EU-kommisjonen i h\u00f8st, og at de har tett kontakt med de andre nordiske landene. <\/p>\n<p class=\"hyperion-css-1lemvax\">\u2013 Vi har ogs\u00e5 hatt dialog med bransjen tidligere, og vil p\u00e5 ny\u00e5ret fortsette denne dialogen.<\/p>\n","protected":false},"excerpt":{"rendered":"Bryggeriforeningen har f\u00e5tt \u00f8kt h\u00e5p i kampen om \u00e5 bevare \u00abverdens beste pantesystem\u00bb. Det skal ikke tilskrives norske&hellip;\n","protected":false},"author":2,"featured_media":118762,"comment_status":"","ping_status":"","sticky":false,"template":"","format":"standard","meta":{"footnotes":""},"categories":[10],"tags":[20,21,24,25,15,22,23,13,30,28,29,14,16,26,27],"class_list":{"0":"post-118761","1":"post","2":"type-post","3":"status-publish","4":"format-standard","5":"has-post-thumbnail","7":"category-norge","8":"tag-breaking-news","9":"tag-breakingnews","10":"tag-featured-news","11":"tag-featurednews","12":"tag-headlines","13":"tag-latest-news","14":"tag-latestnews","15":"tag-news","16":"tag-no","17":"tag-norge","18":"tag-norway","19":"tag-nyheter","20":"tag-overskrifter","21":"tag-top-stories","22":"tag-topstories"},"share_on_mastodon":{"url":"https:\/\/pubeurope.com\/@no\/115757058028796154","error":""},"_links":{"self":[{"href":"https:\/\/www.europesays.com\/no\/wp-json\/wp\/v2\/posts\/118761","targetHints":{"allow":["GET"]}}],"collection":[{"href":"https:\/\/www.europesays.com\/no\/wp-json\/wp\/v2\/posts"}],"about":[{"href":"https:\/\/www.europesays.com\/no\/wp-json\/wp\/v2\/types\/post"}],"author":[{"embeddable":true,"href":"https:\/\/www.europesays.com\/no\/wp-json\/wp\/v2\/users\/2"}],"replies":[{"embeddable":true,"href":"https:\/\/www.europesays.com\/no\/wp-json\/wp\/v2\/comments?post=118761"}],"version-history":[{"count":0,"href":"https:\/\/www.europesays.com\/no\/wp-json\/wp\/v2\/posts\/118761\/revisions"}],"wp:featuredmedia":[{"embeddable":true,"href":"https:\/\/www.europesays.com\/no\/wp-json\/wp\/v2\/media\/118762"}],"wp:attachment":[{"href":"https:\/\/www.europesays.com\/no\/wp-json\/wp\/v2\/media?parent=118761"}],"wp:term":[{"taxonomy":"category","embeddable":true,"href":"https:\/\/www.europesays.com\/no\/wp-json\/wp\/v2\/categories?post=118761"},{"taxonomy":"post_tag","embeddable":true,"href":"https:\/\/www.europesays.com\/no\/wp-json\/wp\/v2\/tags?post=118761"}],"curies":[{"name":"wp","href":"https:\/\/api.w.org\/{rel}","templated":true}]}}