{"id":118763,"date":"2025-12-21T10:21:30","date_gmt":"2025-12-21T10:21:30","guid":{"rendered":"https:\/\/www.europesays.com\/no\/118763\/"},"modified":"2025-12-21T10:21:30","modified_gmt":"2025-12-21T10:21:30","slug":"elisabeth-53-velger-a-feire-jul-alene","status":"publish","type":"post","link":"https:\/\/www.europesays.com\/no\/118763\/","title":{"rendered":"Elisabeth (53) velger \u00e5 feire jul alene"},"content":{"rendered":"<p class=\"kicker \" style=\"\">Alternativ jul:\u00a0<\/p>\n<p>  \u2013 Har f\u00e5tt h\u00f8re at jeg er egoistisk.\u00a0<\/p>\n<p>\n    FEIRER JUL ALENE: \u2013 Og jeg koser meg p\u00e5 mine premisser, sier Elisabeth. FOTO: Privat\n  <\/p>\n<p>For fem \u00e5r siden tok Elisabeth Sol\u00f8st (53) et stort valg: Helt uten \u00e5 kjenne et eneste menneske der, flyttet hun til Rendalen.\u00a0<\/p>\n<p>\u2013 Uten bil og f\u00f8rerkort.\u00a0Mange mente jeg var gal. Akkurat passe gal, sier jeg n\u00e5 selv. Men jeg var i ferd med \u00e5 bo meg ihjel der jeg bodde &#8211; p\u00e5 Eidsvoll. Som uf\u00f8r og enslig var det for dyrt, forteller Elisabeth.<\/p>\n<p>Etter ti \u00e5r p\u00e5 Eidsvoll hadde hun begynt \u00e5 mistrives. Det var for mye folk og st\u00f8y, forteller hun. Elisabeth har alltid \u00f8nsket \u00e5 bo n\u00e6r naturen &#8211; gjerne i n\u00e6rheten av vann.\u00a0<\/p>\n<p>\u2013 Jeg visste at om jeg skulle ha mulighet til \u00e5 kj\u00f8pe noe eget s\u00e5 m\u00e5tte jeg flytte langt. Og valget falt p\u00e5 Rendalen. Flere timer og mil fra alt nettverk. Men jeg var ikke bekymret, for jeg trives godt alene.<\/p>\n<p>I sitt nye hus lever Elisabeth som en \u00abover gjennomsnittet crazy catlady\u00bb. Hun har nemlig hele 20 katter &#8211; de fleste fosterkatter i p\u00e5vente av adopsjon &#8211; og \u00e9n hund i hus.\u00a0<\/p>\n<p class=\"font-weight-bold m-font-weight-bold\" data-lab-font_weight=\"font-weight-bold\">I \u00e5r skal Elisabeth feire jul bare med seg selv og dyrene.\u00a0<\/p>\n<p class=\"font-weight-bold m-font-weight-bold\" data-lab-font_weight=\"font-weight-bold\">Men hun er slett ikke ensom.<\/p>\n<p>    <a itemprop=\"url\" href=\"https:\/\/www.kk.no\/livet\/na-er-det-tomt-for-disse-gavefavorittene\/84001422\" rel=\"nofollow noopener\" target=\"_blank\"><\/p>\n<p>        <img loading=\"lazy\" decoding=\"async\" src=\"https:\/\/www.europesays.com\/no\/wp-content\/uploads\/2025\/12\/84001496.webp\" width=\"980\" height=\"441\" title=\"N\u00e5 er det tomt for disse gavefavorittene\" alt=\"\" class=\"lazyload\" style=\"--aspect-ratio-image: 2.22; \"\/><\/p>\n<p>        N\u00e5 er det tomt for disse gavefavorittene<\/p>\n<p>    <\/a><\/p>\n<p>\u2013 Jeg trenger mye alenetid\u00a0\t<\/p>\n<p>Rendalen f\u00f8ltes som hjemme fra f\u00f8rste dag, forteller Elisabeth.\u00a0<\/p>\n<p>\u2013 Jeg kunne ikke gjort et bedre valg for meg. Og i mars fikk jeg innvilget startl\u00e5n og kj\u00f8pt hus med utsikt over Lomnessj\u00f8en.\u00a0<\/p>\n<p>Elisabeth lever et godt liv p\u00e5 sin nye hjemplass. Hun har f\u00e5tt et fantastisk nettverk &#8211; nesten litt for godt noen ganger, sier hun, og utdyper:\u00a0<\/p>\n<p class=\"font-weight-bold m-font-weight-bold\" data-lab-font_weight=\"font-weight-bold\">\u2013 Misforst\u00e5 meg rett. Jeg setter stor pris p\u00e5 de jeg har rundt meg. Men jeg trenger mye alenetid og det er det jo mange som ikke skj\u00f8nner.<\/p>\n<p>\u2013 Jeg har en del helseutfordringer &#8211; som fibromyalgi, ME og litt annet &#8211; som gj\u00f8r at jeg i perioder fungerer d\u00e5rlig, spesielt i vinterhalv\u00e5ret. Da velger jeg \u00e5 v\u00e6re lite sosial.\u00a0<\/p>\n<p>Elisabeth m\u00e5 ta \u00e9n dag av gangen. I sitt eget tempo. Om hun presser seg til \u00e5 v\u00e6re sosial p\u00e5 en d\u00e5rlig dag, da er hun garantert \u00e5 v\u00e6re utslitt og n\u00e6rmest sengeliggende i opp mot en uke etterp\u00e5.\u00a0<\/p>\n<p>    <a itemprop=\"url\" href=\"https:\/\/www.kk.no\/livet\/jeg-ble-liggende-i-fosterstilling-pa-sofaen-uten-livsglede-1\/83954974\" rel=\"nofollow noopener\" target=\"_blank\"><\/p>\n<p>        <img loading=\"lazy\" decoding=\"async\" src=\"https:\/\/www.europesays.com\/no\/wp-content\/uploads\/2025\/12\/83955081.webp\" width=\"980\" height=\"441\" title=\"- Jeg ble liggende i fosterstilling p\u00e5 sofaen uten livsglede\" alt=\"\" class=\"lazyload\" style=\"--aspect-ratio-image: 2.22; \"\/><\/p>\n<p>        &#8211; Jeg ble liggende i fosterstilling p\u00e5 sofaen uten livsglede<\/p>\n<p>    <\/a><\/p>\n<p>Koser seg i eget selskap\t<\/p>\n<p>Derfor velger Elisabeth ogs\u00e5 \u00e5 feire jul alene.<\/p>\n<p>\u2013 Og jeg koser meg p\u00e5 mine premisser. Det \u00e5 lage mat er en interesse og lidenskap, og selv om jeg er alene s\u00e5 lages det full julemiddag!\u00a0<\/p>\n<p>P\u00e5 julaften lager Elisabeth ribbe. Med medisterkaker, julep\u00f8lse og surk\u00e5l, selvf\u00f8lgelig. Og riskrem til dessert.\u00a0<\/p>\n<p>\u2013 Jeg lager til og med helstekt kalkun p\u00e5 nytt\u00e5rsaften, noe ogs\u00e5 kattene og hunden setter stor pris p\u00e5.\u00a0<\/p>\n<p>        <img loading=\"lazy\" decoding=\"async\" src=\"https:\/\/www.europesays.com\/no\/wp-content\/uploads\/2025\/12\/84002835.webp\" width=\"667\" height=\"614\" title=\"TRENGER HVILE: Hjemme alene kan Elisabeth hvile n\u00e5r hun trenger det. Det er en n\u00f8dvendighet, sier hun. FOTO: Privat\" alt=\"\" class=\"\" style=\"--aspect-ratio-image: 1.09; \"\/><\/p>\n<p>\n        TRENGER HVILE: Hjemme alene kan Elisabeth hvile n\u00e5r hun trenger det. Det er en n\u00f8dvendighet, sier hun. FOTO: Privat\n    <\/p>\n<p>Det er p\u00e5 denne m\u00e5ten at Elisabeth f\u00e5r litt glede av julen. Skulle hun reist langt for \u00e5 feire jul med venner og familie, ville det kun v\u00e6rt for \u00e5 glede dem.\u00a0<\/p>\n<p>Hjemme alene kan hun hvile n\u00e5r hun trenger det, og det er en n\u00f8dvendighet for henne.\u00a0<\/p>\n<p>\u2013 M\u00e5 jeg sove midt p\u00e5 dagen, eller legge meg rett etter middag, kan jeg det.\u00a0<\/p>\n<p class=\"font-weight-bold m-font-weight-bold\" data-lab-font_weight=\"font-weight-bold\">Det eneste \u00abproblemet\u00bb med \u00e5 feire jul alene for Elisabeth, er \u00e5 overbevise andre om at hun \u00f8nsker og trenger det.<\/p>\n<p class=\"font-weight-bold m-font-weight-bold\" data-lab-font_weight=\"font-weight-bold\">\u2013 Og spesielt vanskelig blir det n\u00e5r andre sier at de ikke vil ha en god jul selv, n\u00e5r de vet jeg sitter alene.<\/p>\n<p>\u2013 Jeg har flere invitasjoner til jul, og det setter jeg pris p\u00e5. Men jeg takker nei.\u00a0<\/p>\n<p>    <a itemprop=\"url\" href=\"https:\/\/www.kk.no\/livet\/jeg-husker-hvordan-det-var-a-hore-skrik-og-grat-fra-stua-1\/83984508\" rel=\"nofollow noopener\" target=\"_blank\"><\/p>\n<p>        <img loading=\"lazy\" decoding=\"async\" src=\"https:\/\/www.europesays.com\/no\/wp-content\/uploads\/2025\/12\/83984604.webp\" width=\"980\" height=\"441\" title=\"\u2013 Jeg husker hvordan det var \u00e5 h\u00f8re skrik og gr\u00e5t fra stua\" alt=\"\" class=\"lazyload\" style=\"--aspect-ratio-image: 2.22; \"\/><\/p>\n<p>        \u2013 Jeg husker hvordan det var \u00e5 h\u00f8re skrik og gr\u00e5t fra stua<\/p>\n<p>    <\/a><\/p>\n<p>\u2013 Har f\u00e5tt h\u00f8re at jeg er egoistisk\u00a0\t<\/p>\n<p>Elisabeth understreker at hun har dyrene sine. Alene er hun s\u00e5 absolutt ikke.\u00a0<\/p>\n<p>\u2013 Og dyrene gj\u00f8r at jeg ikke kan reise langt for \u00e5 bes\u00f8ke noen. Men om jeg hadde v\u00e6rt frisk, s\u00e5 tror jeg likevel at jeg hadde valgt jul alene, sier Elisabeth, og legger til:\u00a0<\/p>\n<p class=\"font-weight-bold m-font-weight-bold\" data-lab-font_weight=\"font-weight-bold\">\u2013 Jeg har f\u00e5tt h\u00f8re at jeg er egoistisk som sitter alene i jula, med tanke p\u00e5 de som sitter alene og ikke \u00f8nsker det. Men det hjelper jo ikke dem om jeg drar bort, p\u00e5peker hun.\u00a0<\/p>\n<p>Hun forteller at hennes revmatolog nylig sa: Du m\u00e5 l\u00e6re deg \u00e5 bli litt egoistisk &#8211; du har lov til det. Sett din helse f\u00f8rst.\u00a0\u00a0<\/p>\n<p>\u2013 Og jeg skal love at det har tatt flere \u00e5r \u00e5 komme dit. Fortsatt hender det at jeg setter meg selv sist. Men jeg l\u00e6rer hele tiden, avslutter hun.\u00a0<\/p>\n<p>    <a itemprop=\"url\" href=\"https:\/\/www.kk.no\/livet\/i-ar-er-jeg-sa-blakk-at-jeg-ikke-vet-hvordan-det-skal-ga\/83972645\" rel=\"nofollow noopener\" target=\"_blank\"><\/p>\n<p>        <img loading=\"lazy\" decoding=\"async\" src=\"https:\/\/www.europesays.com\/no\/wp-content\/uploads\/2025\/12\/83974218.webp\" width=\"980\" height=\"441\" title=\"- I \u00e5r er jeg s\u00e5 blakk at jeg ikke vet hvordan det skal g\u00e5\" alt=\"\" class=\"lazyload\" style=\"--aspect-ratio-image: 2.22; \"\/><\/p>\n<p>        &#8211; I \u00e5r er jeg s\u00e5 blakk at jeg ikke vet hvordan det skal g\u00e5<\/p>\n<p>    <\/a><\/p>\n<p>Psykolog: \u2013 Fint \u00e5 tilbringe julen p\u00e5 egne premisser\t<\/p>\n<p>Elisabeth er ikke den eneste som velger \u00e5 feire jul alene, og det har <a href=\"https:\/\/www.kk.no\/livet\/da-johanne-sa-at-hun-ville-feire-jul-alene-kom-reaksjonene\/82341411\" rel=\"nofollow noopener\" target=\"_blank\">KK skrevet om tidligere<\/a>.\u00a0<\/p>\n<p class=\"font-weight-bold m-font-weight-bold\" data-lab-font_weight=\"font-weight-bold\">Da uttalte psykolog Kyrre Dyregrov at mange har en forventning om at julen er en tid man tilbringer med de n\u00e6rmeste.<\/p>\n<p class=\"font-weight-bold m-font-weight-bold\" data-lab-font_weight=\"font-weight-bold\">&#8211; Men n\u00e5r h\u00f8rer om andre som tilbringer julen alene, kan det v\u00e6re vanskelig \u00e5 relatere seg til, sier han til KK.<\/p>\n<p>Selv om mange sikkert forbinder julen med fred og ro, opplever nok en del ogs\u00e5 stress knyttet til gavekj\u00f8p og forberedelser, fremhever psykologen.\u00a0<\/p>\n<p>&#8211; Dermed kan det v\u00e6re fint \u00e5 tilbringe julen alene, i eget tempo og p\u00e5 egne premisser. Det er lettere \u00e5 trives i eget selskap hvis man har det godt med seg selv, og samtidig kjenner p\u00e5 at man f\u00e5r dekket egne behov n\u00e5r man trenger det.\u00a0<\/p>\n<p>    <a itemprop=\"url\" href=\"https:\/\/www.kk.no\/livet\/vi-klor-oss-litt-i-hodet\/83969954\" rel=\"nofollow noopener\" target=\"_blank\"><\/p>\n<p>        <img loading=\"lazy\" decoding=\"async\" src=\"https:\/\/www.europesays.com\/no\/wp-content\/uploads\/2025\/12\/83975130.webp\" width=\"980\" height=\"441\" title=\"- Vi kl\u00f8r oss litt i hodet\" alt=\"\" class=\"lazyload\" style=\"--aspect-ratio-image: 2.22; \"\/><\/p>\n<p>        &#8211; Vi kl\u00f8r oss litt i hodet<\/p>\n<p>    <\/a><\/p>\n<p>    <a itemprop=\"url\" href=\"https:\/\/www.kk.no\/livet\/sorgen-blir-ekstra-tydelig-i-julen\/83932045\" rel=\"nofollow noopener\" target=\"_blank\"><\/p>\n<p>        <img loading=\"lazy\" decoding=\"async\" src=\"https:\/\/www.europesays.com\/no\/wp-content\/uploads\/2025\/12\/84002632.webp\" width=\"980\" height=\"441\" title=\"- Da visste jeg at han i hvert fall ikke var redd for \u00e5 d\u00f8\" alt=\"\" class=\"lazyload\" style=\"--aspect-ratio-image: 2.22; \"\/><\/p>\n<p>        &#8211; Da visste jeg at han i hvert fall ikke var redd for \u00e5 d\u00f8<\/p>\n<p>    <\/a><\/p>\n","protected":false},"excerpt":{"rendered":"Alternativ jul:\u00a0 \u2013 Har f\u00e5tt h\u00f8re at jeg er egoistisk.\u00a0 FEIRER JUL ALENE: \u2013 Og jeg koser meg&hellip;\n","protected":false},"author":2,"featured_media":118764,"comment_status":"","ping_status":"","sticky":false,"template":"","format":"standard","meta":{"footnotes":""},"categories":[5],"tags":[20,21,24,25,15,19,5593,22,23,4016,17,18,13,30,28,29,14,16,26,27],"class_list":{"0":"post-118763","1":"post","2":"type-post","3":"status-publish","4":"format-standard","5":"has-post-thumbnail","7":"category-overskrifter","8":"tag-breaking-news","9":"tag-breakingnews","10":"tag-featured-news","11":"tag-featurednews","12":"tag-headlines","13":"tag-hovedoppslag","14":"tag-jul","15":"tag-latest-news","16":"tag-latestnews","17":"tag-livet","18":"tag-main-news","19":"tag-mainnews","20":"tag-news","21":"tag-no","22":"tag-norge","23":"tag-norway","24":"tag-nyheter","25":"tag-overskrifter","26":"tag-top-stories","27":"tag-topstories"},"share_on_mastodon":{"url":"https:\/\/pubeurope.com\/@no\/115757061665336927","error":""},"_links":{"self":[{"href":"https:\/\/www.europesays.com\/no\/wp-json\/wp\/v2\/posts\/118763","targetHints":{"allow":["GET"]}}],"collection":[{"href":"https:\/\/www.europesays.com\/no\/wp-json\/wp\/v2\/posts"}],"about":[{"href":"https:\/\/www.europesays.com\/no\/wp-json\/wp\/v2\/types\/post"}],"author":[{"embeddable":true,"href":"https:\/\/www.europesays.com\/no\/wp-json\/wp\/v2\/users\/2"}],"replies":[{"embeddable":true,"href":"https:\/\/www.europesays.com\/no\/wp-json\/wp\/v2\/comments?post=118763"}],"version-history":[{"count":0,"href":"https:\/\/www.europesays.com\/no\/wp-json\/wp\/v2\/posts\/118763\/revisions"}],"wp:featuredmedia":[{"embeddable":true,"href":"https:\/\/www.europesays.com\/no\/wp-json\/wp\/v2\/media\/118764"}],"wp:attachment":[{"href":"https:\/\/www.europesays.com\/no\/wp-json\/wp\/v2\/media?parent=118763"}],"wp:term":[{"taxonomy":"category","embeddable":true,"href":"https:\/\/www.europesays.com\/no\/wp-json\/wp\/v2\/categories?post=118763"},{"taxonomy":"post_tag","embeddable":true,"href":"https:\/\/www.europesays.com\/no\/wp-json\/wp\/v2\/tags?post=118763"}],"curies":[{"name":"wp","href":"https:\/\/api.w.org\/{rel}","templated":true}]}}