{"id":118771,"date":"2025-12-21T10:40:06","date_gmt":"2025-12-21T10:40:06","guid":{"rendered":"https:\/\/www.europesays.com\/no\/118771\/"},"modified":"2025-12-21T10:40:06","modified_gmt":"2025-12-21T10:40:06","slug":"det-forandret-livet-mitt","status":"publish","type":"post","link":"https:\/\/www.europesays.com\/no\/118771\/","title":{"rendered":"\u2013 Det forandret livet mitt"},"content":{"rendered":"<p>    Tilbudet fra statskanalen 24. desember i 1979 gjorde Terje S\u00f8lsnes til en folkekj\u00e6r TV-vert og programleder. Det var ikke f\u00e5 juleh\u00f8ytider hvor han tittet hjem i stuen til det norske folk.<\/p>\n<p>\n        <b>H\u00d8YTIDSSTEM:<\/b> Terje er glad i julen, men litt lettet n\u00e5r forpliktelsene er utf\u00f8rt p\u00e5 julaften.\u00a0<br \/>\n        Privat\n    <\/p>\n<p>I 25 \u00e5r var Terje S\u00f8lsnes (80) \u00abhallomann\u00bb i NRK. Selv har han aldri v\u00e6rt komfortabel med den beskrivelsen, heller ikke med den senere betegnelsen kanalvert.\u00a0<\/p>\n<p>\u2013 TV-vert er mer dekkende, mener mannen som sjarmerte folket med sitt lune smil og korrekte spr\u00e5k.<\/p>\n<p>Disse egenskapene var gode \u00e5 ha da Terje ble plukket ut til \u00e5 lede Frokost-TV p\u00e5 80- og 90-tallet, sammen med Toppen Bech.<\/p>\n<p>N\u00e5 som julen st\u00e5r for tur, vekker det mange minner for Terje, som mer enn\u00a0\u00e9n gang tilbrakte h\u00f8ytiden i finstasen i NRK p\u00e5 Marienlyst.\u00a0 \u00a0<\/p>\n<p>Hva setter deg i ekte julestemning?\u00a0<\/p>\n<p>\u2013 For \u00e5 f\u00e5 den helt perfekte julestemningen \u00f8nsker jeg meg en m\u00f8rkebl\u00e5 fl\u00f8yelshimmel med funklende stjerner som edelstener h\u00f8yt over meg. Under meg vil jeg ha t\u00f8rr, ubesudlet og jomfruelig t\u00f8rr hvit sne (ja, jeg sier faktisk \u00absne\u00bb) som knirker under f\u00f8ttene mine n\u00e5r jeg g\u00e5r p\u00e5 den.\u00a0<\/p>\n<p> \u2013 Et lett sn\u00f8dryss legger seg mykt over grenene p\u00e5 lyse bj\u00f8rketr\u00e6r, og jeg h\u00f8rer kirkeklokker som kimer \u2013 ja, da blir det julestemning \u2026 Min fetter Odd Wilhelmsen og jeg har f\u00f8rst v\u00e6rt p\u00e5 kirkeg\u00e5rden p\u00e5 Ullern, og vi har lagt ned kranser og tent lys p\u00e5 familiegravene til v\u00e5re kj\u00e6re i tre generasjoner. Det er b\u00e5de vakkert og beroligende.\u00a0<\/p>\n<p>                <img decoding=\"async\" src=\"https:\/\/www.europesays.com\/no\/wp-content\/uploads\/2025\/12\/7583190.webp\" width=\"480\" height=\"336\" title=\"TERJE S\u00d8LSNES: Det er ikke et h\u00e5rstr\u00e5 som ligger feil vei, eller et ord som uttales uriktig, og det ekte, vennlige smilet som gjorde Terje S\u00f8lsnes til en folkekj\u00e6r TV-vert er der fortsatt!\" alt=\"\" loading=\"lazy\" style=\"\"\/><\/p>\n<p>\n            <b>TERJE S\u00d8LSNES:<\/b> Det er ikke et h\u00e5rstr\u00e5 som ligger feil vei, eller et ord som uttales uriktig, og det ekte, vennlige smilet som gjorde Terje S\u00f8lsnes til en folkekj\u00e6r TV-vert er der fortsatt!<br \/>\n            Charlotte Wiig\n        <\/p>\n<p>Hummer til forrett<\/p>\n<p>Hvis du kunne tilbringe \u00e9n jul hvor som helst i verden, hvor ville det v\u00e6re og hvorfor?\u00a0<\/p>\n<p>\u2013 Hvor er ikke viktigst, viktigere er; med hvem. Hvis jeg m\u00e5 si et sted, s\u00e5 vil det v\u00e6re \u00e5 g\u00e5 til midnattsgudstjeneste i Peterskirken, eller i min lokalkirke, La Basilica di Santa Maria in Trastevere, den eldste og vakreste av Mariakirkene i Roma. Der hadde vi nylig en gudstjeneste for Gaza. Alle i den proppfulle kirken hadde levende lys i hendene. Et h\u00e5p fylte kirkerommet.\u00a0<\/p>\n<p>Hvilken julefilm eller julesang kan du ikke v\u00e6re uten?\u00a0<\/p>\n<p>\u2013 Her er jeg enkel og kanskje litt utenfor normalen: Mariah Carey og \u00abAll I Want For Christmas Is You\u00bb!<\/p>\n<p>Hva er din favorittjuleoppskrift, eller matretten du alltid m\u00e5 ha i julen?\u00a0<\/p>\n<p>\u2013 Jeg har v\u00e6rt gjennom mange ulike retter gjennom livet, fra ribbe og skinkestek til ryper som hovedrett. N\u00e5 er jeg veldig glad i hummer som forrett!\u00a0<\/p>\n<p>Hvordan ser en perfekt julemorgen ut for deg?\u00a0<\/p>\n<p>\u2013 En langsom morgen \u2013 en morgen uten stress etter at alle forberedelser og forpliktelser endelig er over \u2026<\/p>\n<p>                <img decoding=\"async\" src=\"https:\/\/www.europesays.com\/no\/wp-content\/uploads\/2025\/12\/7583199.webp\" width=\"480\" height=\"356\" title=\"KOLLEGAER: Terje jobbet flere \u00e5r sammen med\u00a0Yasmin Syed, som fortsatt er kanalvert p\u00e5 NRK.\" alt=\"\" loading=\"lazy\" style=\"\"\/><\/p>\n<p>\n            <b>KOLLEGAER:<\/b> Terje jobbet flere \u00e5r sammen med\u00a0Yasmin Syed, som fortsatt er kanalvert p\u00e5 NRK.<br \/>\n            Privat\n        <\/p>\n<p>Hvilken jul vil du aldri glemme?\u00a0<\/p>\n<p>\u2013 Det m\u00e5 bli den julen da jeg plutselig ble spurt om \u00e5 ta ansvaret for feiringen. Det var litt uventet, men en stor \u00e6re. \u00c5rsaken var at min kj\u00e6re far var blitt alvorlig syk, og mor ville helst konsentrere seg om far i stedet for alle juleforberedelser.<\/p>\n<p> \u2013 \u00a0Min samboer og jeg laget jul hos oss. Det ble heldigvis en herlig jul for oss alle. I ettertid ble den enda viktigere, for det ble min fars siste julefeiring, og derfor dobbelt s\u00e5 viktig i mitt minne \u2026\u00a0<\/p>\n<p class=\"italic m-italic\" data-lab-italic=\"italic\">Hvilken gave har betydd mest for deg?\u00a0<\/p>\n<p>\u2013 Det m\u00e5 bli en s\u00e6rdeles spesiell og annerledes gave. Det var en telefonsamtale \u2026 Jeg arbeidet i sin tid innen finanssektoren; jeg var litt sliten av det, og hadde s\u00f8kt utfordringer. Julaften formiddag i 1979 satt jeg p\u00e5 mitt kontor. Telefonen ringte. Det var sjefen for NRKs TV-presentasjoner, Odd Rinnan. Han fortalte at de hadde mottatt 700\u2013800 s\u00f8knader til annons\u00f8rstillingene.\u00a0<\/p>\n<p> \u2013 Jeg hadde selv v\u00e6rt inne til lese- og kamerapr\u00f8ve for en m\u00e5neds tid siden. Han mente at jeg ville fungere bra, og at jeg \u2013 i all ubeskjedenhet \u2013 var den eneste som hadde uttalt alle ord \u00abnormert og korrekt\u00bb, og det b\u00e5de p\u00e5 norsk, engelsk og fransk. Derfor ville han ha meg med som TV-vert. Dette er vel fremdeles den underligste gaven jeg noen gang har f\u00e5tt p\u00e5 julaften! Det forandret livet mitt, og jeg ble i NRK i 25 \u00e5r.\u00a0<\/p>\n<p>Les ogs\u00e5: (+)\u00a0<a href=\"https:\/\/www.klikk.no\/historier\/jeg-skulle-feire-jul-med-min-venninne-sa-kom-sjokket-7583985\" rel=\"nofollow noopener\" target=\"_blank\">Da jeg skulle feire jul med min venninne, viste hun sitt sanne ansikt<\/a> <\/p>\n<p>                <img decoding=\"async\" src=\"https:\/\/www.europesays.com\/no\/wp-content\/uploads\/2025\/12\/7583194.webp\" width=\"480\" height=\"362\" title=\"P\u00c5 JOBB: I bunad og med levende lys \u00f8nsket Terje velkommen til det norske folk p\u00e5 mer enn \u00e9n julaften.\" alt=\"\" loading=\"lazy\" style=\"\"\/><\/p>\n<p>\n            <b>P\u00c5 JOBB: <\/b>I bunad og med levende lys \u00f8nsket Terje velkommen til det norske folk p\u00e5 mer enn \u00e9n julaften.<br \/>\n            Privat\n        <\/p>\n<p>H\u00e5per at helsen holder<\/p>\n<p class=\"italic m-italic\" data-lab-italic=\"italic\">Du f\u00e5r gi bort verdens st\u00f8rste julestr\u00f8mpe, hvem skulle f\u00e5tt den?\u00a0<\/p>\n<p>\u2013 Den m\u00e5 nok virkelig v\u00e6re stor, for jeg vil fylle den med glede, varme, fred og kj\u00e6rlighet, og den skal gis til de ensomme, syke, gamle og unge som trenger det, og i tillegg v\u00e6re full av mat og drikke for de fattige og sultne i verden.<\/p>\n<p class=\"italic m-italic\" data-lab-italic=\"italic\">Har du en julepynt som betyr spesielt mye for deg?\u00a0<\/p>\n<p>\u2013 Det m\u00e5 bli De hellige tre konger, ogs\u00e5 kalt De tre vise menn, alts\u00e5 Kaspar, Melchior og Balthazar.\u00a0<\/p>\n<p class=\"italic m-italic\" data-lab-italic=\"italic\">Hva h\u00e5per du \u00e5 oppn\u00e5 i \u00e5ret som kommer?\u00a0<\/p>\n<p>\u2013 N\u00e5r jeg f\u00e5r lov til \u00e5 \u00f8nske, s\u00e5 \u00f8nsker jeg at verden f\u00e5r fred. Fri oss fra Putin, Netanyahu, Trump og likesinnede rundt i verden! Vi vil leve i fred, fordragelighet og kj\u00e6rlighet, uansett farge, f\u00f8lelser, tro eller ikke-tro. Helt personlig h\u00e5per jeg at helsen holder i b\u00e5de hode og kropp \u2026\u00a0La oss holde hender, det gir styrke, og la de styrkende hender verne oss mot ondskapen, slik at vi med full oppriktighet kan \u00f8nske hverandre et godt og velsignet nytt \u00e5r til beste for alle mennesker p\u00e5 jord!<\/p>\n","protected":false},"excerpt":{"rendered":"Tilbudet fra statskanalen 24. desember i 1979 gjorde Terje S\u00f8lsnes til en folkekj\u00e6r TV-vert og programleder. Det var&hellip;\n","protected":false},"author":2,"featured_media":118772,"comment_status":"","ping_status":"","sticky":false,"template":"","format":"standard","meta":{"footnotes":""},"categories":[12],"tags":[20,21,24,25,15,22,23,13,30,28,29,14,16,26,27,42,43,44,45],"class_list":{"0":"post-118771","1":"post","2":"type-post","3":"status-publish","4":"format-standard","5":"has-post-thumbnail","7":"category-verden","8":"tag-breaking-news","9":"tag-breakingnews","10":"tag-featured-news","11":"tag-featurednews","12":"tag-headlines","13":"tag-latest-news","14":"tag-latestnews","15":"tag-news","16":"tag-no","17":"tag-norge","18":"tag-norway","19":"tag-nyheter","20":"tag-overskrifter","21":"tag-top-stories","22":"tag-topstories","23":"tag-verden","24":"tag-world","25":"tag-world-news","26":"tag-worldnews"},"share_on_mastodon":{"url":"https:\/\/pubeurope.com\/@no\/115757136520439415","error":""},"_links":{"self":[{"href":"https:\/\/www.europesays.com\/no\/wp-json\/wp\/v2\/posts\/118771","targetHints":{"allow":["GET"]}}],"collection":[{"href":"https:\/\/www.europesays.com\/no\/wp-json\/wp\/v2\/posts"}],"about":[{"href":"https:\/\/www.europesays.com\/no\/wp-json\/wp\/v2\/types\/post"}],"author":[{"embeddable":true,"href":"https:\/\/www.europesays.com\/no\/wp-json\/wp\/v2\/users\/2"}],"replies":[{"embeddable":true,"href":"https:\/\/www.europesays.com\/no\/wp-json\/wp\/v2\/comments?post=118771"}],"version-history":[{"count":0,"href":"https:\/\/www.europesays.com\/no\/wp-json\/wp\/v2\/posts\/118771\/revisions"}],"wp:featuredmedia":[{"embeddable":true,"href":"https:\/\/www.europesays.com\/no\/wp-json\/wp\/v2\/media\/118772"}],"wp:attachment":[{"href":"https:\/\/www.europesays.com\/no\/wp-json\/wp\/v2\/media?parent=118771"}],"wp:term":[{"taxonomy":"category","embeddable":true,"href":"https:\/\/www.europesays.com\/no\/wp-json\/wp\/v2\/categories?post=118771"},{"taxonomy":"post_tag","embeddable":true,"href":"https:\/\/www.europesays.com\/no\/wp-json\/wp\/v2\/tags?post=118771"}],"curies":[{"name":"wp","href":"https:\/\/api.w.org\/{rel}","templated":true}]}}