{"id":118775,"date":"2025-12-21T10:52:29","date_gmt":"2025-12-21T10:52:29","guid":{"rendered":"https:\/\/www.europesays.com\/no\/118775\/"},"modified":"2025-12-21T10:52:29","modified_gmt":"2025-12-21T10:52:29","slug":"veronica-blir-lurt-pa-jobb-kan-vere-positivt-for-arbeidsmiljoet-nrk-ostfold-lokale-nyheter-tv-og-radio","status":"publish","type":"post","link":"https:\/\/www.europesays.com\/no\/118775\/","title":{"rendered":"Veronica blir lurt p\u00e5 jobb \u2013 kan vere positivt for arbeidsmilj\u00f8et \u2013 NRK \u00d8stfold \u2013 Lokale nyheter, TV og radio"},"content":{"rendered":"<p>Saka oppsummert:<\/p>\n<ul>\n<li>Rampenissen har blitt ein popul\u00e6r tradisjon, ikkje berre blant barn, men \u00f2g p\u00e5 arbeidsplassar.<\/li>\n<li>Veronica Normann Jensen opplevde rampestrekar p\u00e5 jobb d\u00e5 arbeidsplassen blei dekorert med bilde av ansiktet hennar.<\/li>\n<li>Sosialantropolog Ivar Haugstad meiner humor og leik kan styrke fellesskap, redusere stress og fremje eit godt arbeidsmilj\u00f8.<\/li>\n<li>Humor og felles opplevingar fungerer som lim i organisasjonar, og bygge relasjonar.<\/li>\n<li>P\u00e5 Bl\u00e5 Kors i Fredrikstad er dei tilsette rampenissar som lagar rampestrekar for kvarandre i desember, noko som har blitt eit h\u00f8gdepunkt for dei tilsette.<\/li>\n<li>Veronica gler seg til \u00e5 finne ut kven som st\u00e5r bak rampestrekane, og meiner konseptet skaper glede og samhald i jula.<\/li>\n<\/ul>\n<p>Oppsummeringa er laga av ei KI-teneste fr\u00e5 OpenAI. Innhaldet er kvalitetssikra av NRK sine journalistar f\u00f8r publisering.<\/p>\n<p><strong>\u2013 Det er jo utruleg komisk \u00e5 komme p\u00e5 jobb og sj\u00e5 seg sj\u00f8lv overalt. Eg m\u00f8tte bokstavleg talt meg sj\u00f8lv i d\u00f8ra.<\/strong><\/p>\n<p>Ein dag f\u00f8rre veke fekk Veronica Normann Jensen ei h\u00f8gst uventa overrasking i d\u00f8ra; arbeidsplassen var nemleg fullstendig nedklistra med bilde av ansiktet hennar.<\/p>\n<p><strong>P\u00e5 Bl\u00e5 Kors i Fredrikstad, der Veronica jobbar turnus, var ingen stader tomme. Til og med p\u00e5 toalettet kunne ho kikke p\u00e5 klistremerke av seg sj\u00f8lv.<\/strong><\/p>\n<p>Sj\u00e5 nokre av rampestrekane Veronica har blitt utsett for her. <\/p>\n<p>I dagane etterp\u00e5 har Veronica framleis funne klistremerke, og trur det vil halde fram ut desember.<\/p>\n<p>Ho p\u00e5peikar at rampenissen likevel er ganske snill, sj\u00f8lv om han er ein liten r\u00f8var.<\/p>\n<p>\u2013 Eg har gjort meg opp nokre tankar om kven det kan vere. Det m\u00e5 vere ein som kjenner meg ganske godt, og som er litt glad i meg, ler ho.<\/p>\n<p>\u2013 Kan senke stress<\/p>\n<p>Fleire arbeidsplassar har i \u00e5r tatt i bruk konseptet med rampenisse blant dei tilsette.<\/p>\n<p>Det meiner sosialantropolog Ivar Haugstad kan ha ein positiv effekt p\u00e5 arbeidsmilj\u00f8et.<\/p>\n<p><strong>\u2013 Det kan senke stress, og hjernen v\u00e5r fungerer betre. Det kan i tillegg vere smertelindrande, angstdempande og bidra til \u00e5 bygge relasjonar, seier Haugstad. <\/strong><\/p>\n<p>Han har skrive boka \u00abKunsten \u00e5 verke saman p\u00e5 jobb\u00bb, kor han skriv om det \u00e5 skape ein god kultur og arbeidskvardag.<\/p>\n<p><img decoding=\"async\"   src=\"data:image\/gif;base64,R0lGODlhAQABAIAAAAAAAP\/\/\/yH5BAEAAAAALAAAAAABAAEAAAIBRAA7\" loading=\"eager\" alt=\"en m\u00f8rkh\u00e5ret mann med hendene sammen i en m\u00f8rk dress og hvit skjorte.\" title=\"Foto: Privat\"\/><\/p>\n<p class=\"\">Haugstad er ogs\u00e5 forfattar av blant anna boka \u00abKunsten \u00e5 verke saman p\u00e5 jobb 2.0\u00bb.<\/p>\n<p>Foto: Privat<\/p>\n<p>Han fortel at felles opplevingar, det \u00e5 le saman og samhandling ut over sj\u00f8lve kjerneoppg\u00e5vene nesten fungerer som lim i ein organisasjon.<\/p>\n<p>\u2013 Det styrker fellesskapen n\u00e5r vi kan le av dei same tinga. Humor blir p\u00e5 ein m\u00e5te eit teikn p\u00e5 felles normer og verdiar, og dermed ei bekrefting p\u00e5 at \u00abvi er like\u00bb, legg han til.<\/p>\n<p><strong>Mange kan oppfatte humor og leikenheit som teikn p\u00e5 useri\u00f8sitet, men Haugstad meiner det stikk motsette.<\/strong><\/p>\n<p>\u2013 Bruk av rett form for leikenheit og humor kan vere eit teikn p\u00e5 at ein har eit godt arbeidsmilj\u00f8, der folk er trygge og t\u00f8r \u00e5 pr\u00f8ve og feile.<\/p>\n<p>Ventar i spenning<\/p>\n<p>Dermed er det kanskje ikkje s\u00e5 rart at rampenisse-tradisjonen har blitt eit h\u00f8gdepunkt hos Bl\u00e5 Kors i Fredrikstad.<\/p>\n<p>Alle tilsette har f\u00e5tt tildelt \u00e9in kollega dei skal lage rampestrekar for gjennom heile desember.<\/p>\n<p><img decoding=\"async\"   src=\"data:image\/gif;base64,R0lGODlhAQABAIAAAAAAAP\/\/\/yH5BAEAAAAALAAAAAABAAEAAAIBRAA7\" loading=\"eager\" alt=\"Et fargerikt ark med en s\u00f8knadstekst etter inspirasjon. Arkets bunn har bortrevet deler for kontaktinfo. (Bildebeskrivelsen er laget av en KI-tjeneste)\" title=\"Foto: Beate Gr\u00f8ndahl \/ NRK\"\/><\/p>\n<p class=\"\">Denne etterlysingslappen blei laga av rampenissen til Veronica, som ogs\u00e5 er kunstnar. Her blir det s\u00f8kt etter ein \u00abmuse med saftig inspirasjon\u00bb.<\/p>\n<p>Foto: Beate Gr\u00f8ndahl \/ NRK<\/p>\n<p>\u2013 Alle har f\u00e5tt delt ut kvar sin kollega, s\u00e5 lagar vi rampestrekar til kvarandre. Eg er \u00f2g rampenisse, fortel ho l\u00f8yndomsfullt.<\/p>\n<p><strong>Jensen har gledd seg til \u00e5 komme p\u00e5 jobb kvar dag i desember, og koser seg med konseptet.<\/strong><\/p>\n<p>\u2013 Det er kjempeg\u00f8y, og ikkje minst hyggeleg \u00e5 f\u00e5 litt merksemd i jula.<\/p>\n<p><img decoding=\"async\"   src=\"data:image\/gif;base64,R0lGODlhAQABAIAAAAAAAP\/\/\/yH5BAEAAAAALAAAAAABAAEAAAIBRAA7\" loading=\"eager\" alt=\"en dame som holder en lysestake med klistremerke av eget ansikt p\u00e5.\" title=\"Foto: Julian Christensen \/ Privat\"\/><\/p>\n<p>Foto: Julian Christensen \/ Privat<\/p>\n<p>N\u00e5 tel Veronica dagar som eit barn f\u00f8r julaftan.<\/p>\n<p>For neste veke f\u00e5r ho endeleg vite kven som st\u00e5r bak dei kreative rampestrekane som har prega heile den siste m\u00e5naden.<\/p>\n<p>Publisert<\/p>\n<p>21.12.2025, kl. 08.01<\/p>\n<p>Oppdatert<\/p>\n<p>21.12.2025, kl. 09.47<\/p>\n","protected":false},"excerpt":{"rendered":"Saka oppsummert: Rampenissen har blitt ein popul\u00e6r tradisjon, ikkje berre blant barn, men \u00f2g p\u00e5 arbeidsplassar. Veronica Normann&hellip;\n","protected":false},"author":2,"featured_media":118776,"comment_status":"","ping_status":"","sticky":false,"template":"","format":"standard","meta":{"footnotes":""},"categories":[10],"tags":[20,21,24,25,15,22,23,13,30,28,29,14,16,26,27],"class_list":{"0":"post-118775","1":"post","2":"type-post","3":"status-publish","4":"format-standard","5":"has-post-thumbnail","7":"category-norge","8":"tag-breaking-news","9":"tag-breakingnews","10":"tag-featured-news","11":"tag-featurednews","12":"tag-headlines","13":"tag-latest-news","14":"tag-latestnews","15":"tag-news","16":"tag-no","17":"tag-norge","18":"tag-norway","19":"tag-nyheter","20":"tag-overskrifter","21":"tag-top-stories","22":"tag-topstories"},"share_on_mastodon":{"url":"https:\/\/pubeurope.com\/@no\/115757183347086520","error":""},"_links":{"self":[{"href":"https:\/\/www.europesays.com\/no\/wp-json\/wp\/v2\/posts\/118775","targetHints":{"allow":["GET"]}}],"collection":[{"href":"https:\/\/www.europesays.com\/no\/wp-json\/wp\/v2\/posts"}],"about":[{"href":"https:\/\/www.europesays.com\/no\/wp-json\/wp\/v2\/types\/post"}],"author":[{"embeddable":true,"href":"https:\/\/www.europesays.com\/no\/wp-json\/wp\/v2\/users\/2"}],"replies":[{"embeddable":true,"href":"https:\/\/www.europesays.com\/no\/wp-json\/wp\/v2\/comments?post=118775"}],"version-history":[{"count":0,"href":"https:\/\/www.europesays.com\/no\/wp-json\/wp\/v2\/posts\/118775\/revisions"}],"wp:featuredmedia":[{"embeddable":true,"href":"https:\/\/www.europesays.com\/no\/wp-json\/wp\/v2\/media\/118776"}],"wp:attachment":[{"href":"https:\/\/www.europesays.com\/no\/wp-json\/wp\/v2\/media?parent=118775"}],"wp:term":[{"taxonomy":"category","embeddable":true,"href":"https:\/\/www.europesays.com\/no\/wp-json\/wp\/v2\/categories?post=118775"},{"taxonomy":"post_tag","embeddable":true,"href":"https:\/\/www.europesays.com\/no\/wp-json\/wp\/v2\/tags?post=118775"}],"curies":[{"name":"wp","href":"https:\/\/api.w.org\/{rel}","templated":true}]}}