{"id":118777,"date":"2025-12-21T10:54:10","date_gmt":"2025-12-21T10:54:10","guid":{"rendered":"https:\/\/www.europesays.com\/no\/118777\/"},"modified":"2025-12-21T10:54:10","modified_gmt":"2025-12-21T10:54:10","slug":"mcgrath-i-pallkampen-i-italia-kristoffersen-overrasket-etter-tidstap","status":"publish","type":"post","link":"https:\/\/www.europesays.com\/no\/118777\/","title":{"rendered":"McGrath i pallkampen i Italia \u2013 Kristoffersen overrasket etter tidstap"},"content":{"rendered":"\n<p class=\"_lead_o9xde_2 _lead_xtcu6_50 layout-component text-serif-m layout-normal text-serif-l layout-component layout-wide layout-padded _wide_17hqh_1 layout-padded\">Atle Lie McGrath har rett under sekundet opp til leder Marco Schwarz etter 1. omgang av storslal\u00e5mrennet i italienske Alta Badia.<\/p>\n<p><img alt=\"Atle Lie McGrath. Foto: STEFANO RELLANDINI \/ AFP \/ NTB\" class=\"_image_qp4xg_65 layout-component layout-wide\" data-fullscreen- data-track-element-type=\"Article image fullscreen\" data-track-name=\"ImageFullscreen\" fetchpriority=\"high\" decoding=\"sync\" loading=\"eager\" height=\"2877\" itemprop=\"image\"  src=\"https:\/\/www.europesays.com\/no\/wp-content\/uploads\/2025\/12\/3a2a5680-9946-4ced-9661-32c9b7776f90\"  style=\"object-position:0% 0%\" width=\"4316\"\/>Atle Lie McGrath. Foto: STEFANO RELLANDINI \/ AFP \/ NTB<\/p>\n<ul aria-hidden=\"true\" class=\"_images_ntbth_112\">\n<li><a class=\"_link_ntbth_117\" href=\"https:\/\/www.vg.no\/forfatter\/ntb\" style=\"z-index:2\" title=\"NTB\" rel=\"nofollow noopener\" target=\"_blank\"><img alt=\"Bilde av NTB\" class=\"_image_ntbth_93\" fetchpriority=\"low\" loading=\"lazy\" decoding=\"async\" itemprop=\"image\"  src=\"https:\/\/www.europesays.com\/no\/wp-content\/uploads\/2025\/12\/1766314449_923_c33980b0-5d07-4027-84a1-813f90a7c8d6\"  width=\"480\"\/><\/a><\/li>\n<li><a class=\"_link_ntbth_117\" href=\"https:\/\/www.vg.no\/forfatter\/trond-johannessen-2\" style=\"z-index:1\" title=\"Trond Johannessen\" rel=\"nofollow noopener\" target=\"_blank\"><img alt=\"Bilde av Trond Johannessen\" class=\"_image_ntbth_93\" fetchpriority=\"low\" loading=\"lazy\" decoding=\"async\" itemprop=\"image\"  src=\"https:\/\/www.europesays.com\/no\/wp-content\/uploads\/2025\/12\/1766314449_81_8f20a56c-f95f-4178-993a-7fb0527b9125\"  width=\"480\"\/><\/a><\/li>\n<\/ul>\n<p> Oppdatert s\u00f8ndag 21. desember kl. 11:30     <\/p>\n<p class=\"_paragraph_o9xde_4 _paragraph_xtcu6_10 layout-component text-serif-m layout-normal text-serif-m layout-padded\">McGrath er p\u00e5 fjerdeplass og har 29 hundredeler opp til Stefan Brennsteiner p\u00e5 tredjeplass. <\/p>\n<p class=\"_paragraph_o9xde_4 _paragraph_xtcu6_10 layout-component text-serif-m layout-normal text-serif-m layout-padded\">Henrik Kristoffersen ble overrasket da han i m\u00e5l var 1,52 sekunder bak leder Schwarz. P\u00e5 TV-bildene kunne man tydelig se reaksjonen:<\/p>\n<p class=\"_paragraph_o9xde_4 _paragraph_xtcu6_10 layout-component text-serif-m layout-normal text-serif-m layout-padded\">\u2013 H\u00e6&#8230;? What?<\/p>\n<p class=\"_paragraph_o9xde_4 _paragraph_xtcu6_10 layout-component text-serif-m layout-normal text-serif-m layout-padded\">Etterp\u00e5 snakket han om hva som skjedde til Viaplay:<\/p>\n<p class=\"_paragraph_o9xde_4 _paragraph_xtcu6_10 layout-component text-serif-m layout-normal text-serif-m layout-padded\">\u2013 Jeg vet ikke helt, jeg. Det kjentes egentlig veldig bra ut. Jeg tror bare det ble altfor rundt, dessverre. Det var mye lettere enn jeg hadde trodd, og det har jeg aldri kjent p\u00e5 her i Alta Badia f\u00f8r.<\/p>\n<p class=\"_paragraph_o9xde_4 _paragraph_xtcu6_10 layout-component text-serif-m layout-normal text-serif-m layout-padded\">Viaplay-ekspert Kjetil Jansrud kaller det \u00abden verste f\u00f8lelsen man kan ha i alpint, det er skrekken\u00bb om hvordan det er n\u00e5r man tror at det har g\u00e5tt fort, men s\u00e5 er avstanden opp stor.<\/p>\n<p><img alt=\"Henrik Kristoffersen.  Foto: STEFANO RELLANDINI \/ AFP \/ NTB\" class=\"_image_qp4xg_65 layout-component layout-normal\" data-fullscreen- data-track-element-type=\"Article image fullscreen\" data-track-name=\"ImageFullscreen\" decoding=\"async\" loading=\"lazy\" height=\"2054\" itemprop=\"image\"  src=\"https:\/\/www.europesays.com\/no\/wp-content\/uploads\/2025\/12\/33cefbcf-3c1a-44ce-be41-5cefd1f8d373\"  style=\"object-position:0% 0%\" width=\"3081\"\/>Henrik Kristoffersen.  Foto: STEFANO RELLANDINI \/ AFP \/ NTB<\/p>\n<p class=\"_paragraph_o9xde_4 _paragraph_xtcu6_10 layout-component text-serif-m layout-normal text-serif-m layout-padded\">Schwarz har hele 64 hundredeler ned til n\u00e6rmeste konkurrent, amerikanske River Adamus.<\/p>\n<p class=\"_paragraph_o9xde_4 _paragraph_xtcu6_10 layout-component text-serif-m layout-normal text-serif-m layout-padded\">\u2013 Det er helt vilt, sa Kristoffersen om avstandene.<\/p>\n<p class=\"_paragraph_o9xde_4 _paragraph_xtcu6_10 layout-component text-serif-m layout-normal text-serif-m layout-padded\">Kristoffersen kan vise til 98 pallplasser i verdenscupen.<\/p>\n<p class=\"_paragraph_o9xde_4 _paragraph_xtcu6_10 layout-component text-serif-m layout-normal text-serif-m layout-padded\">Heller ikke verdenscupleder <strong class=\"_strong_o9xde_25\">Marco Odermatt<\/strong> fikk det til \u00e5 stemme og er 1,51 bak.<\/p>\n<p class=\"_paragraph_o9xde_4 _paragraph_xtcu6_10 layout-component text-serif-m layout-normal text-serif-m layout-padded\"><strong class=\"_strong_o9xde_25\">Timon Haugan<\/strong> tapte mye tid og har 1,96 opp til toppen. Haugan st\u00e5r med Norges eneste verdenscupseier i alpint s\u00e5 langt denne vinteren.<\/p>\n<p class=\"_paragraph_o9xde_4 _paragraph_xtcu6_10 layout-component text-serif-m layout-normal text-serif-m layout-padded\"><strong class=\"_strong_o9xde_25\">Lucas Pinheiro Braathen<\/strong> er i pallkampen i Italia, 97 hundredeler bak Schwarz. Braathen representerer Brasil.<\/p>\n<ul class=\"_list_o9xde_3 _list_xtcu6_9 _unordered_o9xde_106 layout-component text-serif-m layout-normal text-serif-m layout-padded\">\n<li class=\"_item_o9xde_30\">Finaleomgangen i Alta Badia starter 13.30.<\/li>\n<\/ul>\n","protected":false},"excerpt":{"rendered":"Atle Lie McGrath har rett under sekundet opp til leder Marco Schwarz etter 1. omgang av storslal\u00e5mrennet i&hellip;\n","protected":false},"author":2,"featured_media":118778,"comment_status":"","ping_status":"","sticky":false,"template":"","format":"standard","meta":{"footnotes":""},"categories":[59],"tags":[30,28,29,83,82],"class_list":{"0":"post-118777","1":"post","2":"type-post","3":"status-publish","4":"format-standard","5":"has-post-thumbnail","7":"category-sport","8":"tag-no","9":"tag-norge","10":"tag-norway","11":"tag-sport","12":"tag-sports"},"share_on_mastodon":{"url":"https:\/\/pubeurope.com\/@no\/115757191438317866","error":""},"_links":{"self":[{"href":"https:\/\/www.europesays.com\/no\/wp-json\/wp\/v2\/posts\/118777","targetHints":{"allow":["GET"]}}],"collection":[{"href":"https:\/\/www.europesays.com\/no\/wp-json\/wp\/v2\/posts"}],"about":[{"href":"https:\/\/www.europesays.com\/no\/wp-json\/wp\/v2\/types\/post"}],"author":[{"embeddable":true,"href":"https:\/\/www.europesays.com\/no\/wp-json\/wp\/v2\/users\/2"}],"replies":[{"embeddable":true,"href":"https:\/\/www.europesays.com\/no\/wp-json\/wp\/v2\/comments?post=118777"}],"version-history":[{"count":0,"href":"https:\/\/www.europesays.com\/no\/wp-json\/wp\/v2\/posts\/118777\/revisions"}],"wp:featuredmedia":[{"embeddable":true,"href":"https:\/\/www.europesays.com\/no\/wp-json\/wp\/v2\/media\/118778"}],"wp:attachment":[{"href":"https:\/\/www.europesays.com\/no\/wp-json\/wp\/v2\/media?parent=118777"}],"wp:term":[{"taxonomy":"category","embeddable":true,"href":"https:\/\/www.europesays.com\/no\/wp-json\/wp\/v2\/categories?post=118777"},{"taxonomy":"post_tag","embeddable":true,"href":"https:\/\/www.europesays.com\/no\/wp-json\/wp\/v2\/tags?post=118777"}],"curies":[{"name":"wp","href":"https:\/\/api.w.org\/{rel}","templated":true}]}}