{"id":118782,"date":"2025-12-21T11:05:35","date_gmt":"2025-12-21T11:05:35","guid":{"rendered":"https:\/\/www.europesays.com\/no\/118782\/"},"modified":"2025-12-21T11:05:35","modified_gmt":"2025-12-21T11:05:35","slug":"the-economist-syria-er-arets-land","status":"publish","type":"post","link":"https:\/\/www.europesays.com\/no\/118782\/","title":{"rendered":"The Economist: Syria er \u00e5rets land"},"content":{"rendered":"<p><b>Dette skriver utenlandske aviser p\u00e5 lederplass<\/b><\/p>\n<p><b><a href=\"https:\/\/www.economist.com\/leaders\/2025\/12\/18\/the-economists-country-of-the-year-for-2025\" target=\"_blank\" rel=\"nofollow noopener\">The Economist<\/a><\/b><\/p>\n<p>Hver jul utpeker The Economist \u00e5rets land. \u00c5rets to kandidater var Argentina og Syria, og Syria er \u00e5rets vinner. For litt over et \u00e5r siden ble landet styrt av diktatoren Bashar al-Assad. I dag er Syria i 2025 langt lykkeligere og mer fredelig enn i 2024.<\/p>\n<p>Assad var en avskyelig diktator st\u00f8ttet av Iran og Russland. Fengslene hans var fulle av politiske fanger, og opposisjon ble straffet med tortur eller d\u00f8d. 13 \u00e5r med borgerkrig hadde kostet mer enn en halv million mennesker livet. Assads styrker brukte kjemiske v\u00e5pen og t\u00f8nnebomber vilk\u00e5rlig mot sivile. Mer enn seks millioner mennesker hadde flyktet fra landet.<\/p>\n<p>S\u00e5, tidlig i desember 2024, ble tyrannen selv tvunget p\u00e5 flukt da oppr\u00f8rere tok makten. Da vi valgte \u00e5rets land det \u00e5ret, var det for tidlig \u00e5 vite hvordan det nye Syria ville se ut. Landets nye leder, Ahmed al-Sharaa, var jihadist. Mange fryktet at han ville innf\u00f8re et brutalt islamistisk teokrati, eller at Syria ville kollapse i kaos.\u00a0<\/p>\n<p>Ingen av delene har skjedd. Kvinner er ikke p\u00e5lagt \u00e5 dekke seg til eller holde seg hjemme. B\u00e5de underholdning og alkohol er tillatt. Al-Sharaa har st\u00e5tt for en rekke positive overraskelser, holdt landet samlet og har etablert gode forbindelser med USA og gulfstatene. Etter hvert som vestlige sanksjoner lempes p\u00e5, begynner ogs\u00e5 \u00f8konomien \u00e5 ta seg opp.<\/p>\n<p>Store problemer gjenst\u00e5r. Militser gjennomf\u00f8rte to grusomme lokale massakrer mot minoriteter, der 2.000 mennesker ble drept. Al-Sharaa styrer p\u00e5 klanvis, og i et s\u00e5 skj\u00f8rt land kan mye fortsatt g\u00e5 galt.<\/p>\n<p>Men frykten er ikke lenger allestedsn\u00e6rv\u00e6rende. Livet er ikke lett, men for de fleste er det mer eller mindre normalt. Ved \u00e5 stemme med f\u00f8ttene har rundt tre millioner syrere vendt hjem. V\u00e5rt valg faller derfor ogs\u00e5 p\u00e5 Syria.<\/p>\n<p><img decoding=\"async\" class=\"lazyload \" src=\"https:\/\/www.europesays.com\/no\/wp-content\/uploads\/2025\/12\/1766315135_909_pipe\"  data- alt=\"\"\/><\/p>\n<p>STYRTET DIKTATOREN: En oppr\u00f8rer g\u00e5r forbi et bilde av Bashar al-Assad i Damaskus 26. desember 2024. <strong>Foto: NTB<\/strong><\/p>\n<p><b><a href=\"https:\/\/www.wsj.com\/opinion\/european-union-loan-ukraine-russian-assets-vladimir-putin-euroclear-fa339a37?mod=opinion_lead_pos3\" target=\"_blank\" rel=\"nofollow noopener\">The Wall Street Journal<\/a><\/b><\/p>\n<p>Hvis Russland vinner over Ukraina, vil historien konstatere at Vest-Europa og USA manglet vilje til \u00e5 stanse Kremls imperialisme. Det siste eksemplet er EUs beslutning om \u00e5 gi Ukraina l\u00e5n i stedet for \u00e5 ta Russlands frosne formue.<\/p>\n<p><b><a href=\"https:\/\/www.ft.com\/content\/dd7925a6-94bb-4c45-8b20-09de4074a878\" target=\"_blank\" rel=\"nofollow noopener\">Financial Times<\/a><\/b><\/p>\n<p>H\u00f8rer man p\u00e5 Donald Trump, Elon Musk og andre, kan London fremst\u00e5 som et skremmende sted. Men den britiske hovedstaden blir utsatt for betydelig feilinformasjon om sharia-lov, og kriminalitet ute av kontroll. Det er ingen grunn til \u00e5 tro p\u00e5 den falske pessimismen.<\/p>\n<p><b><a href=\"https:\/\/www.welt.de\/debatte\/plus69454cc1f6fc544dba9ad996\/europa-die-laehmende-macht-der-bauern.html\" target=\"_blank\" rel=\"nofollow noopener\">Die Welt<\/a><\/b><\/p>\n<p>Av frykt for bondeprotester har b\u00e5de Giorgia Meloni, Emmanuel Macron og Donald Tusk stanset Europas tilslutning til frihandelsavtalen Mercosur. Det er til \u00e5 skrike av at en s\u00e5 liten gruppe har s\u00e5 mye makt, s\u00e6rlig siden denne lobbygruppen blir skjemt bort med massive subsidier.<\/p>\n","protected":false},"excerpt":{"rendered":"Dette skriver utenlandske aviser p\u00e5 lederplass The Economist Hver jul utpeker The Economist \u00e5rets land. \u00c5rets to kandidater&hellip;\n","protected":false},"author":2,"featured_media":118783,"comment_status":"","ping_status":"","sticky":false,"template":"","format":"standard","meta":{"footnotes":""},"categories":[12],"tags":[20,21,24,25,15,22,23,13,30,28,29,14,16,26,27,42,43,44,45],"class_list":{"0":"post-118782","1":"post","2":"type-post","3":"status-publish","4":"format-standard","5":"has-post-thumbnail","7":"category-verden","8":"tag-breaking-news","9":"tag-breakingnews","10":"tag-featured-news","11":"tag-featurednews","12":"tag-headlines","13":"tag-latest-news","14":"tag-latestnews","15":"tag-news","16":"tag-no","17":"tag-norge","18":"tag-norway","19":"tag-nyheter","20":"tag-overskrifter","21":"tag-top-stories","22":"tag-topstories","23":"tag-verden","24":"tag-world","25":"tag-world-news","26":"tag-worldnews"},"share_on_mastodon":{"url":"https:\/\/pubeurope.com\/@no\/115757234684923675","error":""},"_links":{"self":[{"href":"https:\/\/www.europesays.com\/no\/wp-json\/wp\/v2\/posts\/118782","targetHints":{"allow":["GET"]}}],"collection":[{"href":"https:\/\/www.europesays.com\/no\/wp-json\/wp\/v2\/posts"}],"about":[{"href":"https:\/\/www.europesays.com\/no\/wp-json\/wp\/v2\/types\/post"}],"author":[{"embeddable":true,"href":"https:\/\/www.europesays.com\/no\/wp-json\/wp\/v2\/users\/2"}],"replies":[{"embeddable":true,"href":"https:\/\/www.europesays.com\/no\/wp-json\/wp\/v2\/comments?post=118782"}],"version-history":[{"count":0,"href":"https:\/\/www.europesays.com\/no\/wp-json\/wp\/v2\/posts\/118782\/revisions"}],"wp:featuredmedia":[{"embeddable":true,"href":"https:\/\/www.europesays.com\/no\/wp-json\/wp\/v2\/media\/118783"}],"wp:attachment":[{"href":"https:\/\/www.europesays.com\/no\/wp-json\/wp\/v2\/media?parent=118782"}],"wp:term":[{"taxonomy":"category","embeddable":true,"href":"https:\/\/www.europesays.com\/no\/wp-json\/wp\/v2\/categories?post=118782"},{"taxonomy":"post_tag","embeddable":true,"href":"https:\/\/www.europesays.com\/no\/wp-json\/wp\/v2\/tags?post=118782"}],"curies":[{"name":"wp","href":"https:\/\/api.w.org\/{rel}","templated":true}]}}