{"id":118790,"date":"2025-12-21T11:11:17","date_gmt":"2025-12-21T11:11:17","guid":{"rendered":"https:\/\/www.europesays.com\/no\/118790\/"},"modified":"2025-12-21T11:11:17","modified_gmt":"2025-12-21T11:11:17","slug":"pa-gunerius-oslos-pussigste-kjopesenter","status":"publish","type":"post","link":"https:\/\/www.europesays.com\/no\/118790\/","title":{"rendered":"P\u00e5 Gunerius &#8211; Oslos pussigste kj\u00f8pesenter"},"content":{"rendered":"<p class=\"kicker t14 font-FoundersGrotesk\" style=\"\">Reportasje<\/p>\n<p>    P\u00e5 tross av h\u00f8yhusplaner, stadig nedlagte butikker, et ferskt godteriforbud og en rekordmild desemberm\u00e5ned, er det \u00e9n ting som fremdeles holder stand p\u00e5 Gunerius kj\u00f8pesenter.<\/p>\n<p>\n        Dirigenten: N\u00e5r Gunerius kj\u00f8pesenter i Oslo sentrum vil gi kundene julestemning, ringer de sin trofaste senternisse Morten Erik Olsen.<\/p>\n<p>                Bestill abonnement her<\/p>\n<p>\n                    <a class=\"lab-paywall-teaser-offer-button\" href=\"https:\/\/kampanje.morgenbladet.no\/selvbestilling-2\" rel=\"nofollow noopener\" target=\"_blank\">KJ\u00d8P<\/a>\n                <\/p>\n","protected":false},"excerpt":{"rendered":"Reportasje P\u00e5 tross av h\u00f8yhusplaner, stadig nedlagte butikker, et ferskt godteriforbud og en rekordmild desemberm\u00e5ned, er det \u00e9n&hellip;\n","protected":false},"author":2,"featured_media":118791,"comment_status":"","ping_status":"","sticky":false,"template":"","format":"standard","meta":{"footnotes":""},"categories":[56],"tags":[60,61,62,30,28,29],"class_list":{"0":"post-118790","1":"post","2":"type-post","3":"status-publish","4":"format-standard","5":"has-post-thumbnail","7":"category-naeringsliv","8":"tag-business","9":"tag-economy","10":"tag-naeringsliv","11":"tag-no","12":"tag-norge","13":"tag-norway"},"share_on_mastodon":{"url":"https:\/\/pubeurope.com\/@no\/115757258054848236","error":""},"_links":{"self":[{"href":"https:\/\/www.europesays.com\/no\/wp-json\/wp\/v2\/posts\/118790","targetHints":{"allow":["GET"]}}],"collection":[{"href":"https:\/\/www.europesays.com\/no\/wp-json\/wp\/v2\/posts"}],"about":[{"href":"https:\/\/www.europesays.com\/no\/wp-json\/wp\/v2\/types\/post"}],"author":[{"embeddable":true,"href":"https:\/\/www.europesays.com\/no\/wp-json\/wp\/v2\/users\/2"}],"replies":[{"embeddable":true,"href":"https:\/\/www.europesays.com\/no\/wp-json\/wp\/v2\/comments?post=118790"}],"version-history":[{"count":0,"href":"https:\/\/www.europesays.com\/no\/wp-json\/wp\/v2\/posts\/118790\/revisions"}],"wp:featuredmedia":[{"embeddable":true,"href":"https:\/\/www.europesays.com\/no\/wp-json\/wp\/v2\/media\/118791"}],"wp:attachment":[{"href":"https:\/\/www.europesays.com\/no\/wp-json\/wp\/v2\/media?parent=118790"}],"wp:term":[{"taxonomy":"category","embeddable":true,"href":"https:\/\/www.europesays.com\/no\/wp-json\/wp\/v2\/categories?post=118790"},{"taxonomy":"post_tag","embeddable":true,"href":"https:\/\/www.europesays.com\/no\/wp-json\/wp\/v2\/tags?post=118790"}],"curies":[{"name":"wp","href":"https:\/\/api.w.org\/{rel}","templated":true}]}}