{"id":118794,"date":"2025-12-21T11:14:18","date_gmt":"2025-12-21T11:14:18","guid":{"rendered":"https:\/\/www.europesays.com\/no\/118794\/"},"modified":"2025-12-21T11:14:18","modified_gmt":"2025-12-21T11:14:18","slug":"brann-innbrudd-og-kaos-et-rottereir","status":"publish","type":"post","link":"https:\/\/www.europesays.com\/no\/118794\/","title":{"rendered":"Brann, innbrudd og kaos: &#8211; Et rottereir"},"content":{"rendered":"<p>  For ett \u00e5r siden slo beboere i Oslos kommunalboliger alarm om sikkerheten. Ronny Engebretsen (55) ser ingen tegn til bedring.<\/p>\n<p>\n    STOVNER: Ronny Engebretsen (foran) og naboen Svein Ruud fortalte i Dagbladet f\u00f8r jul i fjor om ildp\u00e5settelser og stadig brannalarmer i de kommunale blokkene der de bor. Foto: Kristin Svorte \/ Dagbladet\n  <\/p>\n<p>&#8211; Det var tryggere i fengsel, sa Ronny Engebretsen (55) for ett \u00e5r siden, da han viste Dagbladet rundt i den kommunale blokka der han bor p\u00e5 Stovner i Oslo.<\/p>\n<p>Her bor <a href=\"https:\/\/www.dagbladet.no\/nyheter\/det-var-tryggere-i-fengsel\/82265731\" rel=\"nofollow noopener\" target=\"_blank\">barn, eldre og syke vegg i vegg med folk som sliter med tung rus og psykiatri<\/a>.\u00a0<\/p>\n<p> Flere beboere har beskrevet Oslos kommunalboliger som brannfeller. <\/p>\n<p>Engebretsen mener lite har blitt gjort av utleieren Boligbygg, som er underlagt Oslo kommune. <\/p>\n<p>    <a itemprop=\"url\" href=\"https:\/\/www.dagbladet.no\/nyheter\/jeg-er-alltid-pa-vakt\/82309105\" rel=\"nofollow noopener\" target=\"_blank\"><\/p>\n<p>        <img loading=\"lazy\" decoding=\"async\" src=\"https:\/\/www.europesays.com\/no\/wp-content\/uploads\/2025\/12\/82312084.webp\" width=\"980\" height=\"441\" title=\"- Jeg er alltid p\u00e5 vakt\" alt=\"\" class=\"lazyload\" style=\"--aspect-ratio-image: 2.22; \"\/><\/p>\n<p>        &#8211; Jeg er alltid p\u00e5 vakt<\/p>\n<p>    <\/a><\/p>\n<p>150 brannalarmer\t<\/p>\n<p>Han forteller om gjentatte innbruddsfors\u00f8k og h\u00e6rverk fra uvedkommende. Nye bilder fra stedet viser \u00f8delagte l\u00e5ser og et brent sikringsskap med avklipte ledninger.\u00a0<\/p>\n<p>&#8211; Det er mange nye folk som ikke h\u00f8rer til og som ringer p\u00e5 d\u00f8rene midt p\u00e5 natta, sier Engebretsen.<\/p>\n<p>Det har brent fire ganger i bygget bare i \u00e5r, opplyser Oslo brann- og redningsetat (OBRE) til Dagbladet.<\/p>\n<p class=\"font-weight-bold m-font-weight-bold\" data-lab-font_weight=\"font-weight-bold\"> Fortsatt uler brannalarmene flere ganger om dagen. Totalt har brannvesenet f\u00e5tt rundt 150 alarmer hittil i \u00e5r, som hovedsakelig skyldes matlaging, h\u00e6rverk og r\u00f8yking.<\/p>\n<p>    <a itemprop=\"url\" href=\"https:\/\/www.dagbladet.no\/nyheter\/det-var-tryggere-i-fengsel\/82265731\" rel=\"nofollow noopener\" target=\"_blank\"><\/p>\n<p>        <img loading=\"lazy\" decoding=\"async\" src=\"https:\/\/www.europesays.com\/no\/wp-content\/uploads\/2025\/12\/82275107.webp\" width=\"147\" height=\"98\" title=\"- Det var tryggere i fengsel\" alt=\"\" class=\"lazyload\" style=\"--aspect-ratio-image: 1.50; \"\/><\/p>\n<p>        &#8211; Det var tryggere i fengsel<\/p>\n<p>    <\/a><\/p>\n<p>M\u00e5tte p\u00e5 sykehus\t<\/p>\n<p>\u00a0R\u00f8yken har sevet inn i Engebretsen leilighet og gitt ham helseskader.\u00a0<\/p>\n<p> &#8211; Lungene mine ble skadd av brannr\u00f8yken, og jeg m\u00e5tte p\u00e5 A-hus. R\u00f8yken kommer inn i stua og p\u00e5 soverommet, sier han.<\/p>\n<p>        <img loading=\"lazy\" decoding=\"async\" src=\"https:\/\/www.europesays.com\/no\/wp-content\/uploads\/2025\/12\/83976878.webp\" width=\"686\" height=\"460\" title=\"KOMMUNALEID: Barn, eldre og mennesker i tung rus og psykatri bor vegg i vegg i de kommunaleide blokkene p\u00e5 Stovner senter. Foto: Kristin Svorte \/ Dagbladet\" alt=\"\" class=\"\" style=\"--aspect-ratio-image: 1.49; \"\/><\/p>\n<p>\n        KOMMUNALEID: Barn, eldre og mennesker i tung rus og psykatri bor vegg i vegg i de kommunaleide blokkene p\u00e5 Stovner senter. Foto: Kristin Svorte \/ Dagbladet\n    <\/p>\n<p> Dagbladet har tidligere snakket med beboere med helseutfordringer som sier de\u00a0<a href=\"https:\/\/www.dagbladet.no\/nyheter\/vi-er-ikke-soppel\/82021910\" rel=\"nofollow noopener\" target=\"_blank\">er mer eller mindre fanget oppe i etasjene n\u00e5r heisen st\u00e5r, og frykter brann<\/a>. \u00c9n av heisene skal nylig ha st\u00e5tt fast i flere uker.<\/p>\n<p class=\"italic m-italic\" data-lab-italic=\"italic\">Les Boligbyggs svar lengre nede i saken.<\/p>\n<p>    <a itemprop=\"url\" href=\"https:\/\/www.dagbladet.no\/nyheter\/vrakes-en-av-ernas-store-tabber\/83970980\" rel=\"nofollow noopener\" target=\"_blank\"><\/p>\n<p>        <img loading=\"lazy\" decoding=\"async\" src=\"https:\/\/www.europesays.com\/no\/wp-content\/uploads\/2025\/12\/83971107.webp\" width=\"980\" height=\"441\" title=\"Vrakes: - En av Ernas store tabber\" alt=\"\" class=\"lazyload\" style=\"--aspect-ratio-image: 2.22; \"\/><\/p>\n<p>        Vrakes: &#8211; En av Ernas store tabber<\/p>\n<p>    <\/a><\/p>\n<p>&#8211; Rottereir\t<\/p>\n<p>Engebretsen forteller om en rekke utfordringer han mener ikke er blitt gjort noe med. S\u00f8ppelet flyter, og dopsalget skal v\u00e6re utbredt i blokka.<\/p>\n<p> En felles vaskemaskin har v\u00e6rt \u00f8delagt i over ett \u00e5r, if\u00f8lge Engebretsen. Han forteller om utbredte problemet med rotter i s\u00f8pla og i uteomr\u00e5det. <\/p>\n<p> &#8211; Det er ikke noe \u00e5lreit her i rottereiret til Boligbygg, sier han.<\/p>\n<p>Engebretsen har tidligere etterlyst overv\u00e5kningskameraer i kjelleren der folk r\u00f8yker, og i inngangspartiet.\u00a0<\/p>\n<p> Han ber Boligbygg f\u00e5 opp kameraer, kvitte seg med s\u00f8ppel og f\u00e5 kontroll p\u00e5 hvem som g\u00e5r inn og ut. <\/p>\n<p> &#8211; De har ikke gjort noe av det jeg mener m\u00e5 til. <\/p>\n<p> Politiet bekrefter at de er kjent med disse adressene og tidvis har politioppdrag der. Oslo politidistrikt vil ikke g\u00e5 i detalj om oppdragene, men sier de jobber tett med bydel Stovner og Boligbygg. <\/p>\n<p>    <a itemprop=\"url\" href=\"https:\/\/www.dagbladet.no\/nyheter\/vi-er-ikke-soppel\/82021910\" rel=\"nofollow noopener\" target=\"_blank\"><\/p>\n<p>        <img loading=\"lazy\" decoding=\"async\" src=\"https:\/\/www.europesays.com\/no\/wp-content\/uploads\/2025\/12\/82027031.webp\" width=\"147\" height=\"98\" title=\"Fortviler: - Vi er ikke s\u00f8ppel\" alt=\"\" class=\"lazyload\" style=\"--aspect-ratio-image: 1.50; \"\/><\/p>\n<p>        Fortviler: &#8211; Vi er ikke s\u00f8ppel<\/p>\n<p>    <\/a><\/p>\n<p>\u00d8konomisk presset\t<\/p>\n<p>Dagbladet har forelagt Boligbygg kritikken. Etaten beskriver den tekniske tilstanden p\u00e5 bygget som sv\u00e6rt god og sier de jobber hardt for \u00e5 fikse feil og mangler.<\/p>\n<p>&#8211; Samtidig eier og forvalter Boligbygg Oslo KF 12 000 kommunale boliger i byen. Det er en sv\u00e6rt krevende oppgave \u00e5 vedlikeholde en s\u00e5 stor portef\u00f8lje, og vi er prisgitt de \u00f8konomiske rammene vi r\u00e5r over, skriver Boligbyggs kommunikasjonssjef Harald Wisl\u00f8ff i en e-post.<\/p>\n<p class=\"no_italic m-no_italic\" data-lab-italic=\"\"> Boligbygg viser til at bygget har brannalarmanlegg, automatisk slukkeanlegg, og automatisk varsling til brannvesenet.\u00a0<\/p>\n<p class=\"no_italic m-no_italic\" data-lab-italic=\"\">De sier brannsikkerheten skal v\u00e6re god og peker p\u00e5 at brannalarmene ofte er falske og sjelden skyldes feil ved eiendommen eller anlegget.\u00a0 <\/p>\n<p>    <a itemprop=\"url\" href=\"https:\/\/www.dagbladet.no\/nyheter\/machados-flukt-farlig-og-skummel\/83974222\" rel=\"nofollow noopener\" target=\"_blank\"><\/p>\n<p>        <img loading=\"lazy\" decoding=\"async\" src=\"https:\/\/www.europesays.com\/no\/wp-content\/uploads\/2025\/12\/83974254.webp\" width=\"980\" height=\"441\" title=\"Machados flukt: - Farlig og skummel\" alt=\"\" class=\"lazyload\" style=\"--aspect-ratio-image: 2.22; \"\/><\/p>\n<p>        Machados flukt: &#8211; Farlig og skummel<\/p>\n<p>    <\/a><\/p>\n<p>&#8211; Oslo p\u00e5 sitt beste\t<\/p>\n<p class=\"no_italic m-no_italic\" data-lab-italic=\"\">Boligbygg forklarer den \u00f8delagte vaskemaskinen og heisen med hard bruk, men lover at disse repareres snarlig.<\/p>\n<p class=\"no_italic m-no_italic\" data-lab-italic=\"\">\u00c5 sette opp kameraer vurderes, men er kostbart og strengt regulert, opplyser etaten.<\/p>\n<p class=\"no_italic m-no_italic\" data-lab-italic=\"\">&#8211; Vi synes det er leit at leietakere f\u00f8ler seg utrygge, og b\u00e5de Boligbygg og bydelen gj\u00f8r det vi kan for \u00e5 hjelpe leietakerne i hverdagen, skriver Wisl\u00f8ff.<\/p>\n<p class=\"no_italic m-no_italic\" data-lab-italic=\"\">Han legger til:<\/p>\n<p class=\"no_italic m-no_italic font-weight-bold m-font-weight-bold\" data-lab-italic=\"\" data-lab-font_weight=\"font-weight-bold\">&#8211; Mange av v\u00e5re leietakere lever krevende liv, og at de f\u00e5r mulighet til \u00e5 leie kommunal bolig er p\u00e5 mange m\u00e5ter velferdsstaten og Oslo p\u00e5 sitt beste.\u00a0<\/p>\n<p>    <a itemprop=\"url\" href=\"https:\/\/www.dagbladet.no\/nyheter\/alle-skylder-pa-hverandre\/82391294\" rel=\"nofollow noopener\" target=\"_blank\"><\/p>\n<p>        <img loading=\"lazy\" decoding=\"async\" src=\"https:\/\/www.europesays.com\/no\/wp-content\/uploads\/2025\/12\/82409971.webp\" width=\"980\" height=\"441\" title=\"- Alle skylder p\u00e5 hverandre\" alt=\"\" class=\"lazyload\" style=\"--aspect-ratio-image: 2.22; \"\/><\/p>\n<p>        &#8211; Alle skylder p\u00e5 hverandre<\/p>\n<p>    <\/a><\/p>\n","protected":false},"excerpt":{"rendered":"For ett \u00e5r siden slo beboere i Oslos kommunalboliger alarm om sikkerheten. Ronny Engebretsen (55) ser ingen tegn&hellip;\n","protected":false},"author":2,"featured_media":118795,"comment_status":"","ping_status":"","sticky":false,"template":"","format":"standard","meta":{"footnotes":""},"categories":[5],"tags":[20,21,24,25,15,19,22,23,17,18,13,30,28,29,14,16,41,26,27],"class_list":{"0":"post-118794","1":"post","2":"type-post","3":"status-publish","4":"format-standard","5":"has-post-thumbnail","7":"category-overskrifter","8":"tag-breaking-news","9":"tag-breakingnews","10":"tag-featured-news","11":"tag-featurednews","12":"tag-headlines","13":"tag-hovedoppslag","14":"tag-latest-news","15":"tag-latestnews","16":"tag-main-news","17":"tag-mainnews","18":"tag-news","19":"tag-no","20":"tag-norge","21":"tag-norway","22":"tag-nyheter","23":"tag-overskrifter","24":"tag-politikk","25":"tag-top-stories","26":"tag-topstories"},"share_on_mastodon":{"url":"https:\/\/pubeurope.com\/@no\/115757270501273944","error":""},"_links":{"self":[{"href":"https:\/\/www.europesays.com\/no\/wp-json\/wp\/v2\/posts\/118794","targetHints":{"allow":["GET"]}}],"collection":[{"href":"https:\/\/www.europesays.com\/no\/wp-json\/wp\/v2\/posts"}],"about":[{"href":"https:\/\/www.europesays.com\/no\/wp-json\/wp\/v2\/types\/post"}],"author":[{"embeddable":true,"href":"https:\/\/www.europesays.com\/no\/wp-json\/wp\/v2\/users\/2"}],"replies":[{"embeddable":true,"href":"https:\/\/www.europesays.com\/no\/wp-json\/wp\/v2\/comments?post=118794"}],"version-history":[{"count":0,"href":"https:\/\/www.europesays.com\/no\/wp-json\/wp\/v2\/posts\/118794\/revisions"}],"wp:featuredmedia":[{"embeddable":true,"href":"https:\/\/www.europesays.com\/no\/wp-json\/wp\/v2\/media\/118795"}],"wp:attachment":[{"href":"https:\/\/www.europesays.com\/no\/wp-json\/wp\/v2\/media?parent=118794"}],"wp:term":[{"taxonomy":"category","embeddable":true,"href":"https:\/\/www.europesays.com\/no\/wp-json\/wp\/v2\/categories?post=118794"},{"taxonomy":"post_tag","embeddable":true,"href":"https:\/\/www.europesays.com\/no\/wp-json\/wp\/v2\/tags?post=118794"}],"curies":[{"name":"wp","href":"https:\/\/api.w.org\/{rel}","templated":true}]}}