{"id":118796,"date":"2025-12-21T11:15:20","date_gmt":"2025-12-21T11:15:20","guid":{"rendered":"https:\/\/www.europesays.com\/no\/118796\/"},"modified":"2025-12-21T11:15:20","modified_gmt":"2025-12-21T11:15:20","slug":"trearing-utsatt-for-drapstrusler","status":"publish","type":"post","link":"https:\/\/www.europesays.com\/no\/118796\/","title":{"rendered":"Tre\u00e5ring utsatt for drapstrusler"},"content":{"rendered":"<p>  Truslene var rettet mot det mest dyrebare hun har. En rekke profiler reagerer med avsky og raseri.<\/p>\n<p>\n    RYSTET: Justine Braisaz-Bouchet har mottatt hets p\u00e5 sosiale medier, ogs\u00e5 mot egen datter. Foto: Petter Arvidson \/ BILDBYR\u00c5N\n  <\/p>\n<p>Den franske skiskytteren Justine Braisaz-Bouchet (29) har mottatt d\u00f8dstrusler p\u00e5 sosiale medier, noe som har skapt sterke reaksjoner internt i det franske landslaget.<\/p>\n<p>    <a itemprop=\"url\" href=\"https:\/\/www.dagbladet.no\/sport\/slar-full-alarm\/83900019\" rel=\"nofollow noopener\" target=\"_blank\"><\/p>\n<p>        <img loading=\"lazy\" decoding=\"async\" src=\"https:\/\/www.europesays.com\/no\/wp-content\/uploads\/2025\/12\/83915781.webp\" width=\"147\" height=\"98\" title=\"Sl\u00e5r full alarm\" alt=\"\" class=\"lazyload\" style=\"--aspect-ratio-image: 1.50; \"\/><\/p>\n<p>        Sl\u00e5r full alarm<\/p>\n<p>    <\/a><\/p>\n<p>&#8211; De siste \u00e5ra, og spesielt de siste ukene, har jeg mottatt mange truende meldinger, sier hun if\u00f8lge <a href=\"https:\/\/www.expressen.se\/sport\/skidskytte\/svenska-ilskan-efter-hoten-mot-justine-braisaz-bouchet\/\" target=\"_blank\" rel=\"nofollow noopener\">Expressen<\/a>.<\/p>\n<p class=\"font-weight-bold m-font-weight-bold\" data-lab-font_weight=\"font-weight-bold\">\u00c9n av truslene, som kom i kj\u00f8lvannet av konkurranse, var rettet mot hennes snart tre \u00e5r gamle datter, C\u00f4me, og inneholdt en direkte drapstrussel. Det franske skiskytterforbundet har ford\u00f8mt hendelsen.<\/p>\n<p>For \u00e5 beskytte seg selv og familien har\u00a0Braisaz-Bouchet n\u00e5 slettet samtlige kontoer p\u00e5 sosiale medier.<\/p>\n<p>        <img loading=\"lazy\" decoding=\"async\" src=\"https:\/\/www.europesays.com\/no\/wp-content\/uploads\/2025\/12\/84011350.webp\" width=\"667\" height=\"454\" title=\"I AKSJON: Justine Braisaz-Bouchet. Her under sprint i \u00d6stersund tidligere i desember. Foto: Bj\u00f6rn Larsson Rosvall\/TT News Agency via AP \/ NTB\" alt=\"\" class=\"\" style=\"--aspect-ratio-image: 1.47; \"\/><\/p>\n<p>\n        I AKSJON: Justine Braisaz-Bouchet. Her under sprint i \u00d6stersund tidligere i desember. Foto: Bj\u00f6rn Larsson Rosvall\/TT News Agency via AP \/ NTB\n    <\/p>\n<p>Lagvenninna Lou Jeanmonnot reagerer kraftig p\u00e5 behandlingen av Braisaz-Bouchet og sier situasjonen har p\u00e5virket stemningen i laget. I et intervju med <a href=\"https:\/\/rmcsport.bfmtv.com\/sports-d-hiver\/biathlon\/biathlon-elle-a-recu-des-menaces-de-mort-le-coup-de-gueule-de-jeanmonnot-sur-l-ambiance-en-equipe-de-france-et-le-traitement-autour-de-braisaz-bouchet_AV-202512120718.html\" target=\"_blank\" rel=\"nofollow noopener\">RMC Sport<\/a> omtaler lagvenninna truslene som fullstendig uakseptable.<\/p>\n<p class=\"font-weight-normal m-font-weight-normal\" data-lab-font_weight=\"font-weight-normal\">&#8211; Hun har mottatt drapstrusler. Det er helt uvirkelig. Rett og slett ekkelt, sier Jeanmonnot.<\/p>\n<p>Jeanmonnot sier det har v\u00e6rt tungt \u00e5 st\u00e5 p\u00e5 sidelinja og se hva lagvenninna har blitt utsatt for.<\/p>\n<p>&#8211; Det er forferdelig \u00e5 v\u00e6re vitne til. Det gj\u00f8r noe med oss alle, sier hun.<\/p>\n<p>De svenske skiskytterne Elvira og Hanna \u00d6berg reagerer ogs\u00e5 sterkt p\u00e5 truslene. Begge forteller at hets i sosiale medier har blitt vanligere blant toppidrettsut\u00f8vere.<\/p>\n<p>&#8211; Jeg fikk meldinger etter sprinten i Hochfilzen sist, der folk skriver som om man er helt idiot. Det synes jeg er trist. Vi er ganske gode ut\u00f8vere selv om vi har d\u00e5rlige dager, sier Elvira \u00d6berg til Expressen.<\/p>\n<p>        <img loading=\"lazy\" decoding=\"async\" src=\"https:\/\/www.europesays.com\/no\/wp-content\/uploads\/2025\/12\/84011334.webp\" width=\"667\" height=\"481\" title=\"IKKE GREIT: Elvira \u00d6berg (t.v.) og Hanna \u00d6berg reagerer p\u00e5 truslene som xxx har mottatt. Foto: Tobias SCHWARZ \/ AFP \/ NTB\" alt=\"\" class=\"\" style=\"--aspect-ratio-image: 1.39; \"\/><\/p>\n<p>\n        IKKE GREIT: Elvira \u00d6berg (t.v.) og Hanna \u00d6berg reagerer p\u00e5 truslene som xxx har mottatt. Foto: Tobias SCHWARZ \/ AFP \/ NTB\n    <\/p>\n<p>Hun reagerer spesielt p\u00e5 at truslene ogs\u00e5 har v\u00e6rt rettet mot familien.<\/p>\n<p>&#8211; N\u00e5r det g\u00e5r utover andre, som i Justines tilfelle datteren hennes, er det helt spr\u00f8tt. Det er utrolig at folk ikke klarer \u00e5 oppf\u00f8re seg ordentlig, sier \u00d6berg.<\/p>\n<p>Stores\u00f8ster Hanna \u00d6berg sier hun ogs\u00e5 kan f\u00e5 negative meldinger etter svake konkurranser, men at hun stort sett slipper unna. Samtidig er hun krystallklar p\u00e5 hva hun mener om det Braisaz-Bouchet har blitt utsatt for.<\/p>\n<p>    <a itemprop=\"url\" href=\"https:\/\/www.dagbladet.no\/sport\/de-svenske-er-feige\/83760995\" rel=\"nofollow noopener\" target=\"_blank\"><\/p>\n<p>        <img loading=\"lazy\" decoding=\"async\" src=\"https:\/\/www.europesays.com\/no\/wp-content\/uploads\/2025\/12\/83761394.webp\" width=\"980\" height=\"441\" title=\"- De svenske er feige\" alt=\"\" class=\"lazyload\" style=\"--aspect-ratio-image: 2.22; \"\/><\/p>\n<p>        &#8211; De svenske er feige<\/p>\n<p>    <\/a><\/p>\n<p>&#8211; Jeg synes det er helt vanvittig. Det er fullstendig uakseptabelt. Det finnes ting som er langt viktigere enn sport, og n\u00e5r det rettes mot familie, er det helt over grensen, sier Hanna \u00d6berg.<\/p>\n","protected":false},"excerpt":{"rendered":"Truslene var rettet mot det mest dyrebare hun har. En rekke profiler reagerer med avsky og raseri. RYSTET:&hellip;\n","protected":false},"author":2,"featured_media":118797,"comment_status":"","ping_status":"","sticky":false,"template":"","format":"standard","meta":{"footnotes":""},"categories":[59],"tags":[14230,30,28,29,769,83,82,399],"class_list":{"0":"post-118796","1":"post","2":"type-post","3":"status-publish","4":"format-standard","5":"has-post-thumbnail","7":"category-sport","8":"tag-justine-braisaz-bouchet","9":"tag-no","10":"tag-norge","11":"tag-norway","12":"tag-skiskyting","13":"tag-sport","14":"tag-sports","15":"tag-vintersport"},"share_on_mastodon":{"url":"https:\/\/pubeurope.com\/@no\/115757273944162552","error":""},"_links":{"self":[{"href":"https:\/\/www.europesays.com\/no\/wp-json\/wp\/v2\/posts\/118796","targetHints":{"allow":["GET"]}}],"collection":[{"href":"https:\/\/www.europesays.com\/no\/wp-json\/wp\/v2\/posts"}],"about":[{"href":"https:\/\/www.europesays.com\/no\/wp-json\/wp\/v2\/types\/post"}],"author":[{"embeddable":true,"href":"https:\/\/www.europesays.com\/no\/wp-json\/wp\/v2\/users\/2"}],"replies":[{"embeddable":true,"href":"https:\/\/www.europesays.com\/no\/wp-json\/wp\/v2\/comments?post=118796"}],"version-history":[{"count":0,"href":"https:\/\/www.europesays.com\/no\/wp-json\/wp\/v2\/posts\/118796\/revisions"}],"wp:featuredmedia":[{"embeddable":true,"href":"https:\/\/www.europesays.com\/no\/wp-json\/wp\/v2\/media\/118797"}],"wp:attachment":[{"href":"https:\/\/www.europesays.com\/no\/wp-json\/wp\/v2\/media?parent=118796"}],"wp:term":[{"taxonomy":"category","embeddable":true,"href":"https:\/\/www.europesays.com\/no\/wp-json\/wp\/v2\/categories?post=118796"},{"taxonomy":"post_tag","embeddable":true,"href":"https:\/\/www.europesays.com\/no\/wp-json\/wp\/v2\/tags?post=118796"}],"curies":[{"name":"wp","href":"https:\/\/api.w.org\/{rel}","templated":true}]}}