{"id":118802,"date":"2025-12-21T11:22:21","date_gmt":"2025-12-21T11:22:21","guid":{"rendered":"https:\/\/www.europesays.com\/no\/118802\/"},"modified":"2025-12-21T11:22:21","modified_gmt":"2025-12-21T11:22:21","slug":"hardt-ut-mot-norge-og-nato","status":"publish","type":"post","link":"https:\/\/www.europesays.com\/no\/118802\/","title":{"rendered":"Hardt ut mot Norge og Nato"},"content":{"rendered":"<p class=\"kicker \" style=\"\">\u00abGutta\u00bb:<\/p>\n<p>  Influenserkollektivet skal fokusere p\u00e5 egne prosjekter, if\u00f8lge daglig leder.<\/p>\n<p>\n    SLUTT: Snorre Klanderud og Oskar Westerlin har v\u00e6rt sentrale figurer i influensergruppa. N\u00e5 skal de fokusere p\u00e5 egne prosjekter, if\u00f8lge daglig leder. Foto: Andreas Fadum\n  <\/p>\n<p>Influenserne <a href=\"https:\/\/www.dagbladet.no\/kjendis\/freser-blir-helt-kvalm\/82299968\" rel=\"nofollow noopener\" target=\"_blank\">Snorre Klanderud (30), Sebastian Brevik (26), Oskar Westerlin (27) og Henrik Viken (24)<\/a>, ogs\u00e5 kjent under gruppenavnet \u00abGutta\u00bb, har de siste to \u00e5ra engasjert og ikke minst provosert gjennom sine sosiale medie-kanaler.<\/p>\n<p>    <a itemprop=\"url\" href=\"https:\/\/www.dagbladet.no\/kjendis\/ny-jobb\/84000783\" rel=\"nofollow noopener\" target=\"_blank\"><\/p>\n<p>        <img loading=\"lazy\" decoding=\"async\" src=\"https:\/\/www.europesays.com\/no\/wp-content\/uploads\/2025\/12\/1766316137_890_84000792.webp\" width=\"980\" height=\"441\" title=\"Ny jobb\" alt=\"\" class=\"lazyload\" style=\"--aspect-ratio-image: 2.22; \"\/><\/p>\n<p>        Ny jobb<\/p>\n<p>    <\/a><\/p>\n<p>Men etter flere millioner visninger, en rekke medieoppslag og en gullbarbie, har gruppa n\u00e5 bestemt seg for \u00e5 g\u00e5 hver til sitt, if\u00f8lge daglig leder i Fjeldberg Westerlin AS, J\u00f8rgen Fjeldberg.<\/p>\n<p class=\"font-weight-bold m-font-weight-bold\" data-lab-font_weight=\"font-weight-bold\">&#8211; Vi gir oss p\u00e5 topp. Stemninga er god, og vi er fortsatt gode venner, sier han i en pressemelding.\u00a0<\/p>\n<p>Kritikken har haglet<\/p>\n<p>Siden oppstarten for snart to \u00e5r siden har gruppa bygget opp en av Norges st\u00f8rste YouTube-kanaler og n\u00e5dd ut til flere millioner nordmenn p\u00e5 sine plattformer.<\/p>\n<p>        <img loading=\"lazy\" decoding=\"async\" src=\"https:\/\/www.europesays.com\/no\/wp-content\/uploads\/2025\/12\/84012697.webp\" width=\"686\" height=\"1023\" title=\"\u00abGUTTA\u00bb: Her er Henrik Viken og Westerlin avbildet under \u00e5rets Elle-fest. Foto: Andreas Fadum\" alt=\"\" class=\"\" style=\"--aspect-ratio-image: 0.67; \"\/><\/p>\n<p>\n        \u00abGUTTA\u00bb: Her er Henrik Viken og Westerlin avbildet under \u00e5rets Elle-fest. Foto: Andreas Fadum\n    <\/p>\n<p>&#8211; Vi har n\u00e5dd over \u00e9n million nordmenn hver eneste m\u00e5ned siden oppstart. Det siste \u00e5ret har vi blant annet generert 98 millioner visninger p\u00e5 TikTok, og 31 millioner p\u00e5 YouTube. Det er tall f\u00e5 mediehus i Norge kan matche, sier Fjeldberg.<\/p>\n<p>\u00abGutta\u00bb-kanalen har gjentatte ganger v\u00e6rt gjenstand for kritikk, spesielt etter en video kalt \u00abGjett homsen\u00bb fra 2024 &#8211; og som tittelen tilsier skulle influenserne her gjette seg fram til hvem av de fem guttene i studio som var \u00abhomsen\u00bb.\u00a0<\/p>\n<p>        DYRT: Etter \u00e5 ha tapt en konkurranse p\u00e5 fylla, m\u00e5tte \u00abGutta\u00bb-profil Snorre Klanderud bruke hele BSU-kontoen for \u00e5 punge ut. Video: Nora Skavhaug\/ Thea Hope\/ R\u00f8d L\u00f8per<\/p>\n<p>Reaksjonene haglet etter publiseringen, og satte ogs\u00e5 sinnet i kok hos\u00a0TV-profil og foredragsholder Erlend Elias Bragstad (43), som selv er homofil.<\/p>\n<p> &#8211; De mater unge seere med forutinntatte meninger som vi jobber hardt for \u00e5 komme oss over. Det er jo kjempefarlig. Det gj\u00f8r meg s\u00e5 vondt, og jeg ble helt kvalm av \u00e5 se videoen, fortalte han til Dagbladet i fjor.\u00a0<\/p>\n<p>        <img loading=\"lazy\" decoding=\"async\" src=\"https:\/\/www.europesays.com\/no\/wp-content\/uploads\/2025\/12\/84012671.webp\" width=\"667\" height=\"487\" title=\"STILTE SP\u00d8RSM\u00c5L: Sebastian Brevik, Oskar Westerlin, Henrik Viken og Sondre Klanderud under innspillingen av den kontroversielle videoen kalt \u00abGjett homsen\u00bb. Foto: Skjermdump fra YouTube\" alt=\"\" class=\"\" style=\"--aspect-ratio-image: 1.37; \"\/><\/p>\n<p>\n        STILTE SP\u00d8RSM\u00c5L: Sebastian Brevik, Oskar Westerlin, Henrik Viken og Sondre Klanderud under innspillingen av den kontroversielle videoen kalt \u00abGjett homsen\u00bb. Foto: Skjermdump fra YouTube\n    <\/p>\n<p> Oskar Westerlin uttalte overfor Dagbladet p\u00e5 vegne av \u00abGutta\u00bb at de ikke kjente seg igjen i Bragstads kritikk.<\/p>\n<p>&#8211; Vi ser ikke problemet med videoen, og kjenner oss ikke igjen i beskrivelsen til Erlend Elias i det hele tatt. Vi oppfordrer folk til \u00e5 g\u00e5 inn og se videoen og \u00e5 gj\u00f8re seg opp sin egen mening.<\/p>\n<p>        \u00abGUTTA\u00bb: Youtube-kanalen \u00abGutta\u00bb, best\u00e5ende av Oskar Westerlin, Henrik Viken, Snorre Klanderud og Sebastian Brevik, f\u00e5r n\u00e5 sterk kritikk for deres nyeste episode \u00abGjett homsen\u00bb. \u00a0Erlend\u00a0Elias Bragstad mener dette er stigmatiserende, og alvorlig. Video: Youtube \u00abGutta\u00bb \/\/ R\u00f8d L\u00f8per. Reporter: Kaja G. Tvetene<\/p>\n<p>&#8211; Spennende prosjekter  <\/p>\n<p>I pressemeldingen sies det at de n\u00e5 g\u00e5r egne veier.\u00a0<\/p>\n<p>&#8211; Alle gutta har mange spennende prosjekter p\u00e5 gang, og kommer til \u00e5 fortsette \u00e5 lage innhold i egne kanaler, st\u00e5r det.<\/p>\n","protected":false},"excerpt":{"rendered":"\u00abGutta\u00bb: Influenserkollektivet skal fokusere p\u00e5 egne prosjekter, if\u00f8lge daglig leder. SLUTT: Snorre Klanderud og Oskar Westerlin har v\u00e6rt&hellip;\n","protected":false},"author":2,"featured_media":118803,"comment_status":"","ping_status":"","sticky":false,"template":"","format":"standard","meta":{"footnotes":""},"categories":[10],"tags":[20,21,24,25,15,22,23,13,30,28,29,14,16,26,27,412],"class_list":{"0":"post-118802","1":"post","2":"type-post","3":"status-publish","4":"format-standard","5":"has-post-thumbnail","7":"category-norge","8":"tag-breaking-news","9":"tag-breakingnews","10":"tag-featured-news","11":"tag-featurednews","12":"tag-headlines","13":"tag-latest-news","14":"tag-latestnews","15":"tag-news","16":"tag-no","17":"tag-norge","18":"tag-norway","19":"tag-nyheter","20":"tag-overskrifter","21":"tag-top-stories","22":"tag-topstories","23":"tag-utenriks"},"share_on_mastodon":{"url":"https:\/\/pubeurope.com\/@no\/115757301564110497","error":""},"_links":{"self":[{"href":"https:\/\/www.europesays.com\/no\/wp-json\/wp\/v2\/posts\/118802","targetHints":{"allow":["GET"]}}],"collection":[{"href":"https:\/\/www.europesays.com\/no\/wp-json\/wp\/v2\/posts"}],"about":[{"href":"https:\/\/www.europesays.com\/no\/wp-json\/wp\/v2\/types\/post"}],"author":[{"embeddable":true,"href":"https:\/\/www.europesays.com\/no\/wp-json\/wp\/v2\/users\/2"}],"replies":[{"embeddable":true,"href":"https:\/\/www.europesays.com\/no\/wp-json\/wp\/v2\/comments?post=118802"}],"version-history":[{"count":0,"href":"https:\/\/www.europesays.com\/no\/wp-json\/wp\/v2\/posts\/118802\/revisions"}],"wp:featuredmedia":[{"embeddable":true,"href":"https:\/\/www.europesays.com\/no\/wp-json\/wp\/v2\/media\/118803"}],"wp:attachment":[{"href":"https:\/\/www.europesays.com\/no\/wp-json\/wp\/v2\/media?parent=118802"}],"wp:term":[{"taxonomy":"category","embeddable":true,"href":"https:\/\/www.europesays.com\/no\/wp-json\/wp\/v2\/categories?post=118802"},{"taxonomy":"post_tag","embeddable":true,"href":"https:\/\/www.europesays.com\/no\/wp-json\/wp\/v2\/tags?post=118802"}],"curies":[{"name":"wp","href":"https:\/\/api.w.org\/{rel}","templated":true}]}}