{"id":118810,"date":"2025-12-21T11:30:43","date_gmt":"2025-12-21T11:30:43","guid":{"rendered":"https:\/\/www.europesays.com\/no\/118810\/"},"modified":"2025-12-21T11:30:43","modified_gmt":"2025-12-21T11:30:43","slug":"george-clooneys-har-mistet-sosteren-adelia-zeidler","status":"publish","type":"post","link":"https:\/\/www.europesays.com\/no\/118810\/","title":{"rendered":"George Clooneys har mistet s\u00f8steren Adelia Zeidler"},"content":{"rendered":"<p class=\"kicker t20\" style=\"\">George Clooney:<\/p>\n<p>  Hollywood-stjerna deler en r\u00f8rende uttalelse etter \u00e5 ha mistet s\u00f8steren sin til kreft.<\/p>\n<p>\n    D\u00d8DSFALL: George Clooney kaller den avd\u00f8de s\u00f8steren for helten sin. Foto: Evan Agostini\/Invision\/AP\/NTB\n  <\/p>\n<p>Skuespiller George Clooneys (64) s\u00f8ster Adelia \u00abAda\u00bb Zeidler er d\u00f8d, 65 \u00e5r gammel. Hun d\u00f8de av kreft fredag 19. desember.<\/p>\n<p>&#8211; S\u00f8steren min Ada var min helt,\u00a0sier George Clooney til\u00a0<a href=\"https:\/\/people.com\/george-clooney-sister-adelia-ada-zeidler-dies-at-65-ive-never-met-anyone-so-brave-exclusive-11874015\" rel=\"nofollow noopener\" target=\"_blank\">People<\/a>. <\/p>\n<p>&#8211; Hun m\u00f8tte kreften med mot og humor. Jeg har aldri m\u00f8tt noen som var s\u00e5 modig, forteller han videre, og legger til at han og kona Amal (47) kommer til \u00e5 savne henne forferdelig mye. \u00a0<\/p>\n<p>        <img loading=\"lazy\" decoding=\"async\" src=\"https:\/\/www.europesays.com\/no\/wp-content\/uploads\/2025\/12\/84015913.webp\" width=\"667\" height=\"841\" title=\"FAMILIE: Skuespiller George Clooney avbildet med s\u00f8ster Ada og svigerfar Ramzi Alamuddin i forkant av bryllpet sitt. Foto: AP Photo\/Luigi Costantini\/NTB\" alt=\"\" class=\"\" style=\"--aspect-ratio-image: 0.79; \"\/><\/p>\n<p>\n        FAMILIE: Skuespiller George Clooney avbildet med s\u00f8ster Ada og svigerfar Ramzi Alamuddin i forkant av bryllpet sitt. Foto: AP Photo\/Luigi Costantini\/NTB\n    <\/p>\n<p>Ada sovnet stille inn med de n\u00e6rmeste rundt seg p\u00e5 St. Elizabeth Healthcare i Edgewood i Kentucky, if\u00f8lge d\u00f8dsannonsen, som er gjengitt av People.<\/p>\n<p>Hun ble f\u00f8dt i Los Angeles 2. mai 1960, som datter av journalist og TV-vert Nick Clooney og forfatter Nina Bruce Warren. Hun var oppkalt etter sin oldemor.<\/p>\n<p>        SKAL VI DANSE: Her k\u00e5res Tale Torjussen som vinner av \u00abSkal vi danse\u00bb 2025. Video: TV2 og Dagbladet<\/p>\n<p>S\u00f8steren til Hollywood-stjerna var en talentfull kunstner som jobbet som kunstl\u00e6rer p\u00e5 Augusta Independent School i flere \u00e5r. P\u00e5 videreg\u00e5ende kvalifiserte hun seg som en \u00abNational Merit Scholar\u00bb.<\/p>\n<p>Ada giftet seg med Norman Zeidler, en pensjonert milit\u00e6rkaptein, i Augusta 14. mars 1987. Hele familien og store deler av den lille Kentucky-byen var til stede under vielsen.\u00a0<\/p>\n<p>    <a itemprop=\"url\" href=\"https:\/\/www.dagbladet.no\/kjendis\/oluf-er-dod-1\/84009908\" rel=\"nofollow noopener\" target=\"_blank\"><\/p>\n<p>        <img loading=\"lazy\" decoding=\"async\" src=\"https:\/\/www.europesays.com\/no\/wp-content\/uploads\/2025\/12\/84010122.webp\" width=\"147\" height=\"98\" title=\"\u00abOluf\u00bb er d\u00f8d\" alt=\"\" class=\"lazyload\" style=\"--aspect-ratio-image: 1.50; \"\/><\/p>\n<p>        \u00abOluf\u00bb er d\u00f8d<\/p>\n<p>    <\/a><\/p>\n<p> \u00abOcean\u2019s Eleven\u00bb-stjerna leste fra Bibelen under seremonien, mens deres tante Rosemary sang en romantisk sang for det nygifte paret.<\/p>\n<p>Ada levde et privat liv og viste seg sjelden offentlig. Hun var derimot til stede under Georges bryllup med Amal Clooney i Venezia i 2014.<\/p>\n<p>        SKAL VI DANSE: Et klipp av programleders Anders Hoff har sirkulert p\u00e5 sosiale medier i det siste. Hoff selv har en naturlig forklaring til hele situasjonen. Reporter: Thea Hope<\/p>\n<p>Hun etterlater seg barna Nick Zeidler og Allison Zeidler Herolaga, samt George og Amal Clooney. Ektemannen Norman d\u00f8de av hjerteinfarkt i 2004. Begravelsen finner sted 22. desember, if\u00f8lge People.\u00a0<\/p>\n","protected":false},"excerpt":{"rendered":"George Clooney: Hollywood-stjerna deler en r\u00f8rende uttalelse etter \u00e5 ha mistet s\u00f8steren sin til kreft. D\u00d8DSFALL: George Clooney&hellip;\n","protected":false},"author":2,"featured_media":118811,"comment_status":"","ping_status":"","sticky":false,"template":"","format":"standard","meta":{"footnotes":""},"categories":[5],"tags":[20,21,2268,24,25,8238,15,19,479,22,23,17,18,13,30,28,29,14,16,11677,26,27],"class_list":{"0":"post-118810","1":"post","2":"type-post","3":"status-publish","4":"format-standard","5":"has-post-thumbnail","7":"category-overskrifter","8":"tag-breaking-news","9":"tag-breakingnews","10":"tag-dod","11":"tag-featured-news","12":"tag-featurednews","13":"tag-george-clooney","14":"tag-headlines","15":"tag-hovedoppslag","16":"tag-kjendis","17":"tag-latest-news","18":"tag-latestnews","19":"tag-main-news","20":"tag-mainnews","21":"tag-news","22":"tag-no","23":"tag-norge","24":"tag-norway","25":"tag-nyheter","26":"tag-overskrifter","27":"tag-soster","28":"tag-top-stories","29":"tag-topstories"},"share_on_mastodon":{"url":"https:\/\/pubeurope.com\/@no\/115757332837202443","error":""},"_links":{"self":[{"href":"https:\/\/www.europesays.com\/no\/wp-json\/wp\/v2\/posts\/118810","targetHints":{"allow":["GET"]}}],"collection":[{"href":"https:\/\/www.europesays.com\/no\/wp-json\/wp\/v2\/posts"}],"about":[{"href":"https:\/\/www.europesays.com\/no\/wp-json\/wp\/v2\/types\/post"}],"author":[{"embeddable":true,"href":"https:\/\/www.europesays.com\/no\/wp-json\/wp\/v2\/users\/2"}],"replies":[{"embeddable":true,"href":"https:\/\/www.europesays.com\/no\/wp-json\/wp\/v2\/comments?post=118810"}],"version-history":[{"count":0,"href":"https:\/\/www.europesays.com\/no\/wp-json\/wp\/v2\/posts\/118810\/revisions"}],"wp:featuredmedia":[{"embeddable":true,"href":"https:\/\/www.europesays.com\/no\/wp-json\/wp\/v2\/media\/118811"}],"wp:attachment":[{"href":"https:\/\/www.europesays.com\/no\/wp-json\/wp\/v2\/media?parent=118810"}],"wp:term":[{"taxonomy":"category","embeddable":true,"href":"https:\/\/www.europesays.com\/no\/wp-json\/wp\/v2\/categories?post=118810"},{"taxonomy":"post_tag","embeddable":true,"href":"https:\/\/www.europesays.com\/no\/wp-json\/wp\/v2\/tags?post=118810"}],"curies":[{"name":"wp","href":"https:\/\/api.w.org\/{rel}","templated":true}]}}