{"id":118812,"date":"2025-12-21T11:32:09","date_gmt":"2025-12-21T11:32:09","guid":{"rendered":"https:\/\/www.europesays.com\/no\/118812\/"},"modified":"2025-12-21T11:32:09","modified_gmt":"2025-12-21T11:32:09","slug":"utfordringer-og-muligheter-i-aston-villa","status":"publish","type":"post","link":"https:\/\/www.europesays.com\/no\/118812\/","title":{"rendered":"Utfordringer og muligheter i Aston Villa"},"content":{"rendered":"<p>Under pressekonferansen f\u00f8r kampen mellom Manchester United og Aston Villa fikk b\u00e5de R\u00faben Amorim og Unai Emery sp\u00f8rsm\u00e5l om Jadon Sancho. Engelskmannen tilbringer sesongen p\u00e5 l\u00e5n p\u00e5 Villa Park, etter at Chelsea i forrige sesong ikke \u00f8nsket \u00e5 kj\u00f8pe ham permanent.<\/p>\n<p>Nylig gikk Scott McTominay, som har hatt en fantastisk utvikling etter at han forlot United, ut og avviste narrativet om at spillere blir bedre og f\u00e5r en bedre karriere n\u00e5r de forlater Manchester United.<\/p>\n<p>Under Amorims pressekonferanse ble han spurt om Jadon Sanchos situasjon beviser nettopp McTominays poeng.<\/p>\n<p data-lab-font_weight=\"font-weight-bold\" class=\"font-weight-bold m-font-weight-bold\">\u2013 Nei, jeg har ingenting \u00e5 si om det, svarte treneren.<\/p>\n<p data-lab-font_weight=\"font-weight-bold\" class=\"font-weight-bold m-font-weight-bold\">\u2013 Sancho er ikke v\u00e5r spiller akkurat n\u00e5, han spiller for motstanderen.<\/p>\n<p>                <img decoding=\"async\" src=\"https:\/\/www.europesays.com\/no\/wp-content\/uploads\/2025\/12\/1320493.webp\" width=\"480\" height=\"274\" title=\"- Han spiller for motstanderen\" alt=\"Jadon Sancho i Community Shield, 10. august 2024.\" loading=\"lazy\" style=\"\"\/><\/p>\n<p>            James Gill &#8211; Danehouse\n        <\/p>\n<p>\u2013 Han er en veldig god spiller. Jeg har ingenting \u00e5 si om det, og hvis jeg skal kommentere alt som blir sagt om Manchester United, f\u00e5r jeg ikke gjort noe annet. Jeg vil bare vinne neste kamp mot Villa.<\/p>\n<p>Dette er det tredje l\u00e5neoppholdet Sancho har v\u00e6rt p\u00e5 siden han ble kj\u00f8pt av Ole Gunnar Solskj\u00e6r i 2021. Det hele begynte med flere episoder med d\u00e5rlig stemning under Erik ten Hag. Under de tidligere oppholdene i Dortmund og Chelsea har Uniteds m\u00e5l v\u00e6rt \u00e5 f\u00e5 til en permanent overgang for 25-\u00e5ringen.<\/p>\n<p>Engelskmannen har enn\u00e5 ikke scoret et m\u00e5l i Villa-drakten, men Emery har tro p\u00e5 at han kan f\u00e5 det beste ut av Sancho.<\/p>\n<p>\u2013 Jadon er fortsatt ung. Han har hatt en fantastisk karriere, og n\u00e5 er han i en fase der han trenger hjelp for \u00e5 finne tilbake til sitt beste niv\u00e5. Jeg har denne utfordringen med ham, og han har denne utfordringen med meg ogs\u00e5.<\/p>\n<p>                <img decoding=\"async\" src=\"https:\/\/www.europesays.com\/no\/wp-content\/uploads\/2025\/12\/1400901.webp\" width=\"480\" height=\"274\" title=\"Unai Emery og Jadon Sancho.\" alt=\"Jadon Sancho og Unai Emery etter at Emery byttet Sancho ut igjen (etter \u00e5 ha byttet ham inn) under Aston Villas 1-0-seier mot Manchester City, 26. oktober 2025.\" loading=\"lazy\" style=\"\"\/><\/p>\n<p>\n            Unai Emery og Jadon Sancho.<br \/>\n            Mike Egerton &#8211; PA Images\n        <\/p>\n<p>\u2013 Selvf\u00f8lgelig spiller han ikke alle minuttene jeg mener han b\u00f8r. Men i den andre delen av sesongen har jeg tro p\u00e5 ham. Han stiller store krav til seg selv for \u00e5 pr\u00f8ve \u00e5 f\u00e5 sitt beste \u00f8yeblikk denne sesongen hos oss. S\u00f8ndag avslutter vi desember og starter snart januar.<\/p>\n<p>\u2013 Den f\u00f8rste kampen han spiller n\u00e5r han er tilbake, er mot Chelsea. Han har denne utfordringen med meg, med seg selv og med klubben ogs\u00e5. Jeg tror p\u00e5 ham, og forh\u00e5pentligvis kan vi f\u00e5 det til.<\/p>\n","protected":false},"excerpt":{"rendered":"Under pressekonferansen f\u00f8r kampen mellom Manchester United og Aston Villa fikk b\u00e5de R\u00faben Amorim og Unai Emery sp\u00f8rsm\u00e5l&hellip;\n","protected":false},"author":2,"featured_media":118813,"comment_status":"","ping_status":"","sticky":false,"template":"","format":"standard","meta":{"footnotes":""},"categories":[59],"tags":[30,28,29,83,82],"class_list":{"0":"post-118812","1":"post","2":"type-post","3":"status-publish","4":"format-standard","5":"has-post-thumbnail","7":"category-sport","8":"tag-no","9":"tag-norge","10":"tag-norway","11":"tag-sport","12":"tag-sports"},"share_on_mastodon":{"url":"https:\/\/pubeurope.com\/@no\/115757340821016324","error":""},"_links":{"self":[{"href":"https:\/\/www.europesays.com\/no\/wp-json\/wp\/v2\/posts\/118812","targetHints":{"allow":["GET"]}}],"collection":[{"href":"https:\/\/www.europesays.com\/no\/wp-json\/wp\/v2\/posts"}],"about":[{"href":"https:\/\/www.europesays.com\/no\/wp-json\/wp\/v2\/types\/post"}],"author":[{"embeddable":true,"href":"https:\/\/www.europesays.com\/no\/wp-json\/wp\/v2\/users\/2"}],"replies":[{"embeddable":true,"href":"https:\/\/www.europesays.com\/no\/wp-json\/wp\/v2\/comments?post=118812"}],"version-history":[{"count":0,"href":"https:\/\/www.europesays.com\/no\/wp-json\/wp\/v2\/posts\/118812\/revisions"}],"wp:featuredmedia":[{"embeddable":true,"href":"https:\/\/www.europesays.com\/no\/wp-json\/wp\/v2\/media\/118813"}],"wp:attachment":[{"href":"https:\/\/www.europesays.com\/no\/wp-json\/wp\/v2\/media?parent=118812"}],"wp:term":[{"taxonomy":"category","embeddable":true,"href":"https:\/\/www.europesays.com\/no\/wp-json\/wp\/v2\/categories?post=118812"},{"taxonomy":"post_tag","embeddable":true,"href":"https:\/\/www.europesays.com\/no\/wp-json\/wp\/v2\/tags?post=118812"}],"curies":[{"name":"wp","href":"https:\/\/api.w.org\/{rel}","templated":true}]}}