{"id":118814,"date":"2025-12-21T11:36:00","date_gmt":"2025-12-21T11:36:00","guid":{"rendered":"https:\/\/www.europesays.com\/no\/118814\/"},"modified":"2025-12-21T11:36:00","modified_gmt":"2025-12-21T11:36:00","slug":"bulk-selger-eiendomsportefolje-til-klp-eiendom-for-naer-fire-milliarder","status":"publish","type":"post","link":"https:\/\/www.europesays.com\/no\/118814\/","title":{"rendered":"Bulk selger eiendomsportef\u00f8lje til KLP Eiendom for n\u00e6r fire milliarder"},"content":{"rendered":"<p>\n        Jeksleveien 51 p\u00e5 Lindeberg i Lillestr\u00f8m kommune. Foto: Fredrik Hansson<\/p>\n<p>    Bulk Industrial Real Estate har inng\u00e5tt avtale med KLP Eiendom om salg av en betydelig eiendomsportef\u00f8lje.<\/p>\n<p>             Mange bedrifter har tegnet bedriftsavtale hos oss.<br \/>\n<br \/>\nDen l\u00f8sningen gir alle med e-post inneholdende bedriftens maildomene tilgang.<br \/>\n<br \/>\nLurer du p\u00e5 om din bedrift har en bedriftsl\u00f8sning?<br \/>\n<br \/>\nSend oss en mail, s\u00e5 sjekker vi det ut for deg.<\/p>\n<p>Andre sp\u00f8rsm\u00e5l? <a href=\"https:\/\/www.bygg.no\/eiendom\/bulk-selger-eiendomsportefolje-til-klp-eiendom-for-naer-fire-milliarder\/mailto:digital@bygg.no\" rel=\"nofollow noopener\" target=\"_blank\">Kontakt oss<\/a><\/p>\n","protected":false},"excerpt":{"rendered":"Jeksleveien 51 p\u00e5 Lindeberg i Lillestr\u00f8m kommune. Foto: Fredrik Hansson Bulk Industrial Real Estate har inng\u00e5tt avtale med&hellip;\n","protected":false},"author":2,"featured_media":118815,"comment_status":"","ping_status":"","sticky":false,"template":"","format":"standard","meta":{"footnotes":""},"categories":[56],"tags":[60,61,62,30,28,29],"class_list":{"0":"post-118814","1":"post","2":"type-post","3":"status-publish","4":"format-standard","5":"has-post-thumbnail","7":"category-naeringsliv","8":"tag-business","9":"tag-economy","10":"tag-naeringsliv","11":"tag-no","12":"tag-norge","13":"tag-norway"},"share_on_mastodon":{"url":"https:\/\/pubeurope.com\/@no\/115757356356874082","error":""},"_links":{"self":[{"href":"https:\/\/www.europesays.com\/no\/wp-json\/wp\/v2\/posts\/118814","targetHints":{"allow":["GET"]}}],"collection":[{"href":"https:\/\/www.europesays.com\/no\/wp-json\/wp\/v2\/posts"}],"about":[{"href":"https:\/\/www.europesays.com\/no\/wp-json\/wp\/v2\/types\/post"}],"author":[{"embeddable":true,"href":"https:\/\/www.europesays.com\/no\/wp-json\/wp\/v2\/users\/2"}],"replies":[{"embeddable":true,"href":"https:\/\/www.europesays.com\/no\/wp-json\/wp\/v2\/comments?post=118814"}],"version-history":[{"count":0,"href":"https:\/\/www.europesays.com\/no\/wp-json\/wp\/v2\/posts\/118814\/revisions"}],"wp:featuredmedia":[{"embeddable":true,"href":"https:\/\/www.europesays.com\/no\/wp-json\/wp\/v2\/media\/118815"}],"wp:attachment":[{"href":"https:\/\/www.europesays.com\/no\/wp-json\/wp\/v2\/media?parent=118814"}],"wp:term":[{"taxonomy":"category","embeddable":true,"href":"https:\/\/www.europesays.com\/no\/wp-json\/wp\/v2\/categories?post=118814"},{"taxonomy":"post_tag","embeddable":true,"href":"https:\/\/www.europesays.com\/no\/wp-json\/wp\/v2\/tags?post=118814"}],"curies":[{"name":"wp","href":"https:\/\/api.w.org\/{rel}","templated":true}]}}