{"id":118818,"date":"2025-12-21T11:39:13","date_gmt":"2025-12-21T11:39:13","guid":{"rendered":"https:\/\/www.europesays.com\/no\/118818\/"},"modified":"2025-12-21T11:39:13","modified_gmt":"2025-12-21T11:39:13","slug":"gutta-legger-ned-stemningen-er-god","status":"publish","type":"post","link":"https:\/\/www.europesays.com\/no\/118818\/","title":{"rendered":"\u00abGutta\u00bb legger ned: \u2013 Stemningen er god"},"content":{"rendered":"\n<p class=\"_lead_o9xde_2 _lead_xtcu6_50 layout-component text-serif-m layout-normal text-serif-l layout-component layout-wide layout-padded _wide_17hqh_1 layout-padded\">Oskar Westerlin og kompisene i Youtube-kanalen \u00abGutta\u00bb sier de gir seg.<\/p>\n<p><img alt=\" Foto: Even N\u00e6vdal \/ VG\" class=\"_image_qp4xg_65 layout-component layout-wide\" data-fullscreen- data-track-element-type=\"Article image fullscreen\" data-track-name=\"ImageFullscreen\" fetchpriority=\"high\" decoding=\"sync\" loading=\"eager\" height=\"4000\" itemprop=\"image\"  src=\"https:\/\/www.europesays.com\/no\/wp-content\/uploads\/2025\/12\/f817d650-836e-430c-aa6a-3eeaeed05047\"  style=\"object-position:0% 0%\" width=\"6000\"\/> Foto: Even N\u00e6vdal \/ VG<\/p>\n<ul aria-hidden=\"true\" class=\"_images_ntbth_112\">\n<li><a class=\"_link_ntbth_117\" href=\"https:\/\/www.vg.no\/forfatter\/hanne-kretuz-hansen\" style=\"z-index:2\" title=\"Hanne Kreutz-Hansen\" rel=\"nofollow noopener\" target=\"_blank\"><img alt=\"Bilde av Hanne Kreutz-Hansen\" class=\"_image_ntbth_93\" fetchpriority=\"low\" loading=\"lazy\" decoding=\"async\" itemprop=\"image\"  src=\"https:\/\/www.europesays.com\/no\/wp-content\/uploads\/2025\/12\/1766317151_389_91499188-43f5-43fa-b038-5716eac94ffb\"  width=\"480\"\/><\/a><\/li>\n<li><a class=\"_link_ntbth_117\" href=\"https:\/\/www.vg.no\/forfatter\/harpreet-kaur-nijjer\" style=\"z-index:1\" title=\"Harpreet Kaur Nijjer\" rel=\"nofollow noopener\" target=\"_blank\"><img alt=\"Bilde av Harpreet Kaur Nijjer\" class=\"_image_ntbth_93\" fetchpriority=\"low\" loading=\"lazy\" decoding=\"async\" itemprop=\"image\"  src=\"https:\/\/www.europesays.com\/no\/wp-content\/uploads\/2025\/12\/9915841b-33cb-470f-8ab4-1d1650cff10e\"  width=\"480\"\/><\/a><\/li>\n<\/ul>\n<p> Oppdatert s\u00f8ndag 21. desember kl. 12:09    <\/p>\n<ul class=\"_list_o9xde_3 _list_64s2r_85 _unordered_o9xde_106 text-sans-m\">\n<li class=\"_item_o9xde_30\">\u00abGutta\u00bb med Oskar Westerlin legger ned YouTube-kanalen etter nesten to \u00e5r.<\/li>\n<li class=\"_item_o9xde_30\">Gruppen har v\u00e6rt omstridt og mottok prisen Gullbarbie for d\u00e5rlig p\u00e5virkning p\u00e5 unge.<\/li>\n<li class=\"_item_o9xde_30\">De har ogs\u00e5 f\u00e5tt ros for \u00e5 engasjere unge i politikk.<\/li>\n<li class=\"_item_o9xde_30\">Medlemmene planlegger \u00e5 fortsette med egne prosjekter.<\/li>\n<\/ul>\n<p>Vis mer <\/p>\n<p class=\"_paragraph_o9xde_4 _paragraph_xtcu6_10 layout-component text-serif-m layout-normal text-serif-m layout-padded\">Influencerne <a href=\"https:\/\/www.vg.no\/tag\/oskar-westerlin?utm_source=vg-article&amp;utm_medium=auto-tagger&amp;utm_campaign=JOoJ2b\" class=\"_link_o9xde_39\" rel=\"nofollow noopener\" target=\"_blank\">Oskar Westerlin<\/a>, Henrik Viken, Sebastian Brevik og Snorre Klanderud i \u00abGutta\u00bb har f\u00e5tt millioner av visninger p\u00e5 Youtube. <\/p>\n<p class=\"_paragraph_o9xde_4 _paragraph_xtcu6_10 layout-component text-serif-m layout-normal text-serif-m layout-padded\">N\u00e5, etter nesten to \u00e5r, sier de det er slutt.<\/p>\n<p class=\"_paragraph_o9xde_4 _paragraph_xtcu6_10 layout-component text-serif-m layout-normal text-serif-m layout-padded\">Klokken 12 publiserte Gutta en video p\u00e5 kanalen sin, hvor de annonserer at det fra 24.desember ikke vil komme mer innhold p\u00e5 kanalen. <\/p>\n<p><img alt=\"\u00abGutta\u00bb best\u00e5r av Sebastian Brevik, Snorre Klanderud, Oskar Westerlin og Henrik Viken.\" class=\"_image_qp4xg_65 layout-component layout-normal\" data-fullscreen- data-track-element-type=\"Article image fullscreen\" data-track-name=\"ImageFullscreen\" decoding=\"async\" loading=\"lazy\" height=\"1560\" itemprop=\"image\"  src=\"https:\/\/www.europesays.com\/no\/wp-content\/uploads\/2025\/12\/fbdbd05b-cef7-4cf0-8ed1-79a43754122d\"  style=\"object-position:0% 0%\" width=\"2768\"\/>\u00abGutta\u00bb best\u00e5r av Sebastian Brevik, Snorre Klanderud, Oskar Westerlin og Henrik Viken.<\/p>\n<p class=\"_paragraph_o9xde_4 _paragraph_xtcu6_10 layout-component text-serif-m layout-normal text-serif-m layout-padded\">\u2013 Stemningen er god, og vi er fortsatt gode venner, skriver \u00abGuttas\u00bbmanager J\u00f8rgen Fjeldberg i en pressemelding.<\/p>\n<p> Fikk verstingpris<\/p>\n<p class=\"_paragraph_o9xde_4 _paragraph_xtcu6_10 layout-component text-serif-m layout-normal text-serif-m layout-padded\">\u00abGutta\u00bb har blitt kritisert for \u00e5 v\u00e6re <a href=\"https:\/\/www.vg.no\/rampelys\/i\/VzEyrV\/gauteshow-gaute-ut-mot-gutta-daarlige-forbilder\" data-track-element-type=\"Link\" data-track-id=\"link:VzEyrV\" class=\"_link_o9xde_39\" rel=\"nofollow noopener\" target=\"_blank\">d\u00e5rlige forbilder <\/a>med utdaterte holdninger rundt kropp, trening og kvinner. De har blitt kalt <a href=\"https:\/\/www.vg.no\/rampelys\/i\/VzoEJd\/gutta-koedder-eller\" data-track-element-type=\"Link\" data-track-id=\"link:VzoEJd\" class=\"_link_o9xde_39\" rel=\"nofollow noopener\" target=\"_blank\">homofobe<\/a> og <a href=\"https:\/\/www.vg.no\/nyheter\/i\/W02R5g\/naomi-oseki-om-gutta-skaper-miljoe-for-hat\" data-track-element-type=\"Link\" data-track-id=\"link:W02R5g\" class=\"_link_o9xde_39\" rel=\"nofollow noopener\" target=\"_blank\">rasistiske<\/a>.<\/p>\n<p class=\"_paragraph_o9xde_4 _paragraph_xtcu6_10 layout-component text-serif-m layout-normal text-serif-m layout-padded\">I vinter fikk de \u00e5rets<a href=\"https:\/\/www.vg.no\/rampelys\/i\/bmwG1g\/gutta-as-er-vinneren-av-aarets-gullbarbie\" data-track-element-type=\"Link\" data-track-id=\"link:bmwG1g\" class=\"_link_o9xde_39\" rel=\"nofollow noopener\" target=\"_blank\"> Gullbarbie<\/a>, en pris som gis ut til akt\u00f8rer som \u00aber best p\u00e5 \u00e5 f\u00e5 unge til \u00e5 f\u00f8le seg verst\u00bb. <\/p>\n<p><img alt=\"\" class=\"_image_qp4xg_65 layout-component layout-normal\" data-fullscreen- data-track-element-type=\"Article image fullscreen\" data-track-name=\"ImageFullscreen\" decoding=\"async\" loading=\"lazy\" height=\"1668\" itemprop=\"image\"  src=\"https:\/\/www.europesays.com\/no\/wp-content\/uploads\/2025\/12\/bab9f54a-e144-41db-869b-ff6b3c223c22\"  style=\"object-position:0% 0%\" width=\"2500\"\/><\/p>\n<p class=\"_paragraph_o9xde_4 _paragraph_xtcu6_10 layout-component text-serif-m layout-normal text-serif-m layout-padded\">Gutta syntes<a href=\"https:\/\/www.vg.no\/rampelys\/i\/bmwG1g\/gutta-as-er-vinneren-av-aarets-gullbarbie\" data-track-element-type=\"Link\" data-track-id=\"link:bmwG1g\" class=\"_link_o9xde_39\" rel=\"nofollow noopener\" target=\"_blank\"> ikke prisen var fortjent<\/a>f og fikk st\u00f8tte av <a href=\"https:\/\/www.vg.no\/nyheter\/i\/Rzn4WW\/gutta-fortjener-ikke-gullbarbie\" data-track-element-type=\"Link\" data-track-id=\"link:Rzn4WW\" class=\"_link_o9xde_39\" rel=\"nofollow noopener\" target=\"_blank\">flere<\/a>.<\/p>\n<p class=\"_paragraph_o9xde_4 _paragraph_xtcu6_10 layout-component text-serif-m layout-normal text-serif-m layout-padded\">\u2013 I l\u00f8pet av fjor\u00e5ret publiserte vi rundt 50 videoer, og to-tre av disse har blitt kritisert. Vi mener det er viktig \u00e5 skille mellom enkeltklipp og helheten i v\u00e5rt innhold, svarte de p\u00e5 Instagram etterp\u00e5.<\/p>\n<p class=\"_paragraph_o9xde_4 _paragraph_xtcu6_10 layout-component text-serif-m layout-normal text-serif-m layout-padded\">I sommer skrev Klanderud i et<a href=\"https:\/\/www.vg.no\/nyheter\/i\/4B971R\/gutta-svarer-unge-folk-klarer-faktisk-aa-tenke-selv\" data-track-element-type=\"Link\" data-track-id=\"link:4B971R\" class=\"_link_o9xde_39\" rel=\"nofollow noopener\" target=\"_blank\"> debattinnlegg<\/a> om at det virker som nesten \u00abuansett hva Gutta foretar seg, s\u00e5 er det galt:<\/p>\n<p class=\"_paragraph_o9xde_4 _paragraph_xtcu6_10 layout-component text-serif-m layout-normal text-serif-m layout-padded\">\u00abVi lager innhold som engasjerer hundretusenvis av unge velgere til \u00e5 bry seg om politikk og likevel blir vi stemplet som d\u00e5rlige forbilder\u00bb.<\/p>\n<p><img alt=\"En rekke politikere har blitt invitert til debatt, som Erna Solberg.  Foto: Even N\u00e6vdal \/ VG\" class=\"_image_qp4xg_65 layout-component layout-normal\" data-fullscreen- data-track-element-type=\"Article image fullscreen\" data-track-name=\"ImageFullscreen\" decoding=\"async\" loading=\"lazy\" height=\"3702\" itemprop=\"image\"  src=\"https:\/\/www.europesays.com\/no\/wp-content\/uploads\/2025\/12\/2a4a1f35-f2df-4f33-9651-47a2c602d719\"  style=\"object-position:0% 0%\" width=\"5553\"\/>En rekke politikere har blitt invitert til debatt, som Erna Solberg.  Foto: Even N\u00e6vdal \/ VG<\/p>\n<p class=\"_paragraph_o9xde_4 _paragraph_xtcu6_10 layout-component text-serif-m layout-normal text-serif-m layout-padded\">Kompisene har ogs\u00e5 f\u00e5tt<a href=\"https:\/\/www.vg.no\/nyheter\/i\/QMd2rR\/en-hyllest-til-gutta\" data-track-element-type=\"Link\" data-track-id=\"link:QMd2rR\" class=\"_link_o9xde_39\" rel=\"nofollow noopener\" target=\"_blank\"> mye ros<\/a> for \u00e5 bruke sin plattform til \u00e5 formidle politikk til unge. VGs kommentator <a href=\"https:\/\/www.vg.no\/nyheter\/i\/GyLq0x\/gutta-paa-youtube-naa-er-det-politikk\" data-track-element-type=\"Link\" data-track-id=\"link:GyLq0x\" class=\"_link_o9xde_39\" rel=\"nofollow noopener\" target=\"_blank\">hadde ogs\u00e5 sansen<\/a> for \u00abGuttas\u00bb politiske engasjement.<\/p>\n<p class=\"_paragraph_o9xde_4 _paragraph_xtcu6_10 layout-component text-serif-m layout-normal text-serif-m layout-padded\"><strong class=\"_strong_o9xde_25\">\u00abGutta\u00bb selv er stolte over at de har klart \u00e5 engasjere s\u00e5 mange unge<\/strong>.<\/p>\n<p class=\"_paragraph_o9xde_4 _paragraph_xtcu6_10 layout-component text-serif-m layout-normal text-serif-m layout-padded\">\u2013 Det var kult \u00e5 bruke plattformen v\u00e5r til mer enn bare ren underholdning, og at s\u00e5 mange unge engasjerte seg i politikk gjennom v\u00e5re kanaler. Unge gjennomskuer kjapt n\u00e5r tradisjonelle medier pr\u00f8ver \u00e5 fremst\u00e5 \u00abungdommelige\u00bb. Det blir fort krampaktig, skriver Fjeldberg i en pressemelding.<\/p>\n<p>Ung appell<\/p>\n<p class=\"_paragraph_o9xde_4 _paragraph_xtcu6_10 layout-component text-serif-m layout-normal text-serif-m layout-padded\">H\u00f8ydepunktet har v\u00e6rt valgsendingene, synes \u00abGutta\u00bb.<\/p>\n<p class=\"_paragraph_o9xde_4 _paragraph_xtcu6_10 layout-component text-serif-m layout-normal text-serif-m layout-padded\">\u2013 Ved de tre foreg\u00e5ende stortingsvalgene stemte 63 prosent av alle menn mellom 18\u201330 \u00e5r. I \u00e5r stemte hele 72 prosent i samme gruppe. Vi skal \u00e5penbart ikke ta all \u00e6ren for dette, men vi liker \u00e5 tro at vi har v\u00e6rt med p\u00e5 \u00e5 engasjere flere unge.<\/p>\n<p class=\"_paragraph_o9xde_4 _paragraph_xtcu6_10 layout-component text-serif-m layout-normal text-serif-m layout-padded\">Selv om merkevaren \u00abGutta\u00bb legges p\u00e5 hylla, vil de fire guttene fortsette \u00e5 lage innhold i egne kanaler, skriver Fjeldberg:<\/p>\n<p class=\"_paragraph_o9xde_4 _paragraph_xtcu6_10 layout-component text-serif-m layout-normal text-serif-m layout-padded\">\u2013 Alle gutta har mange spennende prosjekter p\u00e5 gang, og kommer til \u00e5 fortsette \u00e5 lage innhold i egne kanaler, <\/p>\n<p class=\"_paragraph_o9xde_4 _paragraph_xtcu6_10 layout-component text-serif-m layout-normal text-serif-m layout-padded\">Lurer du p\u00e5 hvem som er rikest av gutta?<\/p>\n","protected":false},"excerpt":{"rendered":"Oskar Westerlin og kompisene i Youtube-kanalen \u00abGutta\u00bb sier de gir seg. Foto: Even N\u00e6vdal \/ VG Oppdatert s\u00f8ndag&hellip;\n","protected":false},"author":2,"featured_media":118819,"comment_status":"","ping_status":"","sticky":false,"template":"","format":"standard","meta":{"footnotes":""},"categories":[5],"tags":[20,21,24,25,15,11410,19,22,23,17,18,13,30,28,29,14,2550,16,2757,5403,26,27],"class_list":{"0":"post-118818","1":"post","2":"type-post","3":"status-publish","4":"format-standard","5":"has-post-thumbnail","7":"category-overskrifter","8":"tag-breaking-news","9":"tag-breakingnews","10":"tag-featured-news","11":"tag-featurednews","12":"tag-headlines","13":"tag-henrik-viken","14":"tag-hovedoppslag","15":"tag-latest-news","16":"tag-latestnews","17":"tag-main-news","18":"tag-mainnews","19":"tag-news","20":"tag-no","21":"tag-norge","22":"tag-norway","23":"tag-nyheter","24":"tag-oskar-westerlin","25":"tag-overskrifter","26":"tag-sebastian-brevik","27":"tag-snorre-klanderud","28":"tag-top-stories","29":"tag-topstories"},"share_on_mastodon":{"url":"https:\/\/pubeurope.com\/@no\/115757368260401893","error":""},"_links":{"self":[{"href":"https:\/\/www.europesays.com\/no\/wp-json\/wp\/v2\/posts\/118818","targetHints":{"allow":["GET"]}}],"collection":[{"href":"https:\/\/www.europesays.com\/no\/wp-json\/wp\/v2\/posts"}],"about":[{"href":"https:\/\/www.europesays.com\/no\/wp-json\/wp\/v2\/types\/post"}],"author":[{"embeddable":true,"href":"https:\/\/www.europesays.com\/no\/wp-json\/wp\/v2\/users\/2"}],"replies":[{"embeddable":true,"href":"https:\/\/www.europesays.com\/no\/wp-json\/wp\/v2\/comments?post=118818"}],"version-history":[{"count":0,"href":"https:\/\/www.europesays.com\/no\/wp-json\/wp\/v2\/posts\/118818\/revisions"}],"wp:featuredmedia":[{"embeddable":true,"href":"https:\/\/www.europesays.com\/no\/wp-json\/wp\/v2\/media\/118819"}],"wp:attachment":[{"href":"https:\/\/www.europesays.com\/no\/wp-json\/wp\/v2\/media?parent=118818"}],"wp:term":[{"taxonomy":"category","embeddable":true,"href":"https:\/\/www.europesays.com\/no\/wp-json\/wp\/v2\/categories?post=118818"},{"taxonomy":"post_tag","embeddable":true,"href":"https:\/\/www.europesays.com\/no\/wp-json\/wp\/v2\/tags?post=118818"}],"curies":[{"name":"wp","href":"https:\/\/api.w.org\/{rel}","templated":true}]}}