{"id":118820,"date":"2025-12-21T11:49:11","date_gmt":"2025-12-21T11:49:11","guid":{"rendered":"https:\/\/www.europesays.com\/no\/118820\/"},"modified":"2025-12-21T11:49:11","modified_gmt":"2025-12-21T11:49:11","slug":"kranglevoren-gjest-ville-ikkje-hoyre-pa-politiet","status":"publish","type":"post","link":"https:\/\/www.europesays.com\/no\/118820\/","title":{"rendered":"Kranglevoren gjest ville ikkje h\u00f8yre p\u00e5 politiet"},"content":{"rendered":"<p data-testid=\"textWithMarkup-text\" data-v-81d7dc2b=\"\" data-v-62d58f52=\"\">Klokka 01.37 natt til s\u00f8ndag fekk politiet melding om ein person som oppf\u00f8rte seg vanskeleg p\u00e5 ein utestad i M\u00e5l\u00f8y.<\/p>\n<p data-testid=\"textWithMarkup-text\" data-v-81d7dc2b=\"\" data-v-62d58f52=\"\">\u2013 Politiet kom til, men vedkommande var ikkje heilt samarbeidsvillig. Han nekta f\u00f8rst \u00e5 oppgi personalia. Etter kvart gjorde han det, og fekk eit p\u00e5legg om \u00e5 ikkje opphalde seg i M\u00e5l\u00f8y sentrum resten av natta. Det p\u00e5legget braut han, og han kom tilbake til sentrum, seier innsatsleiar i Sogn og Fjordane Svein Inge Harberg til Fjordenes Tidende. <\/p>\n<p data-testid=\"textWithMarkup-text\" data-v-81d7dc2b=\"\" data-v-62d58f52=\"\">Politiet k\u00f8yrde etter kvart personen heim til ein venn av han.<\/p>\n<p data-testid=\"textWithMarkup-text\" data-v-81d7dc2b=\"\" data-v-62d58f52=\"\">\u2013 Vedkommande blir meldt av politiet for brot p\u00e5 p\u00e5legget, seier innsatsleiaren. <\/p>\n","protected":false},"excerpt":{"rendered":"Klokka 01.37 natt til s\u00f8ndag fekk politiet melding om ein person som oppf\u00f8rte seg vanskeleg p\u00e5 ein utestad&hellip;\n","protected":false},"author":2,"featured_media":118821,"comment_status":"","ping_status":"","sticky":false,"template":"","format":"standard","meta":{"footnotes":""},"categories":[10],"tags":[20,21,24,25,15,22,23,13,30,28,29,14,16,26,27],"class_list":{"0":"post-118820","1":"post","2":"type-post","3":"status-publish","4":"format-standard","5":"has-post-thumbnail","7":"category-norge","8":"tag-breaking-news","9":"tag-breakingnews","10":"tag-featured-news","11":"tag-featurednews","12":"tag-headlines","13":"tag-latest-news","14":"tag-latestnews","15":"tag-news","16":"tag-no","17":"tag-norge","18":"tag-norway","19":"tag-nyheter","20":"tag-overskrifter","21":"tag-top-stories","22":"tag-topstories"},"share_on_mastodon":{"url":"https:\/\/pubeurope.com\/@no\/115757407598384879","error":""},"_links":{"self":[{"href":"https:\/\/www.europesays.com\/no\/wp-json\/wp\/v2\/posts\/118820","targetHints":{"allow":["GET"]}}],"collection":[{"href":"https:\/\/www.europesays.com\/no\/wp-json\/wp\/v2\/posts"}],"about":[{"href":"https:\/\/www.europesays.com\/no\/wp-json\/wp\/v2\/types\/post"}],"author":[{"embeddable":true,"href":"https:\/\/www.europesays.com\/no\/wp-json\/wp\/v2\/users\/2"}],"replies":[{"embeddable":true,"href":"https:\/\/www.europesays.com\/no\/wp-json\/wp\/v2\/comments?post=118820"}],"version-history":[{"count":0,"href":"https:\/\/www.europesays.com\/no\/wp-json\/wp\/v2\/posts\/118820\/revisions"}],"wp:featuredmedia":[{"embeddable":true,"href":"https:\/\/www.europesays.com\/no\/wp-json\/wp\/v2\/media\/118821"}],"wp:attachment":[{"href":"https:\/\/www.europesays.com\/no\/wp-json\/wp\/v2\/media?parent=118820"}],"wp:term":[{"taxonomy":"category","embeddable":true,"href":"https:\/\/www.europesays.com\/no\/wp-json\/wp\/v2\/categories?post=118820"},{"taxonomy":"post_tag","embeddable":true,"href":"https:\/\/www.europesays.com\/no\/wp-json\/wp\/v2\/tags?post=118820"}],"curies":[{"name":"wp","href":"https:\/\/api.w.org\/{rel}","templated":true}]}}