{"id":118822,"date":"2025-12-21T11:50:16","date_gmt":"2025-12-21T11:50:16","guid":{"rendered":"https:\/\/www.europesays.com\/no\/118822\/"},"modified":"2025-12-21T11:50:16","modified_gmt":"2025-12-21T11:50:16","slug":"jeg-er-forbannet","status":"publish","type":"post","link":"https:\/\/www.europesays.com\/no\/118822\/","title":{"rendered":"&#8211; Jeg er forbannet"},"content":{"rendered":"<p>  Ingen norske var i n\u00e6rheten av pallen p\u00e5 jaktstarten i Frankrike. Ingrid Landmark Tandrevold (29) var sur p\u00e5 seg selv etter rennet.\u00a0<\/p>\n<p>\n    GA KLAR BESKJED: Ingrid Landmark var ikke forn\u00f8yd tross en solid jaktstart. Her fra sprinten tidligere denne uka. Foto: Shutterstock\/NTB\n  <\/p>\n<p>Lou Jeanmonnot herjet p\u00e5 kvinnenes jaktstart i skiskyting og vant klart p\u00e5 hjemmebane.<\/p>\n<p>Ingrid Landmark Tandrevold hadde et sv\u00e6rt vanskelig utgangspunkt etter torsdagens sprint, men klatret mange plasser p\u00e5 jaktstarten l\u00f8rdag.\u00a0<\/p>\n<p>Likevel var hun kritisk etter m\u00e5lgang.<\/p>\n<p class=\"font-weight-bold m-font-weight-bold\" data-lab-font_weight=\"font-weight-bold\">&#8211; Jeg kjenner jeg er skikkelig forbannet p\u00e5 meg selv. Jeg \u00f8delegger<br \/>\nfor meg selv og det er s\u00e5 frustrerende. Jeg hadde skikkelig lyst til \u00e5 g\u00e5 i<br \/>\nmorgen og da visste jeg at jeg m\u00e5te g\u00e5 et bra l\u00f8p i dag, sier Tandrevold til NRK.\u00a0<\/p>\n<p>    <a itemprop=\"url\" href=\"https:\/\/www.dagbladet.no\/sport\/raste-pa-tv-2\/83980869\" rel=\"nofollow noopener\" target=\"_blank\"><\/p>\n<p>        <img loading=\"lazy\" decoding=\"async\" src=\"https:\/\/www.europesays.com\/no\/wp-content\/uploads\/2025\/12\/83980884.webp\" width=\"980\" height=\"441\" title=\"Raste p\u00e5 TV 2\" alt=\"\" class=\"lazyload\" style=\"--aspect-ratio-image: 2.22; \"\/><\/p>\n<p>        Raste p\u00e5 TV 2<\/p>\n<p>    <\/a><\/p>\n<p class=\"font-weight-normal m-font-weight-normal\" data-lab-font_weight=\"font-weight-normal\">Tandrevold startet som nummer 39, var ett minutt og 27 sekunder bak svenske Hanna \u00d6berg fra start og hadde dermed et sv\u00e6rt t\u00f8ft utgangspunkt. Hun ble til slutt nummer 24 etter \u00e5 skutt feilfritt frem til siste skyting.\u00a0<\/p>\n<p class=\"font-weight-bold m-font-weight-bold\" data-lab-font_weight=\"font-weight-bold\">&#8211; Jeg er utrolig forbannet<br \/>\np\u00e5 meg selv at jeg setter meg selv i de situasjonene som jeg gj\u00f8r med \u00e5 g\u00e5 d\u00e5rlige sprinter og s\u00e5 m\u00e5 jeg hente igjen mye p\u00e5 jaktstart, fortsetter Tandrevold.\u00a0<\/p>\n<p class=\"font-weight-normal m-font-weight-normal\" data-lab-font_weight=\"font-weight-normal\">Maren Kirkeeide ble best av de norske p\u00e5 12.-plass.<\/p>\n<p> Jeanmonnot var helt utiln\u00e6rmelig p\u00e5 l\u00f8rdagens jaktstart og sto uten bom og et klart forsprang da hun skulle sikre seieren p\u00e5 siste skyting. Der kom dagens f\u00f8rste bom, men seieren var uansett i boks.<\/p>\n<p>        <img loading=\"lazy\" decoding=\"async\" src=\"https:\/\/www.europesays.com\/no\/wp-content\/uploads\/2025\/12\/84013908.webp\" width=\"980\" height=\"559\" title=\"SUVEREN: Lou Jeanmonnot vant klart p\u00e5 l\u00f8rdagens jaktstart. Foto: Matthias Schrader \/ AP \/ NTB\" alt=\"\" class=\"\" style=\"--aspect-ratio-image: 1.75; \"\/><\/p>\n<p>\n        SUVEREN: Lou Jeanmonnot vant klart p\u00e5 l\u00f8rdagens jaktstart. Foto: Matthias Schrader \/ AP \/ NTB\n    <\/p>\n<p>Finske Suvi Minkinnen skj\u00f8t fullt hus og sikret 2.-plassen, mens bak henne fors\u00f8kte Julia Simon \u00e5 knipe den siste pallplassen i kamp med \u00d6berg.<\/p>\n<p>Det klarte ikke den nylig utestengte franske kvinnen, som ikke f\u00e5r trene med det franske laget. \u00d6berg tok 3.-plassen.<\/p>\n<p>        Ingrid Landmark Tandrevold mistet v\u00e5penet under torsdagens skiskyttersprint i Anterselva. Video: NRK TV.<\/p>\n<p>I oktober d\u00f8mte en fransk domstol Simon til tre m\u00e5neders betinget fengsel og en bot p\u00e5 15 000 euro (rundt 175.000 kroner) i saken som omhandler tyveri og bedrageri mot blant andre lagvenninnen Justine Braisaz-Bouchet.<\/p>\n<p>Karoline Knotten hadde best utgangspunkt av de norske, men skj\u00f8t seg bort p\u00e5 st\u00e5ende. Kirkeeide endte nok en gang som beste norske, men var aldri i n\u00e6rheten av pallplass. Det ble 12.-plass til slutt etter to bom totalt.<\/p>\n<p>        SEIER: Ingrid Landmark Tandrevold gikk seirende ut av skiskyttersprinten p\u00e5 Sjusj\u00f8en. Video: With\/Skingen\/Dagbladet TV-sporten <\/p>\n","protected":false},"excerpt":{"rendered":"Ingen norske var i n\u00e6rheten av pallen p\u00e5 jaktstarten i Frankrike. Ingrid Landmark Tandrevold (29) var sur p\u00e5&hellip;\n","protected":false},"author":2,"featured_media":118823,"comment_status":"","ping_status":"","sticky":false,"template":"","format":"standard","meta":{"footnotes":""},"categories":[5],"tags":[20,21,24,25,15,19,22,23,17,18,13,30,28,29,14,16,769,83,26,27],"class_list":{"0":"post-118822","1":"post","2":"type-post","3":"status-publish","4":"format-standard","5":"has-post-thumbnail","7":"category-overskrifter","8":"tag-breaking-news","9":"tag-breakingnews","10":"tag-featured-news","11":"tag-featurednews","12":"tag-headlines","13":"tag-hovedoppslag","14":"tag-latest-news","15":"tag-latestnews","16":"tag-main-news","17":"tag-mainnews","18":"tag-news","19":"tag-no","20":"tag-norge","21":"tag-norway","22":"tag-nyheter","23":"tag-overskrifter","24":"tag-skiskyting","25":"tag-sport","26":"tag-top-stories","27":"tag-topstories"},"share_on_mastodon":{"url":"https:\/\/pubeurope.com\/@no\/115757411637385629","error":""},"_links":{"self":[{"href":"https:\/\/www.europesays.com\/no\/wp-json\/wp\/v2\/posts\/118822","targetHints":{"allow":["GET"]}}],"collection":[{"href":"https:\/\/www.europesays.com\/no\/wp-json\/wp\/v2\/posts"}],"about":[{"href":"https:\/\/www.europesays.com\/no\/wp-json\/wp\/v2\/types\/post"}],"author":[{"embeddable":true,"href":"https:\/\/www.europesays.com\/no\/wp-json\/wp\/v2\/users\/2"}],"replies":[{"embeddable":true,"href":"https:\/\/www.europesays.com\/no\/wp-json\/wp\/v2\/comments?post=118822"}],"version-history":[{"count":0,"href":"https:\/\/www.europesays.com\/no\/wp-json\/wp\/v2\/posts\/118822\/revisions"}],"wp:featuredmedia":[{"embeddable":true,"href":"https:\/\/www.europesays.com\/no\/wp-json\/wp\/v2\/media\/118823"}],"wp:attachment":[{"href":"https:\/\/www.europesays.com\/no\/wp-json\/wp\/v2\/media?parent=118822"}],"wp:term":[{"taxonomy":"category","embeddable":true,"href":"https:\/\/www.europesays.com\/no\/wp-json\/wp\/v2\/categories?post=118822"},{"taxonomy":"post_tag","embeddable":true,"href":"https:\/\/www.europesays.com\/no\/wp-json\/wp\/v2\/tags?post=118822"}],"curies":[{"name":"wp","href":"https:\/\/api.w.org\/{rel}","templated":true}]}}