{"id":118824,"date":"2025-12-21T11:55:10","date_gmt":"2025-12-21T11:55:10","guid":{"rendered":"https:\/\/www.europesays.com\/no\/118824\/"},"modified":"2025-12-21T11:55:10","modified_gmt":"2025-12-21T11:55:10","slug":"vinter-ol-vinter-ol-2026-slar-alarm-for-ol-det-er-et-problem","status":"publish","type":"post","link":"https:\/\/www.europesays.com\/no\/118824\/","title":{"rendered":"Vinter-OL, Vinter-OL 2026 | Sl\u00e5r alarm f\u00f8r OL: \u2013 Det er et problem"},"content":{"rendered":"\n<p>Det melder svenske Expressen.<\/p>\n<p>\u00c5rsaken skal v\u00e6re at det er sn\u00f8mangel i st\u00f8vellandet f\u00f8r de olympiske lekene som starter 6. februar.<\/p>\n<p>N\u00e5 sl\u00e5r ogs\u00e5 Johan Eliasch, styreleder i FIS, alarm om mangelen p\u00e5 sn\u00f8.<\/p>\n<p>De st\u00f8rste problemene er if\u00f8lge Expressen p\u00e5 arenaene hvor snowboard- og friski-konkurransene skal avholdes.<\/p>\n<p><b>Les ogs\u00e5: <a href=\"https:\/\/www.nettavisen.no\/sport\/vilde-humstad-aasmo-gjorde-stor-endring-identitetskrise\/s\/5-95-2770151\" rel=\"Follow nofollow noopener\" target=\"_blank\">Vilde (27) gjorde stor endring: \u2013 Identitetskrise<\/a><\/b><\/p>\n<p>\u2013 Det er et problem<\/p>\n<p>Der m\u00e5 arrang\u00f8rene bygge et reservoar som koster over 20 millioner euro. Reservoaret skal forsyne sn\u00f8kanonene med vann, men p\u00e5 grunn av tekniske problemer er kunstsn\u00f8produksjonen utsatt.<\/p>\n<p>\u2013 Vi ringer tre ganger om dagen. Morgen, middag og kveld. Det er et problem med sn\u00f8produksjonen. Dessverre har ikke den italienske regjeringen frigjort noen midler, s\u00e5 arrang\u00f8rene kjemper for sin overlevelse, sier Eliasch if\u00f8lge Expressen.<\/p>\n<p>Snoop Dogg f\u00e5r rolle i OL<\/p>\n<p>Blant ut\u00f8verne som skal kjempe om OL-medaljer, er flere amerikanske stjerner.<\/p>\n<p>Nylig ble det for \u00f8vrig kjent at den amerikanske rapperen Snoop Dogg (54) er utnevnt til \u00ab\u00e6restrener\u00bb for USA under neste \u00e5rs vinter-OL. Han skal fungere som en motivator.<\/p>\n<p>Det skriver den amerikanske OL- og paralympisk komit\u00e9 (USOPC) <a rel=\"noopener nofollow\" href=\"https:\/\/www.usopc.org\/news\/2025\/december\/10\/coach-snoop-joins-the-team-behind-the-team-as-team-usa-s-first-honorary-coach\" target=\"_blank\">p\u00e5 sine nettsider.<\/a> De opplyser at artisten vil ta p\u00e5 seg \u00aben frivillig rolle som skal feire og st\u00f8tte USAs ut\u00f8vere utenfor konkurransearenaen\u00bb.<\/p>\n<p>Rapperen og musikkprodusenten Snoop Dogg hadde ogs\u00e5 en betydelig tilstedev\u00e6relse for USA under sommerlekene i Paris i fjor. Da fungerte han som spesialkorrespondent for TV-kanalen NBCs OL-dekning, i tillegg til \u00e5 opptre under overleveringsseremonien for Los Angeles 2028.<\/p>\n<p>\u2013 Team USA-ut\u00f8verne er de virkelige stjernene. Jeg er bare her for \u00e5 heie, l\u00f8fte dem opp og kanskje komme med litt visdom fra sidelinjen, sier \u00abCoach Snoop\u00bb i pressemeldingen.<\/p>\n","protected":false},"excerpt":{"rendered":"Det melder svenske Expressen. \u00c5rsaken skal v\u00e6re at det er sn\u00f8mangel i st\u00f8vellandet f\u00f8r de olympiske lekene som&hellip;\n","protected":false},"author":2,"featured_media":118825,"comment_status":"","ping_status":"","sticky":false,"template":"","format":"standard","meta":{"footnotes":""},"categories":[12],"tags":[20,21,24,25,15,22,23,13,30,28,29,14,16,26,27,42,43,44,45],"class_list":{"0":"post-118824","1":"post","2":"type-post","3":"status-publish","4":"format-standard","5":"has-post-thumbnail","7":"category-verden","8":"tag-breaking-news","9":"tag-breakingnews","10":"tag-featured-news","11":"tag-featurednews","12":"tag-headlines","13":"tag-latest-news","14":"tag-latestnews","15":"tag-news","16":"tag-no","17":"tag-norge","18":"tag-norway","19":"tag-nyheter","20":"tag-overskrifter","21":"tag-top-stories","22":"tag-topstories","23":"tag-verden","24":"tag-world","25":"tag-world-news","26":"tag-worldnews"},"share_on_mastodon":{"url":"https:\/\/pubeurope.com\/@no\/115757431203456885","error":""},"_links":{"self":[{"href":"https:\/\/www.europesays.com\/no\/wp-json\/wp\/v2\/posts\/118824","targetHints":{"allow":["GET"]}}],"collection":[{"href":"https:\/\/www.europesays.com\/no\/wp-json\/wp\/v2\/posts"}],"about":[{"href":"https:\/\/www.europesays.com\/no\/wp-json\/wp\/v2\/types\/post"}],"author":[{"embeddable":true,"href":"https:\/\/www.europesays.com\/no\/wp-json\/wp\/v2\/users\/2"}],"replies":[{"embeddable":true,"href":"https:\/\/www.europesays.com\/no\/wp-json\/wp\/v2\/comments?post=118824"}],"version-history":[{"count":0,"href":"https:\/\/www.europesays.com\/no\/wp-json\/wp\/v2\/posts\/118824\/revisions"}],"wp:featuredmedia":[{"embeddable":true,"href":"https:\/\/www.europesays.com\/no\/wp-json\/wp\/v2\/media\/118825"}],"wp:attachment":[{"href":"https:\/\/www.europesays.com\/no\/wp-json\/wp\/v2\/media?parent=118824"}],"wp:term":[{"taxonomy":"category","embeddable":true,"href":"https:\/\/www.europesays.com\/no\/wp-json\/wp\/v2\/categories?post=118824"},{"taxonomy":"post_tag","embeddable":true,"href":"https:\/\/www.europesays.com\/no\/wp-json\/wp\/v2\/tags?post=118824"}],"curies":[{"name":"wp","href":"https:\/\/api.w.org\/{rel}","templated":true}]}}