{"id":118826,"date":"2025-12-21T11:56:22","date_gmt":"2025-12-21T11:56:22","guid":{"rendered":"https:\/\/www.europesays.com\/no\/118826\/"},"modified":"2025-12-21T11:56:22","modified_gmt":"2025-12-21T11:56:22","slug":"sametinget-skatt-sameskatt-er-en-radikal-og-usedvanlig-darlig-ide","status":"publish","type":"post","link":"https:\/\/www.europesays.com\/no\/118826\/","title":{"rendered":"Sametinget, Skatt | Sameskatt er en radikal og usedvanlig d\u00e5rlig id\u00e9"},"content":{"rendered":"\n<p><a href=\"https:\/\/klassekampen.no\/artikkel\/2025-12-19\/vurderer-ny-skatt-til-sametinget\" rel=\"nofollow noopener\" target=\"_blank\">Klassekampen<\/a> har i flere saker skrevet om at flertallet p\u00e5 Sametinget \u00f8nsker faste overf\u00f8ringer. De fryktet at Fremskrittspartiet skulle komme til makta, og kutte finansieringen. Dermed bestilte Sametinget en utredning av alternative finansieringsmodeller.<\/p>\n<p><b>Utredningen har sin bakgrunn i et landsm\u00f8tevedtak fra Norske Samers Riksforbund i 2022.<\/b><\/p>\n<p>Den foresl\u00e5r ikke en helt ny skatt, men at en \u00f8remerket del p\u00e5 \u00e9n prosent av statens del av inntektsskatten skal g\u00e5 til Sametinget.<\/p>\n<p>Dette vil gi over 80 millioner i inntekt \u00e5rlig.<\/p>\n<p>Utredningen har ogs\u00e5 sett p\u00e5 effekten av \u00e5 skattlegge alle i Nord-Norge, eller alle i hele landet, med samme prosentsats. Disse alternativene anbefales ikke av utrederne. <\/p>\n<p>I tillegg til skatt har utredningen sett p\u00e5 fond, der Sametinget f\u00e5r avkastningen, eller et system der Sametinget f\u00e5r en andel av statsbudsjettet. <\/p>\n<p><b>De anbefaler alts\u00e5 skattelegging fremfor disse alternativene. <\/b><\/p>\n<p>Sametingsr\u00e5d Maren Benedicte Nystad (NSR) mener at denne skatten skal komme p\u00e5 toppen av det Sametinget i dag f\u00e5r over statsbudsjettet. I \u00e5r var den statlige overf\u00f8ringen p\u00e5 788 millioner kroner.<\/p>\n<p>\u2013 Sametinget er den eneste myndigheten i Norge som ikke har egne inntekter eller skatteinntekter, mens kommuner, fylkeskommuner og stat f\u00e5r skatteinntekter p\u00e5 alminnelige inntekter. S\u00e5 det er ikke n\u00f8dvendigvis noen forskjell p\u00e5 \u00e5 gj\u00f8re dette med Sametinget, sammenlignet med det som i dag skjer med fylkeskommuner og kommuner, sier hun til <a href=\"https:\/\/www.ifinnmark.no\/positiv-til-egen-skatt-til-sametinget-rapporten-er-interessant-lesning\/s\/5-81-2364614\" rel=\"Follow nofollow noopener\" target=\"_blank\">iFinnmark.<\/a><\/p>\n<p><b>Opposisjonspartiet, Nordkalottfolket, reagerer sterkt p\u00e5 forslaget. John Arne Markussen mener flertallet i Sametinget er p\u00e5 ville veier.<\/b><\/p>\n<p>\u2013 Forslaget om at skatt fra samer skal g\u00e5 til Sametinget, er vanskelig \u00e5 ta seri\u00f8st. Sametinget er ikke en myndighet som stat, kommune og fylke. Det er et urfolksparlament som ikke har noen skatterett, sier Markussen til <a href=\"https:\/\/www.nettavisen.no\/okonomi\/sametinget-vurderer-egen-sameskatt\/s\/5-95-2788816\" rel=\"Follow nofollow noopener\" target=\"_blank\">Nettavisen<\/a>..<\/p>\n<p>Markussen har rett. Dette er en radikal og usedvanlig d\u00e5rlig id\u00e9. Sametinget har n\u00e6r sagt ingen lovp\u00e5lagte oppgaver som tilsvarer oppgavene som dekkes av stat, fylke og kommune .<\/p>\n<p>Statens andel av inntektsskatten fungerer som et felles spleiselag som finansierer de store oppgavene en kommune ikke kan l\u00f8fte alene. Tjenestene skiller ikke p\u00e5 etnisitet. <\/p>\n<p><b>Mener Sametingets flertall, anf\u00f8rt av NSR, at det er klokt om samer i valgmanntallet betaler mindre inn til dette felles spleiselaget? Dette forslaget vil bare f\u00f8re til mer splittelse og polarisering mellom befolkningsgruppene. <\/b><\/p>\n<p>Det er i tillegg urovekkende at utvalget har kommet frem til at en frivillig innmelding i et valgmanntall, skal utl\u00f8se skatteforpliktelser til Sametinget. <\/p>\n<p>Valgmanntallet gir en person rett til \u00e5 stemme. <\/p>\n<p>\u00d8nsker man \u00e5 endre det, ved \u00e5 gj\u00f8re manntallet til en liste over skattepliktige samer, m\u00e5 man endre hele samfunnskontrakten mellom Sametinget og den manntallsf\u00f8rte. <\/p>\n<p>Da b\u00f8r man begynne i riktig ende og fullstendig omdefinere valgmanntalets form\u00e5l. <\/p>\n<p><b>Men helst b\u00f8r Sametinget putte dette absurde forslaget rett i skuffa. <\/b><\/p>\n","protected":false},"excerpt":{"rendered":"Klassekampen har i flere saker skrevet om at flertallet p\u00e5 Sametinget \u00f8nsker faste overf\u00f8ringer. De fryktet at Fremskrittspartiet&hellip;\n","protected":false},"author":2,"featured_media":75701,"comment_status":"","ping_status":"","sticky":false,"template":"","format":"standard","meta":{"footnotes":""},"categories":[10],"tags":[36,20,21,24,25,15,22,23,246,13,30,28,29,14,1533,16,1488,1289,26,27,14231],"class_list":{"0":"post-118826","1":"post","2":"type-post","3":"status-publish","4":"format-standard","5":"has-post-thumbnail","7":"category-norge","8":"tag-art","9":"tag-breaking-news","10":"tag-breakingnews","11":"tag-featured-news","12":"tag-featurednews","13":"tag-headlines","14":"tag-latest-news","15":"tag-latestnews","16":"tag-leder","17":"tag-news","18":"tag-no","19":"tag-norge","20":"tag-norway","21":"tag-nyheter","22":"tag-opinion","23":"tag-overskrifter","24":"tag-sametinget","25":"tag-skatt","26":"tag-top-stories","27":"tag-topstories","28":"tag-valgmanntallet"},"share_on_mastodon":{"url":"https:\/\/pubeurope.com\/@no\/115757435027899355","error":""},"_links":{"self":[{"href":"https:\/\/www.europesays.com\/no\/wp-json\/wp\/v2\/posts\/118826","targetHints":{"allow":["GET"]}}],"collection":[{"href":"https:\/\/www.europesays.com\/no\/wp-json\/wp\/v2\/posts"}],"about":[{"href":"https:\/\/www.europesays.com\/no\/wp-json\/wp\/v2\/types\/post"}],"author":[{"embeddable":true,"href":"https:\/\/www.europesays.com\/no\/wp-json\/wp\/v2\/users\/2"}],"replies":[{"embeddable":true,"href":"https:\/\/www.europesays.com\/no\/wp-json\/wp\/v2\/comments?post=118826"}],"version-history":[{"count":0,"href":"https:\/\/www.europesays.com\/no\/wp-json\/wp\/v2\/posts\/118826\/revisions"}],"wp:featuredmedia":[{"embeddable":true,"href":"https:\/\/www.europesays.com\/no\/wp-json\/wp\/v2\/media\/75701"}],"wp:attachment":[{"href":"https:\/\/www.europesays.com\/no\/wp-json\/wp\/v2\/media?parent=118826"}],"wp:term":[{"taxonomy":"category","embeddable":true,"href":"https:\/\/www.europesays.com\/no\/wp-json\/wp\/v2\/categories?post=118826"},{"taxonomy":"post_tag","embeddable":true,"href":"https:\/\/www.europesays.com\/no\/wp-json\/wp\/v2\/tags?post=118826"}],"curies":[{"name":"wp","href":"https:\/\/api.w.org\/{rel}","templated":true}]}}