{"id":118829,"date":"2025-12-21T12:03:08","date_gmt":"2025-12-21T12:03:08","guid":{"rendered":"https:\/\/www.europesays.com\/no\/118829\/"},"modified":"2025-12-21T12:03:08","modified_gmt":"2025-12-21T12:03:08","slug":"fotballklubb-utsatt-for-haerverk-igjen-dette-er-trist-fvn-no","status":"publish","type":"post","link":"https:\/\/www.europesays.com\/no\/118829\/","title":{"rendered":"Fotball\u00adklubb utsatt for h\u00e6rverk igjen: \u2013 Dette er trist &#8211; fvn.no"},"content":{"rendered":"<ol>\n<li><a href=\"https:\/\/news.google.com\/rss\/articles\/CBMilAFBVV95cUxOWjNsOHpPQ3Npdzl3SXhwYWpNOFpxRlZLQkRjNjVzUTdGNURpdnE4QjFVMHlkYXNUWmJiODhNYXlnR1dVSlRjUHBIbGJpWGZVN0FoUzRNZlRqeG16NTBmUS1INTBFd1VtbGpZNmVBRzcwS1Rhanoxc2pRdUhPOWtCNXVZdU9uaGM1MDh0eGRWbW1ELU9O?oc=5\" target=\"_blank\" rel=\"nofollow noopener\">Fotball\u00adklubb utsatt for h\u00e6rverk igjen: \u2013 Dette er trist<\/a>&nbsp;&nbsp;fvn.no<\/li>\n<li><a href=\"https:\/\/news.google.com\/rss\/articles\/CBMinAFBVV95cUxPcW43R19iSG5OWkxxODNFaVlFSF9uM1NuLWV2d0JyTTRDdGVkbHZxdVJuOUxxUU5keE1Yd3hzTk4yTDRPS3Y5dDlNNTd2YzByNC1qaU92UnlWOWx6Z3d1bDMyUDl1OHJtVk9RSmFTZ3pndzU2TmpfNzJMNC16c2hYTEg2eFJNdFNzYllEY0ZKX0RqdWQyak93bk1wSkM?oc=5\" target=\"_blank\" rel=\"nofollow noopener\">Rykker ut etter melding om innbrudd og h\u00e6rverk<\/a>&nbsp;&nbsp;fvn.no<\/li>\n<li><a href=\"https:\/\/news.google.com\/rss\/articles\/CBMicEFVX3lxTE04MmJHcXBuLTNBbGZDbE1veHQwZ1hTcWRJblFmazJwMTBnQ0trenBPZ254YmVzM2Z3QWx3YTVyWkRlT0RuR2NSbUN0d2lfMFljYVZDOEh2UFdlSXpBeW1QRjZEdDBPUUktS0VVZ01IS20?oc=5\" target=\"_blank\" rel=\"nofollow noopener\">S\u00f8gne fotballklubb: To innbrudd og ildsp\u00e5settelse p\u00e5 kort tid<\/a>&nbsp;&nbsp;krs.no<\/li>\n<li><a href=\"https:\/\/news.google.com\/rss\/articles\/CBMioAFBVV95cUxOa3pmZzVRMWZuY1ZsSnVuNFJpaGFMRWNXcTNLQWJwMmFfUkVCVlVGR0E1UUJYXzVCQk5ldjF1RHllR3I5bXR2TWhJZU43UHVjSXl2Ti14UG5XTE5lbnFEZHZkSkRnQU9RLUFHNGtVV1ZlVl9SQV9EazlJM3lOSGI2aE0xY3duOFhnbHEzOFFwM3lKRkROSnNLQ0Z5MUhKTkct?oc=5\" target=\"_blank\" rel=\"nofollow noopener\">(+) Fors\u00f8k p\u00e5 brannstiftelse ved fotballanlegg<\/a>&nbsp;&nbsp;N247<\/li>\n<li><a href=\"https:\/\/news.google.com\/rss\/articles\/CBMirAFBVV95cUxQVXBZdVBrbm10WGZmQ2hiUEplX3BINE44M1J4TC1rSDBJY29fRHZYYmJNNkw3OUlEMGZ4cVhwQnB3bGNFOURFVkpIdlljcG80dWlKVFN2VjRWZkpxUGt0S0w3OGdqT09OSW9YZTJMQUM4Y1JTanpoblg2RlF5dFJwVFZDVWxfMGdkQmxfYWhyQU54bmVISUl0aUwyNUVuOHEtbnY2RGw3eVhtaGVU?oc=5\" target=\"_blank\" rel=\"nofollow noopener\">(+) S\u00f8gne FK rammet igjen \u2013 politiet varsler tiltak<\/a>&nbsp;&nbsp;N247<\/li>\n<\/ol>\n","protected":false},"excerpt":{"rendered":"Fotball\u00adklubb utsatt for h\u00e6rverk igjen: \u2013 Dette er trist&nbsp;&nbsp;fvn.no Rykker ut etter melding om innbrudd og h\u00e6rverk&nbsp;&nbsp;fvn.no S\u00f8gne&hellip;\n","protected":false},"author":2,"featured_media":118830,"comment_status":"","ping_status":"","sticky":false,"template":"","format":"standard","meta":{"footnotes":""},"categories":[10],"tags":[20,21,24,25,15,22,23,13,30,28,29,14,16,26,27],"class_list":{"0":"post-118829","1":"post","2":"type-post","3":"status-publish","4":"format-standard","5":"has-post-thumbnail","7":"category-norge","8":"tag-breaking-news","9":"tag-breakingnews","10":"tag-featured-news","11":"tag-featurednews","12":"tag-headlines","13":"tag-latest-news","14":"tag-latestnews","15":"tag-news","16":"tag-no","17":"tag-norge","18":"tag-norway","19":"tag-nyheter","20":"tag-overskrifter","21":"tag-top-stories","22":"tag-topstories"},"share_on_mastodon":{"url":"https:\/\/pubeurope.com\/@no\/115757462518233976","error":""},"_links":{"self":[{"href":"https:\/\/www.europesays.com\/no\/wp-json\/wp\/v2\/posts\/118829","targetHints":{"allow":["GET"]}}],"collection":[{"href":"https:\/\/www.europesays.com\/no\/wp-json\/wp\/v2\/posts"}],"about":[{"href":"https:\/\/www.europesays.com\/no\/wp-json\/wp\/v2\/types\/post"}],"author":[{"embeddable":true,"href":"https:\/\/www.europesays.com\/no\/wp-json\/wp\/v2\/users\/2"}],"replies":[{"embeddable":true,"href":"https:\/\/www.europesays.com\/no\/wp-json\/wp\/v2\/comments?post=118829"}],"version-history":[{"count":0,"href":"https:\/\/www.europesays.com\/no\/wp-json\/wp\/v2\/posts\/118829\/revisions"}],"wp:featuredmedia":[{"embeddable":true,"href":"https:\/\/www.europesays.com\/no\/wp-json\/wp\/v2\/media\/118830"}],"wp:attachment":[{"href":"https:\/\/www.europesays.com\/no\/wp-json\/wp\/v2\/media?parent=118829"}],"wp:term":[{"taxonomy":"category","embeddable":true,"href":"https:\/\/www.europesays.com\/no\/wp-json\/wp\/v2\/categories?post=118829"},{"taxonomy":"post_tag","embeddable":true,"href":"https:\/\/www.europesays.com\/no\/wp-json\/wp\/v2\/tags?post=118829"}],"curies":[{"name":"wp","href":"https:\/\/api.w.org\/{rel}","templated":true}]}}