{"id":118833,"date":"2025-12-21T12:12:08","date_gmt":"2025-12-21T12:12:08","guid":{"rendered":"https:\/\/www.europesays.com\/no\/118833\/"},"modified":"2025-12-21T12:12:08","modified_gmt":"2025-12-21T12:12:08","slug":"united-har-lagt-inn-bud-pa-17-aring","status":"publish","type":"post","link":"https:\/\/www.europesays.com\/no\/118833\/","title":{"rendered":"\u2013 United har lagt inn bud p\u00e5 17-\u00e5ring"},"content":{"rendered":"<p>        Mike Egerton &#8211; PA Images\n    <\/p>\n<p class=\"kicker font-weight-bold m-font-weight-bold tertiary color_mobile_tertiary\" style=\"\">FLERE AVISER:<\/p>\n<p>Harry Amass <a href=\"https:\/\/www.united.no\/nyheter\/alle-som-har-sett-ham-regelmessig-denne-sesongen-vet-at-det-ikke-stemmer\/1409381\" rel=\"nofollow noopener\" target=\"_blank\">har v\u00e6rt i medienes s\u00f8kelys denne uka<\/a> etter en Amorim-kommentar p\u00e5 pressekonferansen f\u00f8r Bournemouth-kampen, men en annen ung Sheffield Wednesday-back nevnes ogs\u00e5 i forbindelse med Manchester United.<\/p>\n<p><a href=\"https:\/\/www.bbc.com\/sport\/football\/articles\/cg5mnqdj423o\" target=\"_blank\" rel=\"nofollow noopener\">BBC Radio Sheffield<\/a> meldte tidlig i uka at uglene hadde mottatt flere bud p\u00e5 17 \u00e5r gamle Yisa Alao, som i august debuterte for f\u00f8rstelaget som 16-\u00e5ring.<\/p>\n<p>Budene var fra ikke-navngitte Premier League-klubber.<\/p>\n<p>                F\u00e5 med deg alt fra Supporterklubben<\/p>\n<ul>\n<li>Tilgang til alt innhold p\u00e5 united.no<\/li>\n<li>Tilgang til podkasten Uno+<\/li>\n<li>Billetter og turer til Old Trafford<\/li>\n<li>Gode rabatter i nettbutikken<\/li>\n<li>Medlemspris p\u00e5 Viaplay Total<\/li>\n<\/ul>\n<p class=\"price_description\">Kun kr 29,- \/m\u00e5ned. Betales \u00e5rlig.<\/p>\n<p>\n                    <a class=\"lab-paywall-teaser-offer-button\" href=\"https:\/\/api.united.no\/paywall\/order?providerUrl=https%3A%2F%2Fminside.united.no%2Fno%2Fcheckout%2Funitedmedlemsskap&amp;siteAlias=united&amp;&amp;siteId=2&amp;contentUrl=https%3A%2F%2Fwww.united.no%2Fnyheter%2Funited-har-lagt-inn-bud-pa-17-aring%2F1410057\" rel=\"nofollow noopener\" target=\"_blank\">Bli medlem n\u00e5<\/a>\n                <\/p>\n","protected":false},"excerpt":{"rendered":"Mike Egerton &#8211; PA Images FLERE AVISER: Harry Amass har v\u00e6rt i medienes s\u00f8kelys denne uka etter en&hellip;\n","protected":false},"author":2,"featured_media":118834,"comment_status":"","ping_status":"","sticky":false,"template":"","format":"standard","meta":{"footnotes":""},"categories":[59],"tags":[30,28,29,83,82],"class_list":{"0":"post-118833","1":"post","2":"type-post","3":"status-publish","4":"format-standard","5":"has-post-thumbnail","7":"category-sport","8":"tag-no","9":"tag-norge","10":"tag-norway","11":"tag-sport","12":"tag-sports"},"share_on_mastodon":{"url":"https:\/\/pubeurope.com\/@no\/115757497913791451","error":""},"_links":{"self":[{"href":"https:\/\/www.europesays.com\/no\/wp-json\/wp\/v2\/posts\/118833","targetHints":{"allow":["GET"]}}],"collection":[{"href":"https:\/\/www.europesays.com\/no\/wp-json\/wp\/v2\/posts"}],"about":[{"href":"https:\/\/www.europesays.com\/no\/wp-json\/wp\/v2\/types\/post"}],"author":[{"embeddable":true,"href":"https:\/\/www.europesays.com\/no\/wp-json\/wp\/v2\/users\/2"}],"replies":[{"embeddable":true,"href":"https:\/\/www.europesays.com\/no\/wp-json\/wp\/v2\/comments?post=118833"}],"version-history":[{"count":0,"href":"https:\/\/www.europesays.com\/no\/wp-json\/wp\/v2\/posts\/118833\/revisions"}],"wp:featuredmedia":[{"embeddable":true,"href":"https:\/\/www.europesays.com\/no\/wp-json\/wp\/v2\/media\/118834"}],"wp:attachment":[{"href":"https:\/\/www.europesays.com\/no\/wp-json\/wp\/v2\/media?parent=118833"}],"wp:term":[{"taxonomy":"category","embeddable":true,"href":"https:\/\/www.europesays.com\/no\/wp-json\/wp\/v2\/categories?post=118833"},{"taxonomy":"post_tag","embeddable":true,"href":"https:\/\/www.europesays.com\/no\/wp-json\/wp\/v2\/tags?post=118833"}],"curies":[{"name":"wp","href":"https:\/\/api.w.org\/{rel}","templated":true}]}}