{"id":118835,"date":"2025-12-21T12:18:10","date_gmt":"2025-12-21T12:18:10","guid":{"rendered":"https:\/\/www.europesays.com\/no\/118835\/"},"modified":"2025-12-21T12:18:10","modified_gmt":"2025-12-21T12:18:10","slug":"kirkeeide-med-fantastisk-avslutning-tok-sin-forste-verdenscupseier","status":"publish","type":"post","link":"https:\/\/www.europesays.com\/no\/118835\/","title":{"rendered":"Kirkeeide med fantastisk avslutning \u2013 tok sin f\u00f8rste verdenscupseier"},"content":{"rendered":"\n<p class=\"_lead_o9xde_2 _lead_xtcu6_50 layout-component text-serif-m layout-normal text-serif-l layout-component layout-wide layout-padded _wide_17hqh_1 layout-padded\">I folkehavet i franske Le-Grand Bornand sikret Maren Hjelmeset Kirkeeide (22) sin f\u00f8rste verdenscupseier.<\/p>\n<p><img alt=\" Foto: OLIVIER CHASSIGNOLE \/ AFP \/ NTB\" class=\"_image_qp4xg_65 layout-component layout-wide\" data-fullscreen- data-track-element-type=\"Article image fullscreen\" data-track-name=\"ImageFullscreen\" fetchpriority=\"high\" decoding=\"sync\" loading=\"eager\" height=\"4460\" itemprop=\"image\"  src=\"https:\/\/www.europesays.com\/no\/wp-content\/uploads\/2025\/12\/1538aa11-2cc6-4773-ae55-7aaab88fa72a\"  style=\"object-position:0% 0%\" width=\"6474\"\/> Foto: OLIVIER CHASSIGNOLE \/ AFP \/ NTB<\/p>\n<ul aria-hidden=\"true\" class=\"_images_ntbth_112\">\n<li><a class=\"_link_ntbth_117\" href=\"https:\/\/www.vg.no\/forfatter\/trond-johannessen-2\" style=\"z-index:1\" title=\"Trond Johannessen\" rel=\"nofollow noopener\" target=\"_blank\"><img alt=\"Bilde av Trond Johannessen\" class=\"_image_ntbth_93\" fetchpriority=\"low\" loading=\"lazy\" decoding=\"async\" itemprop=\"image\"  src=\"https:\/\/www.europesays.com\/no\/wp-content\/uploads\/2025\/12\/1766319489_743_8f20a56c-f95f-4178-993a-7fb0527b9125\"  width=\"480\"\/><\/a><\/li>\n<\/ul>\n<p> Oppdatert s\u00f8ndag 21. desember kl. 13:11     <\/p>\n<p class=\"_paragraph_o9xde_4 _paragraph_xtcu6_10 layout-component text-serif-m layout-normal text-serif-m layout-padded\">Tre norske var med i sesongens f\u00f8rste fellesstart, ingen av dem hadde pallplassering \u00e5 vise til p\u00e5 denne \u00f8velsen. <\/p>\n<p class=\"_paragraph_o9xde_4 _paragraph_xtcu6_10 layout-component text-serif-m layout-normal text-serif-m layout-padded\">Det var st\u00f8rst forh\u00e5pninger til Kirkeeide. Hun ble hengende etter i starten, og var nummer 23 etter f\u00f8rste skyting. Men hun klatret oppover og etter siste skyting var det bare snaut 15 sekunder opp til lederen Camille Bened, med franske Lou Jeanmonnot like bak. Etter en ny r\u00e5 sisterunde spurtet en helt utkj\u00f8rt Kirkeeide inn til seier \u2013 foran hjemmeh\u00e5pene Jeanmonnot og Justine Braisaz-Bouchet.<\/p>\n<p class=\"_paragraph_o9xde_4 _paragraph_xtcu6_10 layout-component text-serif-m layout-normal text-serif-m layout-padded\">\u2013 Helt sykt. Jeg skj\u00f8nte at dette ble t\u00f8ft, men man f\u00e5r ofte litt uante krefter n\u00e5r det st\u00e5r om pallen. Jeg tenkte p\u00e5 det i l\u00f8ypa, med en fransk foran og to bak, at n\u00e5 kan jeg \u00f8delegge den franske festen. Men herlighet, det er s\u00e5 sykt kult \u00e5 g\u00e5 ute i l\u00f8ypa her n\u00e5r det er s\u00e5 mange folk som heier. Det er en helt vanvittig opplevelse, sier vinneren til NRK.<\/p>\n<p><img alt=\"Foto: OLIVIER CHASSIGNOLE \/ AFP \/ NTB\" class=\"_image_qp4xg_65 layout-component layout-normal\" data-fullscreen- data-track-element-type=\"Article image fullscreen\" data-track-name=\"ImageFullscreen\" decoding=\"async\" loading=\"lazy\" height=\"2444\" itemprop=\"image\"  src=\"https:\/\/www.europesays.com\/no\/wp-content\/uploads\/2025\/12\/c5478d2a-1da9-4ee3-8c41-0be16058457c\"  style=\"object-position:0% 0%\" width=\"3665\"\/>Foto: OLIVIER CHASSIGNOLE \/ AFP \/ NTB<\/p>\n<p class=\"_paragraph_o9xde_4 _paragraph_xtcu6_10 layout-component text-serif-m layout-normal text-serif-m layout-padded\">Braisaz-Bouchet er verdensmester og olympisk mester p\u00e5 fellesstart. Jeanmonnot kjempet helt til siste l\u00f8p i fjor\u00e5rssesongen om den gule tr\u00f8ya, hun vant syv l\u00f8p forrige sesong. S\u00e5 det er ingen hvem som helst hun satte p\u00e5 plass.<\/p>\n<p class=\"_paragraph_o9xde_4 _paragraph_xtcu6_10 layout-component text-serif-m layout-normal text-serif-m layout-padded\">\u2013 Vi blir nesten litt r\u00f8rt i boksen her, sier NRK-ekspert Torgeir Bj\u00f8rn etter bragden i de samme l\u00f8ypene som vinter-OL skal arrangeres i 2030. Kirkeeide tok bronse p\u00e5 denne distansen i VM i fjor og seiler opp som en av favorittene foran vinterens OL.<\/p>\n<p class=\"_paragraph_o9xde_4 _paragraph_xtcu6_10 layout-component text-serif-m layout-normal text-serif-m layout-padded\">Karoline Knotten ble nummer \u00e5tte, mens Marthe Kr\u00e5kstad Johansen, som kom inn som reserve tre timer f\u00f8r start, imponerte ogs\u00e5 med en 12. plass. Hun skj\u00f8t prikkfritt frem til siste st\u00e5ende, der det ble \u00e9n bom.<\/p>\n","protected":false},"excerpt":{"rendered":"I folkehavet i franske Le-Grand Bornand sikret Maren Hjelmeset Kirkeeide (22) sin f\u00f8rste verdenscupseier. Foto: OLIVIER CHASSIGNOLE \/&hellip;\n","protected":false},"author":2,"featured_media":118836,"comment_status":"","ping_status":"","sticky":false,"template":"","format":"standard","meta":{"footnotes":""},"categories":[5],"tags":[20,21,24,25,15,19,22,23,17,18,13,30,28,29,14,16,26,27],"class_list":{"0":"post-118835","1":"post","2":"type-post","3":"status-publish","4":"format-standard","5":"has-post-thumbnail","7":"category-overskrifter","8":"tag-breaking-news","9":"tag-breakingnews","10":"tag-featured-news","11":"tag-featurednews","12":"tag-headlines","13":"tag-hovedoppslag","14":"tag-latest-news","15":"tag-latestnews","16":"tag-main-news","17":"tag-mainnews","18":"tag-news","19":"tag-no","20":"tag-norge","21":"tag-norway","22":"tag-nyheter","23":"tag-overskrifter","24":"tag-top-stories","25":"tag-topstories"},"share_on_mastodon":{"url":"https:\/\/pubeurope.com\/@no\/115757521865028262","error":""},"_links":{"self":[{"href":"https:\/\/www.europesays.com\/no\/wp-json\/wp\/v2\/posts\/118835","targetHints":{"allow":["GET"]}}],"collection":[{"href":"https:\/\/www.europesays.com\/no\/wp-json\/wp\/v2\/posts"}],"about":[{"href":"https:\/\/www.europesays.com\/no\/wp-json\/wp\/v2\/types\/post"}],"author":[{"embeddable":true,"href":"https:\/\/www.europesays.com\/no\/wp-json\/wp\/v2\/users\/2"}],"replies":[{"embeddable":true,"href":"https:\/\/www.europesays.com\/no\/wp-json\/wp\/v2\/comments?post=118835"}],"version-history":[{"count":0,"href":"https:\/\/www.europesays.com\/no\/wp-json\/wp\/v2\/posts\/118835\/revisions"}],"wp:featuredmedia":[{"embeddable":true,"href":"https:\/\/www.europesays.com\/no\/wp-json\/wp\/v2\/media\/118836"}],"wp:attachment":[{"href":"https:\/\/www.europesays.com\/no\/wp-json\/wp\/v2\/media?parent=118835"}],"wp:term":[{"taxonomy":"category","embeddable":true,"href":"https:\/\/www.europesays.com\/no\/wp-json\/wp\/v2\/categories?post=118835"},{"taxonomy":"post_tag","embeddable":true,"href":"https:\/\/www.europesays.com\/no\/wp-json\/wp\/v2\/tags?post=118835"}],"curies":[{"name":"wp","href":"https:\/\/api.w.org\/{rel}","templated":true}]}}