{"id":118837,"date":"2025-12-21T12:19:14","date_gmt":"2025-12-21T12:19:14","guid":{"rendered":"https:\/\/www.europesays.com\/no\/118837\/"},"modified":"2025-12-21T12:19:14","modified_gmt":"2025-12-21T12:19:14","slug":"barcelona-raphinha-barcelona-sjefen-raser-en-vits","status":"publish","type":"post","link":"https:\/\/www.europesays.com\/no\/118837\/","title":{"rendered":"Barcelona, Raphinha | Barcelona-sjefen raser: \u2013 En vits"},"content":{"rendered":"\n<p>\u2013 Det er en vits, virkelig, sa Barcelona-trener Hansi Flick p\u00e5 en pressekonferanse foran s\u00f8ndagens seriekamp mot Villarreal p\u00e5 bortebane.<\/p>\n<p>Barcelona vant tre titler i Spania og ble sl\u00e5tt ut i semifinalen i Champions League. Raphinha endte der opp som delt toppscorer sammen med Serhou Guirassy med 13 m\u00e5l.<\/p>\n<p>   <img decoding=\"async\" width=\"4242\" height=\"2828\" fetchpriority=\"low\"  loading=\"lazy\"  src=\"https:\/\/www.europesays.com\/no\/wp-content\/uploads\/2025\/12\/cueres_scp-mangler_navn_Qgf3avaxNy4.jpg\" alt=\"Barcelona's head coach Hansi Flick hugs Raphinha after the Champions League semifinal second leg soccer match between Inter Milan and Barcelona at San Siro stadium in Milan , Italy, Tuesday, May 6, 2025. (AP Photo\/Antonio Calanni)\" class=\"brick-c-cFOWSL\" style=\"--brick-image-ratio: 4242 \/ 2828;\"\/><\/p>\n<p>      F\u00c5R ST\u00d8TTE: Raphinha f\u00e5r st\u00f8tte fra sjefen etter \u00e5 ha blitt utelatt fra sesongens lag.<br \/>\n      Foto: Antonio Calanni\n    <\/p>\n<p>Raphinha ble samtidig assistkonge med ni m\u00e5lgivende pasninger. Flick er rasende for at hans brasilianske stjernespiller ikke kom med.<\/p>\n<p>Laget velges ut etter stemmer fra landslagssjefer, kapteiner, journalister og fans. Cole Palmer og Jude Bellingham fikk kantposisjonene i laget som var satt opp i 4-4-2.<\/p>\n<p>\u2013 Det er utrolig at Raphinha ikke kom med. N\u00e5r du ser kampene han spilte og p\u00e5 scoringer og assists, er det utrolig. Det er virkelig ikke rettferdig mot ham, sa Flick.<\/p>\n<p>Hele laget: Gianluigi Donnarumma \u2013 Achraf Hakimi, Willian Pacho, Virgil van Dijk, Nuno Mendes \u2013 Cole Palmer, Vitinha, Pedri, Jude Bellingham \u2013 Ousmane Demb\u00e9l\u00e9, Lamine Yamal.<\/p>\n","protected":false},"excerpt":{"rendered":"\u2013 Det er en vits, virkelig, sa Barcelona-trener Hansi Flick p\u00e5 en pressekonferanse foran s\u00f8ndagens seriekamp mot Villarreal&hellip;\n","protected":false},"author":2,"featured_media":118838,"comment_status":"","ping_status":"","sticky":false,"template":"","format":"standard","meta":{"footnotes":""},"categories":[59],"tags":[30,28,29,83,82],"class_list":{"0":"post-118837","1":"post","2":"type-post","3":"status-publish","4":"format-standard","5":"has-post-thumbnail","7":"category-sport","8":"tag-no","9":"tag-norge","10":"tag-norway","11":"tag-sport","12":"tag-sports"},"share_on_mastodon":{"url":"https:\/\/pubeurope.com\/@no\/115757525485476068","error":""},"_links":{"self":[{"href":"https:\/\/www.europesays.com\/no\/wp-json\/wp\/v2\/posts\/118837","targetHints":{"allow":["GET"]}}],"collection":[{"href":"https:\/\/www.europesays.com\/no\/wp-json\/wp\/v2\/posts"}],"about":[{"href":"https:\/\/www.europesays.com\/no\/wp-json\/wp\/v2\/types\/post"}],"author":[{"embeddable":true,"href":"https:\/\/www.europesays.com\/no\/wp-json\/wp\/v2\/users\/2"}],"replies":[{"embeddable":true,"href":"https:\/\/www.europesays.com\/no\/wp-json\/wp\/v2\/comments?post=118837"}],"version-history":[{"count":0,"href":"https:\/\/www.europesays.com\/no\/wp-json\/wp\/v2\/posts\/118837\/revisions"}],"wp:featuredmedia":[{"embeddable":true,"href":"https:\/\/www.europesays.com\/no\/wp-json\/wp\/v2\/media\/118838"}],"wp:attachment":[{"href":"https:\/\/www.europesays.com\/no\/wp-json\/wp\/v2\/media?parent=118837"}],"wp:term":[{"taxonomy":"category","embeddable":true,"href":"https:\/\/www.europesays.com\/no\/wp-json\/wp\/v2\/categories?post=118837"},{"taxonomy":"post_tag","embeddable":true,"href":"https:\/\/www.europesays.com\/no\/wp-json\/wp\/v2\/tags?post=118837"}],"curies":[{"name":"wp","href":"https:\/\/api.w.org\/{rel}","templated":true}]}}