{"id":118843,"date":"2025-12-21T12:32:14","date_gmt":"2025-12-21T12:32:14","guid":{"rendered":"https:\/\/www.europesays.com\/no\/118843\/"},"modified":"2025-12-21T12:32:14","modified_gmt":"2025-12-21T12:32:14","slug":"livredderne-pa-bondi-beach-hedret-terrorofrene","status":"publish","type":"post","link":"https:\/\/www.europesays.com\/no\/118843\/","title":{"rendered":"Livredderne p\u00e5 Bondi Beach hedret terrorofrene"},"content":{"rendered":"\n<p class=\"_lead_o9xde_2 _lead_xtcu6_50 layout-component text-serif-m layout-normal text-serif-l layout-component layout-wide layout-padded _wide_17hqh_1 layout-padded\">Hundrevis av livreddere samlet seg l\u00f8rdag for \u00e5 hedre de drepte etter Bondi-skytingen.<\/p>\n<p><img alt=\" Foto: Bianca De Marchi \/ AP \/ NTB\" class=\"_image_qp4xg_65 layout-component layout-wide\" data-fullscreen- data-track-element-type=\"Article image fullscreen\" data-track-name=\"ImageFullscreen\" fetchpriority=\"high\" decoding=\"sync\" loading=\"eager\" height=\"6020\" itemprop=\"image\"  src=\"https:\/\/www.europesays.com\/no\/wp-content\/uploads\/2025\/12\/efb4a26c-653d-4638-862d-614bb155a0c9\"  style=\"object-position:0% 0%\" width=\"9030\"\/> Foto: Bianca De Marchi \/ AP \/ NTB<\/p>\n<ul aria-hidden=\"true\" class=\"_images_ntbth_112\">\n<li><a class=\"_link_ntbth_117\" href=\"https:\/\/www.vg.no\/forfatter\/harpreet-kaur-nijjer\" style=\"z-index:1\" title=\"Harpreet Kaur Nijjer\" rel=\"nofollow noopener\" target=\"_blank\"><img alt=\"Bilde av Harpreet Kaur Nijjer\" class=\"_image_ntbth_93\" fetchpriority=\"low\" loading=\"lazy\" decoding=\"async\" itemprop=\"image\"  src=\"https:\/\/www.europesays.com\/no\/wp-content\/uploads\/2025\/12\/1766320330_136_9915841b-33cb-470f-8ab4-1d1650cff10e\"  width=\"480\"\/><\/a><\/li>\n<\/ul>\n<p> Oppdatert s\u00f8ndag 21. desember kl. 13:02     <\/p>\n<p class=\"_paragraph_o9xde_4 _paragraph_xtcu6_10 layout-component text-serif-m layout-normal text-serif-m layout-padded\">Det er en uke siden 15 personer ble drept, etter at en far og en s\u00f8nn l\u00f8snet skudd mot en j\u00f8disk festival p\u00e5 <a href=\"https:\/\/www.vg.no\/tag\/bondi-beach?utm_source=vg-article&amp;utm_medium=auto-tagger&amp;utm_campaign=e78JOO\" class=\"_link_o9xde_39\" rel=\"nofollow noopener\" target=\"_blank\">Bondi Beach<\/a> i Sydney den 14. desember. <\/p>\n<p class=\"_paragraph_o9xde_4 _paragraph_xtcu6_10 layout-component text-serif-m layout-normal text-serif-m layout-padded\">Over 40 personer ble skadet. <\/p>\n<p class=\"_paragraph_o9xde_4 _paragraph_xtcu6_10 layout-component text-serif-m layout-normal text-serif-m layout-padded\">Under angrepet spilte livredderne ved stranden en kritisk rolle og l\u00f8p til \u00e5stedet med f\u00f8rstehjelpsutstyr, enkelte barbeint, skriver<a href=\"https:\/\/news.sky.com\/story\/bondi-beach-victims-honoured-by-lifeguards-who-saw-what-few-people-have-ever-seen-13485854\" class=\"_link_o9xde_39\" rel=\"nofollow noopener\" target=\"_blank\"> Sky News<\/a>. <\/p>\n<p><img alt=\"Foto: Bianca De Marchi \/ AP \/ NTB\" class=\"_image_qp4xg_65 layout-component layout-normal\" data-fullscreen- data-track-element-type=\"Article image fullscreen\" data-track-name=\"ImageFullscreen\" decoding=\"async\" loading=\"lazy\" height=\"4912\" itemprop=\"image\"  src=\"https:\/\/www.europesays.com\/no\/wp-content\/uploads\/2025\/12\/bcd91dd9-de24-4253-ac9a-802688cd0e6e\"  style=\"object-position:0% 0%\" width=\"8732\"\/>Foto: Bianca De Marchi \/ AP \/ NTB<\/p>\n<p class=\"_paragraph_o9xde_4 _paragraph_xtcu6_10 layout-component text-serif-m layout-normal text-serif-m layout-padded\">Flere livreddere som ikke var p\u00e5 vakt den dagen var p\u00e5 en julefest n\u00e6r \u00e5stedet. Ogs\u00e5 de bisto med det de kunne. <\/p>\n<p class=\"_paragraph_o9xde_4 _paragraph_xtcu6_10 layout-component text-serif-m layout-normal text-serif-m layout-padded\">L\u00f8rdag samlet livredderne seg for \u00e5 ta farvel med terrorofrene med to minutter stillhet. <\/p>\n<p>Ni personer knyttet til saken <\/p>\n<p class=\"_paragraph_o9xde_4 _paragraph_xtcu6_10 layout-component text-serif-m layout-normal text-serif-m layout-padded\">Sajid Akram og s\u00f8nnen Naveed Akram er utpekt som gjerningspersonene bak angrepet. <\/p>\n<p class=\"_paragraph_o9xde_4 _paragraph_xtcu6_10 layout-component text-serif-m layout-normal text-serif-m layout-padded\">Sajid ble drept under en skuddveksling med politiet, mens Naveed ble s\u00e5ret og innlagt p\u00e5 sykehus, bevoktet av politi. Totalt er han siktet for 59 lovbrudd, deriblant terror. <\/p>\n<p class=\"_paragraph_o9xde_4 _paragraph_xtcu6_10 layout-component text-serif-m layout-normal layout-padded\"><strong class=\"_strong_o9xde_25\">Les ogs\u00e5:<\/strong> <a href=\"https:\/\/www.vg.no\/i\/9pmARl\" data-track-element-type=\"Link\" data-track-id=\"link:9pmARl\" class=\"_link_o9xde_39\" rel=\"nofollow noopener\" target=\"_blank\">Utpekes som Bondi Beach-skytterne: Sa de skulle p\u00e5 fisketur <\/a><\/p>\n<p class=\"_paragraph_o9xde_4 _paragraph_xtcu6_10 layout-component text-serif-m layout-normal text-serif-m layout-padded\">I tillegg har australsk politi <a href=\"https:\/\/www.vg.no\/nyheter\/i\/0pnj16\/syv-menn-paagrepet-etter-bondi-beach-angrepet\" data-track-element-type=\"Link\" data-track-id=\"link:0pnj16\" class=\"_link_o9xde_39\" rel=\"nofollow noopener\" target=\"_blank\">p\u00e5grepet ytterligere syv menn<\/a> som skal ha ideologisk tilknytning til de to antatte gjerningspersonene. <\/p>\n<p>Nasjonal dag til minne om ofrene <\/p>\n<p class=\"_paragraph_o9xde_4 _paragraph_xtcu6_10 layout-component text-serif-m layout-normal text-serif-m layout-padded\">S\u00f8ndag markeres en <a href=\"https:\/\/www.aljazeera.com\/news\/2025\/12\/21\/australia-honours-bondi-beach-victims-launches-probe-of-security-services\" class=\"_link_o9xde_39\" rel=\"nofollow noopener\" target=\"_blank\">nasjonal dag for ettertanke<\/a>, til minne om ofrene for Bondi-terroren for n\u00f8yaktig en uke siden. <\/p>\n<p><img alt=\"S\u00f8ndag er store mengder samlet til en nasjonal dag for ettertanke, til minne om ofrene for Bondi-terroren.   Foto: DEAN LEWINS \/ EPA \/ NTB\" class=\"_image_qp4xg_65 layout-component layout-normal\" data-fullscreen- data-track-element-type=\"Article image fullscreen\" data-track-name=\"ImageFullscreen\" decoding=\"async\" loading=\"lazy\" height=\"4042\" itemprop=\"image\"  src=\"https:\/\/www.europesays.com\/no\/wp-content\/uploads\/2025\/12\/6f043e34-cca6-4acc-8d72-e702e083b55a\"  style=\"object-position:0% 0%\" width=\"6063\"\/>S\u00f8ndag er store mengder samlet til en nasjonal dag for ettertanke, til minne om ofrene for Bondi-terroren.   Foto: DEAN LEWINS \/ EPA \/ NTB<\/p>\n<p class=\"_paragraph_o9xde_4 _paragraph_xtcu6_10 layout-component text-serif-m layout-normal text-serif-m layout-padded\">Urfolksledere startet markeringene s\u00f8ndag morgen, med en tradisjonell r\u00f8ykseremoni ved Bondi. Flaggene heises p\u00e5 halv stang ved flere regjeringsbygninger, og det har blitt avholdt ett minutt stillhet. <\/p>\n<p class=\"_paragraph_o9xde_4 _paragraph_xtcu6_10 layout-component text-serif-m layout-normal text-serif-m layout-padded\">I tillegg har myndighetene invitert australiere til \u00e5 tenne et lys for terrorofrene s\u00f8ndag kveld. <\/p>\n<p>Skal gjennomg\u00e5 politi- og etterretningstjenester <\/p>\n<p class=\"_paragraph_o9xde_4 _paragraph_xtcu6_10 layout-component text-serif-m layout-normal text-serif-m layout-padded\">Statsminister Anthony Albanese har kunngjort at det vil foretas en gjennomgang av Australias politi- og etterretningstjenester. <\/p>\n<p><img alt=\"Statsminister Anthony Albanese under en minnestund for de drepte.   Foto: SAEED KHAN \/ AFP \/ NTB\" class=\"_image_qp4xg_65 layout-component layout-normal\" data-fullscreen- data-track-element-type=\"Article image fullscreen\" data-track-name=\"ImageFullscreen\" decoding=\"async\" loading=\"lazy\" height=\"3800\" itemprop=\"image\"  src=\"https:\/\/www.europesays.com\/no\/wp-content\/uploads\/2025\/12\/ef819f12-207d-44b1-afdb-5dd77fd1a8a8\"  style=\"object-position:0% 0%\" width=\"5700\"\/>Statsminister Anthony Albanese under en minnestund for de drepte.   Foto: SAEED KHAN \/ AFP \/ NTB<\/p>\n<p class=\"_paragraph_o9xde_4 _paragraph_xtcu6_10 layout-component text-serif-m layout-normal text-serif-m layout-padded\">I etterkant av angrepet har Albanese lovet \u00e5 stramme inn lovene som gjorde at mistenkte Sajid Akram kunne eie seks kraftige rifler. <\/p>\n<p class=\"_paragraph_o9xde_4 _paragraph_xtcu6_10 layout-component text-serif-m layout-normal text-serif-m layout-padded\">Albanese har tidligere sagt at det vil <a href=\"https:\/\/www.vg.no\/nyheter\/i\/\/australia-innfoerer-tilbakekjoepsprogram-for-vaapen-etter-bondi-terroren\" class=\"_link_o9xde_39\" rel=\"nofollow noopener\" target=\"_blank\">innf\u00f8res et tilbakekj\u00f8psprogram<\/a>, hvor v\u00e5peneiere skal f\u00e5 betalt for \u00e5 levere inn overfl\u00f8dige, nylig forbudte eller ulovlige v\u00e5pen. <\/p>\n<p class=\"_paragraph_o9xde_4 _paragraph_xtcu6_10 layout-component text-serif-m layout-normal text-serif-m layout-padded\">Dersom det innf\u00f8res, er programmet det st\u00f8rste tilbakekj\u00f8pet av v\u00e5pen siden 1996, da Australia strammet inn lovene i kj\u00f8lvannet av en masseskyting. <\/p>\n<p class=\"_paragraph_o9xde_4 _paragraph_xtcu6_10 layout-component text-serif-m layout-normal layout-padded\"><strong class=\"_strong_o9xde_25\">Les ogs\u00e5:<\/strong> <a href=\"https:\/\/www.vg.no\/i\/0pEypo\" data-track-element-type=\"Link\" data-track-id=\"link:0pEypo\" class=\"_link_o9xde_39\" rel=\"nofollow noopener\" target=\"_blank\">Matilda (10) drept i terrorangrepet i Sydney<\/a><\/p>\n<p>    <img decoding=\"async\" alt=\"Tips oss illustrasjon\" src=\"https:\/\/www.europesays.com\/no\/wp-content\/uploads\/2025\/10\/pssst-small.webp.webp\"\/>    <\/p>\n<p class=\"title-serif-s\">Har du tips?<\/p>\n<p class=\"text-sans-m\">Send oss informasjon, bilder eller video.<\/p>\n<p>  <a href=\"https:\/\/www.vg.no\/tips-oss\" rel=\"nofollow noopener\" target=\"_blank\"> Tips oss <\/a>      <\/p>\n","protected":false},"excerpt":{"rendered":"Hundrevis av livreddere samlet seg l\u00f8rdag for \u00e5 hedre de drepte etter Bondi-skytingen. Foto: Bianca De Marchi \/&hellip;\n","protected":false},"author":2,"featured_media":118844,"comment_status":"","ping_status":"","sticky":false,"template":"","format":"standard","meta":{"footnotes":""},"categories":[5],"tags":[47,13899,31,20,21,24,25,15,19,22,23,17,18,6406,13,30,28,29,14,16,13900,3686,26,27],"class_list":{"0":"post-118843","1":"post","2":"type-post","3":"status-publish","4":"format-standard","5":"has-post-thumbnail","7":"category-overskrifter","8":"tag-australia","9":"tag-bondi-beach","10":"tag-breaking","11":"tag-breaking-news","12":"tag-breakingnews","13":"tag-featured-news","14":"tag-featurednews","15":"tag-headlines","16":"tag-hovedoppslag","17":"tag-latest-news","18":"tag-latestnews","19":"tag-main-news","20":"tag-mainnews","21":"tag-minnestund","22":"tag-news","23":"tag-no","24":"tag-norge","25":"tag-norway","26":"tag-nyheter","27":"tag-overskrifter","28":"tag-sydney","29":"tag-terror","30":"tag-top-stories","31":"tag-topstories"},"share_on_mastodon":{"url":"https:\/\/pubeurope.com\/@no\/115757576850522146","error":""},"_links":{"self":[{"href":"https:\/\/www.europesays.com\/no\/wp-json\/wp\/v2\/posts\/118843","targetHints":{"allow":["GET"]}}],"collection":[{"href":"https:\/\/www.europesays.com\/no\/wp-json\/wp\/v2\/posts"}],"about":[{"href":"https:\/\/www.europesays.com\/no\/wp-json\/wp\/v2\/types\/post"}],"author":[{"embeddable":true,"href":"https:\/\/www.europesays.com\/no\/wp-json\/wp\/v2\/users\/2"}],"replies":[{"embeddable":true,"href":"https:\/\/www.europesays.com\/no\/wp-json\/wp\/v2\/comments?post=118843"}],"version-history":[{"count":0,"href":"https:\/\/www.europesays.com\/no\/wp-json\/wp\/v2\/posts\/118843\/revisions"}],"wp:featuredmedia":[{"embeddable":true,"href":"https:\/\/www.europesays.com\/no\/wp-json\/wp\/v2\/media\/118844"}],"wp:attachment":[{"href":"https:\/\/www.europesays.com\/no\/wp-json\/wp\/v2\/media?parent=118843"}],"wp:term":[{"taxonomy":"category","embeddable":true,"href":"https:\/\/www.europesays.com\/no\/wp-json\/wp\/v2\/categories?post=118843"},{"taxonomy":"post_tag","embeddable":true,"href":"https:\/\/www.europesays.com\/no\/wp-json\/wp\/v2\/tags?post=118843"}],"curies":[{"name":"wp","href":"https:\/\/api.w.org\/{rel}","templated":true}]}}