{"id":118845,"date":"2025-12-21T12:37:10","date_gmt":"2025-12-21T12:37:10","guid":{"rendered":"https:\/\/www.europesays.com\/no\/118845\/"},"modified":"2025-12-21T12:37:10","modified_gmt":"2025-12-21T12:37:10","slug":"slar-ol-alarm","status":"publish","type":"post","link":"https:\/\/www.europesays.com\/no\/118845\/","title":{"rendered":"Sl\u00e5r OL-alarm"},"content":{"rendered":"<p class=\"kicker \" style=\"\">FIS-presidenten:<\/p>\n<p>  Sn\u00f8bekymringer i Italia bare 47 dager f\u00f8r vinter-OL.<\/p>\n<p>\n    OL-ARENA: Alegget som skal huse snowboard og friski. Bildet ble tatt i januar. Foto: AP Photo\/NTB\n  <\/p>\n<p>6. februar starter vinter-OL i Milano og Cortina d&#8217;Ampezzo i Italia. N\u00e5 sl\u00e5r FIS-president Johan Eliasch alarm, if\u00f8lge medier som <a href=\"https:\/\/www.bild.de\/sport\/mehr-sport\/olympia-schnee-sorgen-in-livigno-fis-boss-schlaegt-alarm-6946e272ba368aa01269f371\" rel=\"nofollow noopener\" target=\"_blank\">Bild <\/a>og <a href=\"https:\/\/www.srf.ch\/sport\/milano-cortina-2026\/schneeproblem-vor-olympia-eliasch-schlaegt-alarm-verzoegerungen-sind-unerklaerlich\" rel=\"nofollow noopener\" target=\"_blank\">Schweizer Radio und Fernsehen<\/a> (SRF).<\/p>\n<p> \u00c5rsaken er at det skal v\u00e6re problemer med systemet som skal produsere kunstsn\u00f8. Bekymringene rundt anleggene i Livigno skal gjelde stedene hvor snowboard- og friski-\u00f8velsene skal gjennomf\u00f8res. <\/p>\n<p>&#8211; Den italienske regjeringen og regionene som arrangerer lekene har fortsatt mye \u00e5 gj\u00f8re og m\u00e5 f\u00e5 opp tempoet i forberedelsene, sier Eliasch if\u00f8lge Bild.<\/p>\n<p>Han fortsetter:<\/p>\n<p class=\"font-weight-bold m-font-weight-bold\" data-lab-font_weight=\"font-weight-bold\">&#8211; Vi ringer tre ganger daglig: morgen, ettermiddag og kveld. Det er problemer med sn\u00f8produksjonen. Det har v\u00e6rt forsinkelser. Dessverre s\u00e5 har ikke den italienske regjeringene frigitt midler, s\u00e5 arrang\u00f8rene kjemper for \u00e5 overleve<\/p>\n<p data-lab-font_weight=\"\">Italias regjering har p\u00e5 n\u00e5v\u00e6rende tidspunkt ikke kommentert saken.<\/p>\n<p>        <img loading=\"lazy\" decoding=\"async\" src=\"https:\/\/www.europesays.com\/no\/wp-content\/uploads\/2025\/12\/84015478.webp\" width=\"980\" height=\"559\" title=\"FIS-PRESIDENT: Johan Eliasch. Foto: Reuters\" alt=\"\" class=\"\" style=\"--aspect-ratio-image: 1.75; \"\/><\/p>\n<p>\n        FIS-PRESIDENT: Johan Eliasch. Foto: Reuters\n    <\/p>\n<p class=\"font-weight-bold m-font-weight-bold\" data-lab-font_weight=\"font-weight-bold\">I starten av <a href=\"https:\/\/www.dagbladet.no\/sport\/avslorer-snobekymring-rundt-ol\/83934811\" rel=\"nofollow noopener\" target=\"_blank\">desember uttalte <\/a>FIS-generalsekret\u00e6r Michel Vion at produksjon av kunstsn\u00f8 er en forutsetning for \u00e5 garantere gode OL-forhold.<\/p>\n<p>&#8211; Reservoaret i fjellsiden er tilsynelatende ferdigstilt, men de har enn\u00e5 ikke f\u00e5tt tillatelse til \u00e5 fylle innsj\u00f8en med vann. Et reservoar uten vann er ganske problematisk, sa han til nyhetsbyr\u00e5et AFP.<\/p>\n<p>        TRONDHEIM: Den polske langrennsut\u00f8veren Eliza Rucka-Michalek legger seg plutselig ned midt i l\u00f8ypa. Video: NRK, S\u00f8r\u00f8 Olsen\/Dagbladet TV-sporten<\/p>\n<p>Selskapet som har ansvar for byggearbeidene i forkant av OL, SiMiCo, svarte den gang at bruken av sn\u00f8kanoner ville starte uka etter.<\/p>\n<p class=\"font-weight-bold m-font-weight-bold\" data-lab-font_weight=\"font-weight-bold\">&#8211; De lave temperaturene i Livigno gj\u00f8r at vi tar dette med ro. Dette vil absolutt ikke bli noe problem, sa SiMiCos daglige leder Fabio Massimo Saldini til AFP.<\/p>\n<p>18 dager etter denne uttalelsen har selskapet fortsatt ikke startet produksjonen av kunstsn\u00f8, if\u00f8lge Bild.<\/p>\n","protected":false},"excerpt":{"rendered":"FIS-presidenten: Sn\u00f8bekymringer i Italia bare 47 dager f\u00f8r vinter-OL. OL-ARENA: Alegget som skal huse snowboard og friski. Bildet&hellip;\n","protected":false},"author":2,"featured_media":118846,"comment_status":"","ping_status":"","sticky":false,"template":"","format":"standard","meta":{"footnotes":""},"categories":[12],"tags":[20,21,24,25,15,1242,22,23,13,30,28,29,14,16,83,26,27,42,3428,399,43,44,45],"class_list":{"0":"post-118845","1":"post","2":"type-post","3":"status-publish","4":"format-standard","5":"has-post-thumbnail","7":"category-verden","8":"tag-breaking-news","9":"tag-breakingnews","10":"tag-featured-news","11":"tag-featurednews","12":"tag-headlines","13":"tag-italia","14":"tag-latest-news","15":"tag-latestnews","16":"tag-news","17":"tag-no","18":"tag-norge","19":"tag-norway","20":"tag-nyheter","21":"tag-overskrifter","22":"tag-sport","23":"tag-top-stories","24":"tag-topstories","25":"tag-verden","26":"tag-vinter-ol","27":"tag-vintersport","28":"tag-world","29":"tag-world-news","30":"tag-worldnews"},"share_on_mastodon":{"url":"https:\/\/pubeurope.com\/@no\/115757596605172057","error":""},"_links":{"self":[{"href":"https:\/\/www.europesays.com\/no\/wp-json\/wp\/v2\/posts\/118845","targetHints":{"allow":["GET"]}}],"collection":[{"href":"https:\/\/www.europesays.com\/no\/wp-json\/wp\/v2\/posts"}],"about":[{"href":"https:\/\/www.europesays.com\/no\/wp-json\/wp\/v2\/types\/post"}],"author":[{"embeddable":true,"href":"https:\/\/www.europesays.com\/no\/wp-json\/wp\/v2\/users\/2"}],"replies":[{"embeddable":true,"href":"https:\/\/www.europesays.com\/no\/wp-json\/wp\/v2\/comments?post=118845"}],"version-history":[{"count":0,"href":"https:\/\/www.europesays.com\/no\/wp-json\/wp\/v2\/posts\/118845\/revisions"}],"wp:featuredmedia":[{"embeddable":true,"href":"https:\/\/www.europesays.com\/no\/wp-json\/wp\/v2\/media\/118846"}],"wp:attachment":[{"href":"https:\/\/www.europesays.com\/no\/wp-json\/wp\/v2\/media?parent=118845"}],"wp:term":[{"taxonomy":"category","embeddable":true,"href":"https:\/\/www.europesays.com\/no\/wp-json\/wp\/v2\/categories?post=118845"},{"taxonomy":"post_tag","embeddable":true,"href":"https:\/\/www.europesays.com\/no\/wp-json\/wp\/v2\/tags?post=118845"}],"curies":[{"name":"wp","href":"https:\/\/api.w.org\/{rel}","templated":true}]}}