{"id":118853,"date":"2025-12-21T12:45:12","date_gmt":"2025-12-21T12:45:12","guid":{"rendered":"https:\/\/www.europesays.com\/no\/118853\/"},"modified":"2025-12-21T12:45:12","modified_gmt":"2025-12-21T12:45:12","slug":"nyheter-politi-to-trailere-kolliderte-front-mot-front-pa-e6","status":"publish","type":"post","link":"https:\/\/www.europesays.com\/no\/118853\/","title":{"rendered":"Nyheter, Politi | To trailere kolliderte front mot front p\u00e5 E6"},"content":{"rendered":"\n<p>If\u00f8lge politiet i Nordland er E6 stengt klokken 12.20.<\/p>\n<p>Kollisjonen har skjedd ved Skillvassbakk i Hamar\u00f8y.<\/p>\n<p>\u2013 Melding om to trailere som har kj\u00f8rt i hverandre, front mot front, melder operasjonsleder Remi Johansen.<\/p>\n<p>P\u00e5 samme tidspunkt er veien stengt og skadestedet sikret.<\/p>\n<p>   <img decoding=\"async\" width=\"4000\" height=\"3000\" fetchpriority=\"low\"  loading=\"lazy\"  src=\"https:\/\/www.europesays.com\/no\/wp-content\/uploads\/2025\/12\/dji_fly_20251221_124704_0058_1766317926312_photo_beautify.jpg\" alt=\"default\" class=\"brick-c-cFOWSL\" style=\"--brick-image-ratio: 4000 \/ 3000;\"\/><\/p>\n<p>      Det er sv\u00e6rt glatt p\u00e5 stedet.<br \/>\n      Foto: Frode Jenssen\n    <\/p>\n<p>Begge f\u00f8rere er ute av kj\u00f8ret\u00f8yet.<\/p>\n<p>Ogs\u00e5 Statens vegvesen melder om kollisjonen og at veien er stengt klokken 12.30.<\/p>\n<p>Klokken 12.30 melder politiet at trafikken er stanset ved Ulsv\u00e5g som ligger et godt stykke unna ulykkesstedet.<\/p>\n<p>&#8211; \u00d8nskelig at trafikk fra andre siden stopper i god avstand fra ulykkesstedet, melder Johansen.<\/p>\n<p>Han p\u00e5peker at n\u00f8detatene har meldt at det er sv\u00e6rt glatt p\u00e5 stedet og den ene vogntoget st\u00e5r midt i veien.<\/p>\n<p>   <img decoding=\"async\" width=\"4032\" height=\"3024\" fetchpriority=\"low\"  loading=\"lazy\"  src=\"https:\/\/www.europesays.com\/no\/wp-content\/uploads\/2025\/12\/IMG_7616+%281%29.JPG\" alt=\"\" class=\"brick-c-cFOWSL\" style=\"--brick-image-ratio: 4032 \/ 3024;\"\/><\/p>\n<p>      Politiet ber rett etter ulykken bilistene om \u00e5 stanse et godt stykke unna.<br \/>\n      Foto: Frode Jenssen\n    <\/p>\n<p>Politiet melder klokken 13.29 at det fremst\u00e5r som at det ene kj\u00f8ret\u00f8yet har f\u00e5tt sleng p\u00e5 henger og truffet motg\u00e5ende.<\/p>\n<p>Det er ingen mistanke om ruskj\u00f8ring.<\/p>\n","protected":false},"excerpt":{"rendered":"If\u00f8lge politiet i Nordland er E6 stengt klokken 12.20. Kollisjonen har skjedd ved Skillvassbakk i Hamar\u00f8y. \u2013 Melding&hellip;\n","protected":false},"author":2,"featured_media":118854,"comment_status":"","ping_status":"","sticky":false,"template":"","format":"standard","meta":{"footnotes":""},"categories":[10],"tags":[36,20,21,834,24,25,15,22,23,13,30,28,29,14,16,254,1510,26,27],"class_list":{"0":"post-118853","1":"post","2":"type-post","3":"status-publish","4":"format-standard","5":"has-post-thumbnail","7":"category-norge","8":"tag-art","9":"tag-breaking-news","10":"tag-breakingnews","11":"tag-e6","12":"tag-featured-news","13":"tag-featurednews","14":"tag-headlines","15":"tag-latest-news","16":"tag-latestnews","17":"tag-news","18":"tag-no","19":"tag-norge","20":"tag-norway","21":"tag-nyheter","22":"tag-overskrifter","23":"tag-politi","24":"tag-story","25":"tag-top-stories","26":"tag-topstories"},"share_on_mastodon":{"url":"https:\/\/pubeurope.com\/@no\/115757627675836292","error":""},"_links":{"self":[{"href":"https:\/\/www.europesays.com\/no\/wp-json\/wp\/v2\/posts\/118853","targetHints":{"allow":["GET"]}}],"collection":[{"href":"https:\/\/www.europesays.com\/no\/wp-json\/wp\/v2\/posts"}],"about":[{"href":"https:\/\/www.europesays.com\/no\/wp-json\/wp\/v2\/types\/post"}],"author":[{"embeddable":true,"href":"https:\/\/www.europesays.com\/no\/wp-json\/wp\/v2\/users\/2"}],"replies":[{"embeddable":true,"href":"https:\/\/www.europesays.com\/no\/wp-json\/wp\/v2\/comments?post=118853"}],"version-history":[{"count":0,"href":"https:\/\/www.europesays.com\/no\/wp-json\/wp\/v2\/posts\/118853\/revisions"}],"wp:featuredmedia":[{"embeddable":true,"href":"https:\/\/www.europesays.com\/no\/wp-json\/wp\/v2\/media\/118854"}],"wp:attachment":[{"href":"https:\/\/www.europesays.com\/no\/wp-json\/wp\/v2\/media?parent=118853"}],"wp:term":[{"taxonomy":"category","embeddable":true,"href":"https:\/\/www.europesays.com\/no\/wp-json\/wp\/v2\/categories?post=118853"},{"taxonomy":"post_tag","embeddable":true,"href":"https:\/\/www.europesays.com\/no\/wp-json\/wp\/v2\/tags?post=118853"}],"curies":[{"name":"wp","href":"https:\/\/api.w.org\/{rel}","templated":true}]}}