{"id":118863,"date":"2025-12-21T13:04:27","date_gmt":"2025-12-21T13:04:27","guid":{"rendered":"https:\/\/www.europesays.com\/no\/118863\/"},"modified":"2025-12-21T13:04:27","modified_gmt":"2025-12-21T13:04:27","slug":"horer-til-sjeldenhetene","status":"publish","type":"post","link":"https:\/\/www.europesays.com\/no\/118863\/","title":{"rendered":"&#8211; H\u00f8rer til sjeldenhetene"},"content":{"rendered":"<p class=\"kicker bg-cyan color_mobile_bg-cyan text-black hasTextPadding mobile-hasTextPadding\" style=\"\">Uvanlig syn:<\/p>\n<p>  Uvanlig mildt v\u00e6r merkes godt av flere av de st\u00f8rste skidestinasjonene f\u00f8r juleferien. Samtidig er forholdene bedre enkelte steder enn andre.<\/p>\n<p>\n    BEDRE F\u00d8R: Flere av skidestinasjonene bekrefter at de kjenner p\u00e5 mildv\u00e6ret som skyller over store deler av landet, og at det er vanskligere forhold enn tidligere. Her fra l\u00f8ypa mot Prestholtseter p\u00e5 Geilo. Foto: Geilo Sti- og L\u00f8ypelag\n  <\/p>\n<p>    Kort fortalt<\/p>\n<p lang=\"nb-NO\">Mildv\u00e6r og is har f\u00f8rt til mangel p\u00e5 sn\u00f8 i R\u00f8ros, kjent for sin julestemning.<\/p>\n<p lang=\"nb-NO\">L\u00f8ypef\u00f8rer Ove Klemmetvold uttrykte bekymring over situasjonen i Dagbladet.<\/p>\n<p lang=\"nb-NO\">Geilo har klart \u00e5 lage brukbare skil\u00f8yper ved \u00e5 dosere sn\u00f8 fra andre steder, men merker at mildv\u00e6ret p\u00e5virker forholdene.\u00a0<\/p>\n<p lang=\"nb-NO\">Hafjell mener det blir godt skif\u00f8re til jul i l\u00f8ypene i h\u00f8ylandet.\u00a0<\/p>\n<p class=\"italic ai-disclaimer\" data-lab-italic=\"italic\">Sammendraget er laget av ChatGPT og godkjent av DinSide.<\/p>\n<p>      Vis mer<br \/>\n      Vis mindre<\/p>\n<p> &#8211; Skiforholdene er jo ikke bra i det hele tatt. \u00c5 lage skil\u00f8yper ute i terrenget, det er vanskelig n\u00e5, sier daglig leder og l\u00f8ypef\u00f8rer i Geilo Sti- og L\u00f8ypelag, Morten Mowinckel, til DinSide. <\/p>\n<p>Konsekvensene av mildv\u00e6ret som har preget store deler av landet f\u00e5r ogs\u00e5 flere av de store skidestinasjonene kjenne p\u00e5 i disse dager.\u00a0<\/p>\n<p>Samtidig legger\u00a0Mowinckel til at situasjonen hos dem ikke er like ille som i julebyen R\u00f8ros &#8211; der de n\u00e5 st\u00e5r uten noe som helst skif\u00f8re like f\u00f8r jul.\u00a0<\/p>\n<p>L\u00f8rdag uttrykte l\u00f8ypef\u00f8rer\u00a0Ove Klemmetvold i R\u00f8ros tur- og l\u00f8ypeforening sin fortvilelse over situasjonen i Dagbladet, og <a href=\"https:\/\/dinside.dagbladet.no\/fritid\/det-er-ikke-noe-vits\/84007615\" target=\"_blank\" rel=\"nofollow noopener\">fortalte at han aldri f\u00f8r har opplevd s\u00e5 lite sn\u00f8 i R\u00f8ros i desember<\/a>.\u00a0<\/p>\n<p>    <a itemprop=\"url\" href=\"https:\/\/dinside.dagbladet.no\/fritid\/det-er-ikke-noe-vits\/84007615\" rel=\"nofollow noopener\" target=\"_blank\"><\/p>\n<p>        <img loading=\"lazy\" decoding=\"async\" src=\"https:\/\/www.europesays.com\/no\/wp-content\/uploads\/2025\/12\/1766322262_8_84010687.webp\" width=\"980\" height=\"441\" title=\"- Det er ikke noe vits\" alt=\"\" class=\"lazyload\" style=\"--aspect-ratio-image: 2.22; \"\/><\/p>\n<p>        &#8211; Det er ikke noe vits<\/p>\n<p>    <\/a><\/p>\n<p>P\u00e5 Geilo har de derimot litt mer \u00e5 g\u00e5 p\u00e5.<\/p>\n<p> &#8211; Vi har gjort en god jobb med grunnprepareringen, slik at vi blant annet har klart \u00e5 lage en s\u00e5le ved en av l\u00f8ypene som ligger mot Prestholtseter, der hvor underlaget er en h\u00f8yfjellsvei. Der har vi f\u00e5tt hentet inn en del sn\u00f8 fra andre steder, slik at vi har f\u00e5tt en brukbar skil\u00f8ype, forklarer l\u00f8ypef\u00f8reren p\u00e5 Geilo.\u00a0<\/p>\n<p>    <a itemprop=\"url\" href=\"https:\/\/dinside.dagbladet.no\/motor\/advarer-skaper-alvorlige-ulykker\/84010252\" rel=\"nofollow noopener\" target=\"_blank\"><\/p>\n<p>        <img loading=\"lazy\" decoding=\"async\" src=\"https:\/\/www.europesays.com\/no\/wp-content\/uploads\/2025\/12\/84011396.webp\" width=\"147\" height=\"98\" title=\"- Skaper alvorlige ulykker\" alt=\"\" class=\"lazyload\" style=\"--aspect-ratio-image: 1.50; \"\/><\/p>\n<p>        &#8211; Skaper alvorlige ulykker<\/p>\n<p>    <\/a><\/p>\n<p>Det er ogs\u00e5 flere andre l\u00f8yper ved tettstedet der det har lagt seg sn\u00f8, slik som en av de mest popul\u00e6re som g\u00e5r rundt Ustedalsfjorden, if\u00f8lge Mowinckel.\u00a0<\/p>\n<p> &#8211; Det er mulig \u00e5 g\u00e5 p\u00e5 ski, men det er nok ikke noe bra \u00e5 g\u00e5 der. <\/p>\n<p>        <img loading=\"lazy\" decoding=\"async\" src=\"https:\/\/www.europesays.com\/no\/wp-content\/uploads\/2025\/12\/84014822.webp\" width=\"686\" height=\"858\" title=\"D\u00c5RLIGERE: Daglig leder i Geilo Sti- og L\u00f8ypelag skildrer ikke \u00e5rets l\u00f8yper som s\u00e6rlig gode. I l\u00f8ypene ved Prestholtseter og opp mot Budalen har de likevel klart \u00e5 preparere en brukbar l\u00f8ype p\u00e5 grunn av underlaget, men i terrenget er det vanskelig \u00e5 f\u00e5 til gode forhold, if\u00f8lge Mowinckel. Foto Geilo Sti- og L\u00f8ypelag\" alt=\"\" class=\"\" style=\"--aspect-ratio-image: 0.80; \"\/><\/p>\n<p>\n        D\u00c5RLIGERE: Daglig leder i Geilo Sti- og L\u00f8ypelag skildrer ikke \u00e5rets l\u00f8yper som s\u00e6rlig gode. I l\u00f8ypene ved Prestholtseter og opp mot Budalen har de likevel klart \u00e5 preparere en brukbar l\u00f8ype p\u00e5 grunn av underlaget, men i terrenget er det vanskelig \u00e5 f\u00e5 til gode forhold, if\u00f8lge Mowinckel. Foto Geilo Sti- og L\u00f8ypelag\n    <\/p>\n<p>&#8211; Koster mer\t<\/p>\n<p>L\u00f8ypekj\u00f8reren forklarer at det er mindre sn\u00f8 enn vanlig i \u00e5r, men at det ikke er f\u00f8rste gang de st\u00e5r uten hvitdekt bakke flere steder i forkant av jula.\u00a0<\/p>\n<p>&#8211; I fjor var det ogs\u00e5 veldig d\u00e5rlig. Men tilstanden n\u00e5 h\u00f8rer til sjeldenhetene, og det merkes at det koster mer. Det er jo ikke gratis \u00e5 kj\u00f8re med tr\u00e5kkemaskin, diesel og ha folk som kan gj\u00f8re det. Vi jobber p\u00e5, men vi kommer jo ingen vei uten sn\u00f8. <\/p>\n<p>  <a id=\"topic-banner-link\" href=\"#\" target=\"_blank\" rel=\"noopener noreferrer\"><br \/>\n    <img decoding=\"async\" id=\"topic-banner-image\" src=\"\" alt=\"\" style=\"max-width:100%; height:auto; border-radius:8px; transition:filter 0.3s ease;\"\/><br \/>\n  <\/a><\/p>\n<p>Han f\u00f8ler derfor med l\u00f8ypef\u00f8rerne og skil\u00f8perne p\u00e5 R\u00f8ros.<\/p>\n<p>&#8211; Der ser det jo ikke ut som at det er s\u00e5 mye \u00e5 jobbe med. Det er kjempesynd og trist, sier Mowinckel.\u00a0<\/p>\n<p>        <img loading=\"lazy\" decoding=\"async\" src=\"https:\/\/www.europesays.com\/no\/wp-content\/uploads\/2025\/12\/84014826.webp\" width=\"980\" height=\"559\" title=\"GLISSENT: Slik ser det ut p\u00e5 R\u00f8ros helga f\u00f8r jul. L\u00f8ypeprepper Ove Klemmetvold i R\u00f8ros tur- og l\u00f8ypeforening har kj\u00f8rt skil\u00f8yper i 15 \u00e5r. Dette har han aldri sett f\u00f8r. Foto: Therese Doksheim Skaug \/ Dagbladet\" alt=\"\" class=\"\" style=\"--aspect-ratio-image: 1.75; \"\/><\/p>\n<p>\n        GLISSENT: Slik ser det ut p\u00e5 R\u00f8ros helga f\u00f8r jul. L\u00f8ypeprepper Ove Klemmetvold i R\u00f8ros tur- og l\u00f8ypeforening har kj\u00f8rt skil\u00f8yper i 15 \u00e5r. Dette har han aldri sett f\u00f8r. Foto: Therese Doksheim Skaug \/ Dagbladet\n    <\/p>\n<p>Likevel forsikrer alts\u00e5 l\u00f8ypef\u00f8reren om at det blir skif\u00f8re i jula for de som skal til Geilo.<\/p>\n<p>&#8211; Men mange m\u00e5 med andre ord sette seg i bilen for \u00e5 komme seg til disse l\u00f8ypene.\u00a0<\/p>\n<p>    <a itemprop=\"url\" href=\"https:\/\/dinside.dagbladet.no\/fritid\/har-endret-seg\/84003990\" rel=\"nofollow noopener\" target=\"_blank\"><\/p>\n<p>        <img loading=\"lazy\" decoding=\"async\" src=\"https:\/\/www.europesays.com\/no\/wp-content\/uploads\/2025\/12\/84004025.webp\" width=\"980\" height=\"441\" title=\"Har endret seg\" alt=\"\" class=\"lazyload\" style=\"--aspect-ratio-image: 2.22; \"\/><\/p>\n<p>        Har endret seg<\/p>\n<p>    <\/a><\/p>\n<p> &#8211; Mange som sliter\t<\/p>\n<p>Klimaforsker\u00a0ved Meteorologisk institutt, Reidun Gangst\u00f8, har tidligere forklart til Dagbladet at det er <a href=\"https:\/\/dinside.dagbladet.no\/fritid\/det-er-ikke-noe-vits\/84007615\" target=\"_blank\" rel=\"nofollow noopener\">uvanlig mildt over nesten hele landet<\/a>, med unntak av de nordligste fylkene. <\/p>\n<p>Det merker de ogs\u00e5 ved skidestinasjonen Hafjell i \u00d8yer kommune.\u00a0<\/p>\n<p>&#8211; Vi er jo ikke fredet for mildv\u00e6r vi heller, sier l\u00f8ypekj\u00f8rer og daglig leder i \u00d8yer Turskil\u00f8yper, Jo Stenersen.\u00a0<\/p>\n<p>    <a itemprop=\"url\" href=\"https:\/\/dinside.dagbladet.no\/okonomi\/radyr-svenskehandel\/84009320\" rel=\"nofollow noopener\" target=\"_blank\"><\/p>\n<p>        <img loading=\"lazy\" decoding=\"async\" src=\"https:\/\/www.europesays.com\/no\/wp-content\/uploads\/2025\/12\/84009591.webp\" width=\"147\" height=\"98\" title=\"R\u00e5dyr svenske\u00adhandel\" alt=\"\" class=\"lazyload\" style=\"--aspect-ratio-image: 1.50; \"\/><\/p>\n<p>        R\u00e5dyr svenske\u00adhandel<\/p>\n<p>    <\/a><\/p>\n<p>Situasjonen er likevel noe mer positiv der, skal vi tro Stenersen.\u00a0<\/p>\n<p>&#8211; Vi har gode forhold, og skal f\u00e5 til fine forhold til jul ogs\u00e5. N\u00e5 begynner vi ogs\u00e5 \u00e5 f\u00e5 opp flere og flere terrengl\u00f8yper, som ogs\u00e5 blir bedre n\u00e5 n\u00e5r vi forh\u00e5pentligvis f\u00e5r litt mer frost.\u00a0<\/p>\n<p>        NY TAPPEKRAN: Flere har slitt med tappekrana p\u00e5 pappvinen i sommer. Vi har f\u00e5tt en oppklaring p\u00e5 hvordan den skal brukes. Video: Embla Hjort-Larsen. <\/p>\n<p>L\u00f8ypekj\u00f8reren ansl\u00e5r at rundt 70 prosent av deres l\u00f8yper vil v\u00e6re \u00e5pne til jul.\u00a0<\/p>\n<p>&#8211; S\u00e5 her er det litt \u00e5 velge i, sier Stenersen samtidig som at han legger til at du ogs\u00e5 der m\u00e5 opp i h\u00f8yden for \u00e5 f\u00e5 de mest ideelle forholdene.\u00a0<\/p>\n<p>Ogs\u00e5 han synes det er synd at mildv\u00e6ret har g\u00e5tt hardere ut over flere steder p\u00e5 s\u00e6rlig \u00d8stlandet og Midt-Norge, deriblant R\u00f8ros.\u00a0<\/p>\n<p>&#8211; Det er mange som sliter n\u00e5, b\u00e5de i alpintbakkene og i langrennsl\u00f8ypene. Jeg har medlidenhet for dem, men det er jo dessverre lite \u00e5 f\u00e5 gjort med det.\u00a0<\/p>\n","protected":false},"excerpt":{"rendered":"Uvanlig syn: Uvanlig mildt v\u00e6r merkes godt av flere av de st\u00f8rste skidestinasjonene f\u00f8r juleferien. Samtidig er forholdene&hellip;\n","protected":false},"author":2,"featured_media":118864,"comment_status":"","ping_status":"","sticky":false,"template":"","format":"standard","meta":{"footnotes":""},"categories":[10],"tags":[20,21,24,25,728,10287,5327,15,5593,22,23,13,30,28,29,14,16,3847,3650,7569,26,27,6263],"class_list":{"0":"post-118863","1":"post","2":"type-post","3":"status-publish","4":"format-standard","5":"has-post-thumbnail","7":"category-norge","8":"tag-breaking-news","9":"tag-breakingnews","10":"tag-featured-news","11":"tag-featurednews","12":"tag-fritid","13":"tag-geilo","14":"tag-hafjell","15":"tag-headlines","16":"tag-jul","17":"tag-latest-news","18":"tag-latestnews","19":"tag-news","20":"tag-no","21":"tag-norge","22":"tag-norway","23":"tag-nyheter","24":"tag-overskrifter","25":"tag-roros","26":"tag-ski","27":"tag-skiloype","28":"tag-top-stories","29":"tag-topstories","30":"tag-vinter"},"share_on_mastodon":{"url":"https:\/\/pubeurope.com\/@no\/115757702604847704","error":""},"_links":{"self":[{"href":"https:\/\/www.europesays.com\/no\/wp-json\/wp\/v2\/posts\/118863","targetHints":{"allow":["GET"]}}],"collection":[{"href":"https:\/\/www.europesays.com\/no\/wp-json\/wp\/v2\/posts"}],"about":[{"href":"https:\/\/www.europesays.com\/no\/wp-json\/wp\/v2\/types\/post"}],"author":[{"embeddable":true,"href":"https:\/\/www.europesays.com\/no\/wp-json\/wp\/v2\/users\/2"}],"replies":[{"embeddable":true,"href":"https:\/\/www.europesays.com\/no\/wp-json\/wp\/v2\/comments?post=118863"}],"version-history":[{"count":0,"href":"https:\/\/www.europesays.com\/no\/wp-json\/wp\/v2\/posts\/118863\/revisions"}],"wp:featuredmedia":[{"embeddable":true,"href":"https:\/\/www.europesays.com\/no\/wp-json\/wp\/v2\/media\/118864"}],"wp:attachment":[{"href":"https:\/\/www.europesays.com\/no\/wp-json\/wp\/v2\/media?parent=118863"}],"wp:term":[{"taxonomy":"category","embeddable":true,"href":"https:\/\/www.europesays.com\/no\/wp-json\/wp\/v2\/categories?post=118863"},{"taxonomy":"post_tag","embeddable":true,"href":"https:\/\/www.europesays.com\/no\/wp-json\/wp\/v2\/tags?post=118863"}],"curies":[{"name":"wp","href":"https:\/\/api.w.org\/{rel}","templated":true}]}}