{"id":118865,"date":"2025-12-21T13:10:11","date_gmt":"2025-12-21T13:10:11","guid":{"rendered":"https:\/\/www.europesays.com\/no\/118865\/"},"modified":"2025-12-21T13:10:11","modified_gmt":"2025-12-21T13:10:11","slug":"israel-har-godkjent-19-nye-bosetninger-pa-vestbredden","status":"publish","type":"post","link":"https:\/\/www.europesays.com\/no\/118865\/","title":{"rendered":"Israel har godkjent 19 nye bosetninger p\u00e5 Vestbredden"},"content":{"rendered":"\n<p class=\"_lead_o9xde_2 _lead_xtcu6_50 layout-component text-serif-m layout-normal text-serif-l layout-component layout-wide layout-padded _wide_17hqh_1 layout-padded\">Statsminister Benjamin Netanyahus regjering har godkjent opprettelse av 19 nye israelske bosetninger p\u00e5 den okkuperte Vestbredden. <\/p>\n<p>En palestinsk bonde gjeter sauer utenfor den israelske bosetningen Har Homa p\u00e5 den okkuperte Vestbredden.  Foto: AP \/ NTB<\/p>\n<ul aria-hidden=\"true\" class=\"_images_ntbth_112\">\n<li><a class=\"_link_ntbth_117\" href=\"https:\/\/www.vg.no\/forfatter\/ntb\" style=\"z-index:1\" title=\"NTB\" rel=\"nofollow noopener\" target=\"_blank\"><img alt=\"Bilde av NTB\" class=\"_image_ntbth_93\" fetchpriority=\"low\" loading=\"lazy\" decoding=\"async\" itemprop=\"image\"  src=\"https:\/\/www.europesays.com\/no\/wp-content\/uploads\/2025\/12\/1766322611_744_c33980b0-5d07-4027-84a1-813f90a7c8d6\"  width=\"480\"\/><\/a><\/li>\n<\/ul>\n<p> Oppdatert s\u00f8ndag 21. desember kl. 13:34     <\/p>\n<p class=\"_paragraph_o9xde_4 _paragraph_xtcu6_10 layout-component text-serif-m layout-normal text-serif-m layout-padded\">Alt i forrige uke ble det meldt at planen om \u00e5 etablere 19 nye bosetninger var godkjent, men det har ikke kommet noen offisiell kunngj\u00f8ring om dette.<\/p>\n<p class=\"_paragraph_o9xde_4 _paragraph_xtcu6_10 layout-component text-serif-m layout-normal text-serif-m layout-padded\">S\u00f8ndag kom bekreftelsen i form av et innlegg p\u00e5 X fra <a href=\"https:\/\/www.vg.no\/tag\/israel?utm_source=vg-article&amp;utm_medium=auto-tagger&amp;utm_campaign=L4AldJ\" class=\"_link_o9xde_39\" rel=\"nofollow noopener\" target=\"_blank\">Israels<\/a> finansminister Bezalel Smotrich. <\/p>\n<p class=\"_paragraph_o9xde_4 _paragraph_xtcu6_10 layout-component text-serif-m layout-normal text-serif-m layout-padded\">\u2013 Regjeringen har godkjent forslaget, fremmet av meg sammen med min venn, forsvarsminister Israel Katz, om \u00e5 erkl\u00e6re og organisere 19 nye bosetninger, skriver han. <\/p>\n<p class=\"_paragraph_o9xde_4 _paragraph_xtcu6_10 layout-component text-serif-m layout-normal text-serif-m layout-padded\">Fem av de 19 bosetningene eksisterer fra f\u00f8r, men f\u00e5r n\u00e5 juridisk status som bosetning, opplyser Smotrich. <\/p>\n<p class=\"_paragraph_o9xde_4 _paragraph_xtcu6_10 layout-component text-serif-m layout-normal text-serif-m layout-padded\">If\u00f8lge ham er det dermed godkjent hele 69 nye bosetninger p\u00e5 Vestbredden de siste tre \u00e5rene. <\/p>\n<p>Ulovlige<\/p>\n<p class=\"_paragraph_o9xde_4 _paragraph_xtcu6_10 layout-component text-serif-m layout-normal text-serif-m layout-padded\"> If\u00f8lge den norskst\u00f8ttede <a href=\"https:\/\/peacenow.org.il\/en\/israels-security-cabinet-decided-to-establish-19-new-settlements\" class=\"_link_o9xde_39\" rel=\"nofollow noopener\" target=\"_blank\">israelske fredsorganisasjonen Peace Now<\/a> , som overv\u00e5ker Israels byggeaktivitet i de okkuperte palestinske omr\u00e5dene, har antallet godkjente bosetninger n\u00e5 \u00f8kt til 210. <\/p>\n<p class=\"_paragraph_o9xde_4 _paragraph_xtcu6_10 layout-component text-serif-m layout-normal text-serif-m layout-padded\">I tillegg til disse kommer over 220 s\u00e5kalte utposter der grupper av bosettere bor i konteinerhus, som oftest voktet av israelske soldater. De fleste bosetningene har begynt som slike utposter. <\/p>\n<p class=\"_paragraph_o9xde_4 _paragraph_xtcu6_10 layout-component text-serif-m layout-normal text-serif-m layout-padded\"> FNs sikkerhetsr\u00e5d slo <a href=\"https:\/\/www.un.org\/webcast\/pdfs\/SRES2334-2016.pdf\" class=\"_link_o9xde_39\" rel=\"nofollow noopener\" target=\"_blank\"> i 2016 fast <\/a> at de israelske bosetningene og utpostene er ulovlige og krevde at all byggeaktivitet i dem straks m\u00e5 stanse.<\/p>\n<p>Hindrer palestinsk stat<\/p>\n<p class=\"_paragraph_o9xde_4 _paragraph_xtcu6_10 layout-component text-serif-m layout-normal text-serif-m layout-padded\">157 av FNs 193 medlemsland, blant dem Norge, har n\u00e5 anerkjent Palestina som selvstendig stat.<\/p>\n<p class=\"_paragraph_o9xde_4 _paragraph_xtcu6_10 layout-component text-serif-m layout-normal text-serif-m layout-padded\">Smotrich understreker at utvidelse av de ulovlige bosetningene skjer for \u00e5 hindre at en slik stat noensinne blir en realitet. <\/p>\n<p class=\"_paragraph_o9xde_4 _paragraph_xtcu6_10 layout-component text-serif-m layout-normal text-serif-m layout-padded\">\u2013 Vi blokkerer n\u00e5 opprettelsen av en palestinsk terrorstat, skriver han p\u00e5 X. <\/p>\n<p class=\"_paragraph_o9xde_4 _paragraph_xtcu6_10 layout-component text-serif-m layout-normal text-serif-m layout-padded\">Israels forsvarsminister Israel Katz understreket det samme tidligere i \u00e5r. <\/p>\n<p class=\"_paragraph_o9xde_4 _paragraph_xtcu6_10 layout-component text-serif-m layout-normal text-serif-m layout-padded\">\u2013 De vil anerkjenne en palestinsk stat p\u00e5 papiret, men vi kommer til \u00e5 bygge den j\u00f8diske israelske staten her p\u00e5 bakken, slo han fast i mai. <\/p>\n<p>Ford\u00f8mmer<\/p>\n<p class=\"_paragraph_o9xde_4 _paragraph_xtcu6_10 layout-component text-serif-m layout-normal text-serif-m layout-padded\">FNs generalsekret\u00e6r Ant\u00f3nio Guterres ford\u00f8mte nylig det han beskrev som Israels \u00abn\u00e5del\u00f8se\u00bb utvidelse av bosetninger i de okkuperte omr\u00e5dene. <\/p>\n<p class=\"_paragraph_o9xde_4 _paragraph_xtcu6_10 layout-component text-serif-m layout-normal text-serif-m layout-padded\">\u2013 De fortsetter \u00e5 fyre opp under spenningene, hindrer palestinernes tilgang til sitt land og true levedyktigheten til en fullstendig uavhengig, demokratisk, sammenhengende og suveren palestinsk stat, sa han tidligere i m\u00e5neden. <\/p>\n<p class=\"_paragraph_o9xde_4 _paragraph_xtcu6_10 layout-component text-serif-m layout-normal text-serif-m layout-padded\">FN la i forrige uke fram en rapport som viser at bosetningene n\u00e5 vokser raskere enn noen gang siden 2017, da de begynte \u00e5 registrere veksten.<\/p>\n<p class=\"_paragraph_o9xde_4 _paragraph_xtcu6_10 layout-component text-serif-m layout-normal text-serif-m layout-padded\">\u2013 Denne utviklingene forsterker den ulovlige israelske okkupasjonen ytterligere, er et brudd p\u00e5 folkeretten og undergraver det palestinske folkets rett til selvbestemmelse, sl\u00e5r Guterres fast. <\/p>\n<p>Trump advarer<\/p>\n<p class=\"_paragraph_o9xde_4 _paragraph_xtcu6_10 layout-component text-serif-m layout-normal text-serif-m layout-padded\">Smotrich, som selv er bosetter og tilh\u00f8rer Det religi\u00f8se sionistpartiet, har lenge krevd at Israel annekterer hele den okkuperte Vestbredden.<\/p>\n<p class=\"_paragraph_o9xde_4 _paragraph_xtcu6_10 layout-component text-serif-m layout-normal text-serif-m layout-padded\">Det har USAs president Donald Trump advart mot.<\/p>\n<p class=\"_paragraph_o9xde_4 _paragraph_xtcu6_10 layout-component text-serif-m layout-normal text-serif-m layout-padded\">\u2013 Israel vil miste all sin st\u00f8tte fra USA hvis det skjer, sa Trump nylig i et intervju med Time magazine.<\/p>\n<p class=\"_paragraph_o9xde_4 _paragraph_xtcu6_10 layout-component text-serif-m layout-normal text-serif-m layout-padded\">I sin forrige presidentperiode anerkjente imidlertid Trump Israels anneksjon av de syriske Golanh\u00f8ydene, og han anerkjente ogs\u00e5 anneksjonen av \u00d8st-Jerusalem som har v\u00e6rt okkupert av Israel siden 1967. <\/p>\n","protected":false},"excerpt":{"rendered":"Statsminister Benjamin Netanyahus regjering har godkjent opprettelse av 19 nye israelske bosetninger p\u00e5 den okkuperte Vestbredden. En palestinsk&hellip;\n","protected":false},"author":2,"featured_media":118866,"comment_status":"","ping_status":"","sticky":false,"template":"","format":"standard","meta":{"footnotes":""},"categories":[12],"tags":[20,21,24,25,15,52,22,23,13,30,28,29,14,16,261,26,27,42,43,44,45],"class_list":{"0":"post-118865","1":"post","2":"type-post","3":"status-publish","4":"format-standard","5":"has-post-thumbnail","7":"category-verden","8":"tag-breaking-news","9":"tag-breakingnews","10":"tag-featured-news","11":"tag-featurednews","12":"tag-headlines","13":"tag-israel","14":"tag-latest-news","15":"tag-latestnews","16":"tag-news","17":"tag-no","18":"tag-norge","19":"tag-norway","20":"tag-nyheter","21":"tag-overskrifter","22":"tag-palestina","23":"tag-top-stories","24":"tag-topstories","25":"tag-verden","26":"tag-world","27":"tag-world-news","28":"tag-worldnews"},"share_on_mastodon":{"url":"https:\/\/pubeurope.com\/@no\/115757726458160479","error":""},"_links":{"self":[{"href":"https:\/\/www.europesays.com\/no\/wp-json\/wp\/v2\/posts\/118865","targetHints":{"allow":["GET"]}}],"collection":[{"href":"https:\/\/www.europesays.com\/no\/wp-json\/wp\/v2\/posts"}],"about":[{"href":"https:\/\/www.europesays.com\/no\/wp-json\/wp\/v2\/types\/post"}],"author":[{"embeddable":true,"href":"https:\/\/www.europesays.com\/no\/wp-json\/wp\/v2\/users\/2"}],"replies":[{"embeddable":true,"href":"https:\/\/www.europesays.com\/no\/wp-json\/wp\/v2\/comments?post=118865"}],"version-history":[{"count":0,"href":"https:\/\/www.europesays.com\/no\/wp-json\/wp\/v2\/posts\/118865\/revisions"}],"wp:featuredmedia":[{"embeddable":true,"href":"https:\/\/www.europesays.com\/no\/wp-json\/wp\/v2\/media\/118866"}],"wp:attachment":[{"href":"https:\/\/www.europesays.com\/no\/wp-json\/wp\/v2\/media?parent=118865"}],"wp:term":[{"taxonomy":"category","embeddable":true,"href":"https:\/\/www.europesays.com\/no\/wp-json\/wp\/v2\/categories?post=118865"},{"taxonomy":"post_tag","embeddable":true,"href":"https:\/\/www.europesays.com\/no\/wp-json\/wp\/v2\/tags?post=118865"}],"curies":[{"name":"wp","href":"https:\/\/api.w.org\/{rel}","templated":true}]}}