{"id":118867,"date":"2025-12-21T13:11:13","date_gmt":"2025-12-21T13:11:13","guid":{"rendered":"https:\/\/www.europesays.com\/no\/118867\/"},"modified":"2025-12-21T13:11:13","modified_gmt":"2025-12-21T13:11:13","slug":"hyperemesis-gravidarum-ekstrem-svangerskapskvalme","status":"publish","type":"post","link":"https:\/\/www.europesays.com\/no\/118867\/","title":{"rendered":"Hyperemesis gravidarum: Ekstrem svangerskapskvalme"},"content":{"rendered":"\n<ul class=\"_list_o9xde_3 _list_64s2r_85 _unordered_o9xde_106 text-sans-m\">\n<li class=\"_item_o9xde_30\">Linda Watten fra Stryn kjemper med hyperemesis gravidarum under sitt tredje svangerskap.<\/li>\n<li class=\"_item_o9xde_30\">Hun har i sine to tidligere graviditeter v\u00e6rt innlagt flere ganger og mister vekten kraftig, men lar seg ikke knekke.<\/li>\n<li class=\"_item_o9xde_30\">Til tross for daglig oppkast og vanskelige perioder, er h\u00e5per hun p\u00e5 \u00e5 n\u00e5 uke 37 av svangerskapet.<\/li>\n<\/ul>\n<p>Vis mer <\/p>\n<p class=\"_paragraph_o9xde_4 _paragraph_xtcu6_10 layout-component text-serif-m layout-normal text-serif-m layout-padded\">Slik beskriver Linda Watten fra <a href=\"https:\/\/www.vg.no\/tag\/stryn?utm_source=vg-article&amp;utm_medium=auto-tagger&amp;utm_campaign=Gx1p1Q\" class=\"_link_o9xde_39\" rel=\"nofollow noopener\" target=\"_blank\">Stryn<\/a> ekstrem svangerskapskvalme. <\/p>\n<p class=\"_paragraph_o9xde_4 _paragraph_xtcu6_10 layout-component text-serif-m layout-normal text-serif-m layout-padded\"><strong class=\"_strong_o9xde_25\">En sykdom som kan \u00f8delegge dr\u00f8mmen om barn.<\/strong><\/p>\n<p class=\"_paragraph_o9xde_4 _paragraph_xtcu6_10 layout-component text-serif-m layout-normal text-serif-m layout-padded\">Hyperemesis gravidarumHyperemesis gravidarumEn sykdom som f\u00f8rer til ekstrem kvalme og oppkast under graviditet.<\/p>\n<p> rammer bare 1\u20132 prosent av alle gravide kvinner i Norge. Men for dem som f\u00e5r det, kan det bli et mareritt som varer i m\u00e5neder.<\/p>\n<p>Hva er hyperemesis gravidarum? <\/p>\n<p class=\"_paragraph_o9xde_4 _paragraph_xtcu6_10 _paragraph_16v91_10 layout-component text-serif-m layout-normal text-sans-m layout-padded\">* Dette er en ekstrem form for kvalme og oppkast under graviditet. Hyperemesis verre enn vanlig morgenkvalme, og kan gj\u00f8re at man kaster opp mange ganger om dagen.<\/p>\n<p class=\"_paragraph_o9xde_4 _paragraph_xtcu6_10 _paragraph_16v91_10 layout-component text-serif-m layout-normal text-sans-m layout-padded\">* Forskere tror sykdommen kan v\u00e6re arvelig og at endringen i et gen kan v\u00e6re \u00e5rsaken.<\/p>\n<p class=\"_paragraph_o9xde_4 _paragraph_xtcu6_10 _paragraph_16v91_10 layout-component text-serif-m layout-normal text-sans-m layout-padded\">* Bare 1\u20132 prosent av gravide kvinner i Norge f\u00e5r hyperemesis gravidarum, 1\u20133 prosent p\u00e5 verdensbasis.<\/p>\n<p class=\"_paragraph_o9xde_4 _paragraph_xtcu6_10 _paragraph_16v91_10 layout-component text-serif-m layout-normal text-sans-m layout-padded\">* Det finnes ingen kur, men man kan f\u00e5 medisiner mot kvalme og hjelp til \u00e5 f\u00e5 i seg nok mat og drikke, ofte gjennom behandling p\u00e5 sykehus.<\/p>\n<p class=\"_paragraph_o9xde_4 _paragraph_xtcu6_10 _paragraph_16v91_10 layout-component text-serif-m layout-normal text-sans-m layout-padded\">* Det er ikke nok kunnskap om n\u00e5r kvalmen forsvinner for kvinner med sykdommen, men for Linda Watten forsvant den f\u00f8rst n\u00e5r babyen og morkaken var f\u00f8dt ut.<\/p>\n<p>Vis mer<\/p>\n<p class=\"_paragraph_o9xde_4 _paragraph_xtcu6_10 layout-component text-serif-m layout-normal text-serif-m layout-padded\">Linda har allerede g\u00e5tt igjennom to graviditeter med sykdommen, men \u00f8nsket om et tredje barn var sterkere enn plagene. <\/p>\n<p> Flere innleggelser <\/p>\n<p class=\"_paragraph_o9xde_4 _paragraph_xtcu6_10 layout-component text-serif-m layout-normal text-serif-m layout-padded\">I sine to tidligere svangerskap har Linda f\u00e5tt diagnosen og v\u00e6rt innlagt flere ganger p\u00e5 sykehus grunnet v\u00e6ske- og n\u00e6ringsmangel. <\/p>\n<p><img alt=\"Hun har v\u00e6rt innlagt p\u00e5 sykehus flere ganger p\u00e5 grunn av v\u00e6ske- og n\u00e6ringsmangel etter konstant kvalme og oppkast.  Foto: Privat\" class=\"_image_qp4xg_65 layout-component layout-normal\" data-fullscreen- data-track-element-type=\"Article image fullscreen\" data-track-name=\"ImageFullscreen\" decoding=\"async\" loading=\"lazy\" height=\"1104\" itemprop=\"image\"  src=\"https:\/\/www.europesays.com\/no\/wp-content\/uploads\/2025\/12\/1b53cddc-0410-4bc8-b423-593100a6f0ea\"  style=\"object-position:53.5024154589372% 34.32971014492754%\" width=\"828\"\/>Hun har v\u00e6rt innlagt p\u00e5 sykehus flere ganger p\u00e5 grunn av v\u00e6ske- og n\u00e6ringsmangel etter konstant kvalme og oppkast.  Foto: Privat<\/p>\n<p class=\"_paragraph_o9xde_4 _paragraph_xtcu6_10 layout-component text-serif-m layout-normal text-serif-m layout-padded\"><strong class=\"_strong_o9xde_25\">\u2013 Selv om jeg hadde hyperemesis det f\u00f8rste svangerskapet, s\u00e5 var det mye verre den andre gangen. Jeg var helt sjokkert, forteller Linda.<\/strong><\/p>\n<p class=\"_paragraph_o9xde_4 _paragraph_xtcu6_10 layout-component text-serif-m layout-normal text-serif-m layout-padded\">Hun ble da innlagt p\u00e5 sykehus allerede i uke syv. Legene testet \u00e5 gi henne n\u00e6ring via sonde og kateter med ern\u00e6ring rett inn i hovedpuls\u00e5ren, men det hjalp ikke mot kvalmen.<\/p>\n<p><img alt=\"I sitt andre svangerskap opplevde Linda sykdommen som enda verre enn f\u00f8rste gang hun var gravid.   Foto: Privat\" class=\"_image_qp4xg_65 layout-component layout-normal\" data-fullscreen- data-track-element-type=\"Article image fullscreen\" data-track-name=\"ImageFullscreen\" decoding=\"async\" loading=\"lazy\" height=\"3159\" itemprop=\"image\"  src=\"https:\/\/www.europesays.com\/no\/wp-content\/uploads\/2025\/12\/32fbcfd3-a5f1-46b7-94cc-ec39bd3b452e\"  style=\"object-position:0% 0%\" width=\"3024\"\/>I sitt andre svangerskap opplevde Linda sykdommen som enda verre enn f\u00f8rste gang hun var gravid.   Foto: Privat<\/p>\n<p class=\"_paragraph_o9xde_4 _paragraph_xtcu6_10 layout-component text-serif-m layout-normal text-serif-m layout-padded\"><strong class=\"_strong_o9xde_25\">Hun gikk ned 17 kilo og var helt utmattet.<\/strong><\/p>\n<p class=\"_paragraph_o9xde_4 _paragraph_xtcu6_10 layout-component text-serif-m layout-normal text-serif-m layout-padded\">I uke 35 av svangerskapet med datteren ble det bestemt at f\u00f8dselen burde settes i gang. Barn f\u00f8dt f\u00f8r uke 37 anses som prematureprematureBabyer som er f\u00f8dt f\u00f8r de her helt ferdig utviklet. De har behov for intensiv behandling som for eksempel pustest\u00f8tte og eller ern\u00e6ring.. <\/p>\n<p class=\"_paragraph_o9xde_4 _paragraph_xtcu6_10 layout-component text-serif-m layout-normal text-serif-m layout-padded\">\u2013 Blodpr\u00f8vene gikk i feil retning, sier Linda.<\/p>\n<p class=\"_paragraph_o9xde_4 _paragraph_xtcu6_10 layout-component text-serif-m layout-normal text-serif-m layout-padded\">Men mens hun ventet p\u00e5 igangsettelse, startet f\u00f8dselen av seg selv.<\/p>\n<p><img alt=\"Linda p\u00e5 F\u00f8rde sentralsykehus med datteren Olivia som ble f\u00f8dt prematur i uke 35.  Foto: Privat\" class=\"_image_qp4xg_65 layout-component layout-normal\" data-fullscreen- data-track-element-type=\"Article image fullscreen\" data-track-name=\"ImageFullscreen\" decoding=\"async\" loading=\"lazy\" height=\"3132\" itemprop=\"image\"  src=\"https:\/\/www.europesays.com\/no\/wp-content\/uploads\/2025\/12\/ae78d96c-d886-4434-bddb-c392cdc57009\"  style=\"object-position:50.99032703823123% 44.7477650063857%\" width=\"2171\"\/>Linda p\u00e5 F\u00f8rde sentralsykehus med datteren Olivia som ble f\u00f8dt prematur i uke 35.  Foto: Privat<\/p>\n<p class=\"_paragraph_o9xde_4 _paragraph_xtcu6_10 layout-component text-serif-m layout-normal text-serif-m layout-padded\">Til tross for to traumatiske graviditeter \u00f8nsket Linda og samboeren H\u00e5kon seg et tredje barn.<\/p>\n<p class=\"_paragraph_o9xde_4 _paragraph_xtcu6_10 layout-component text-serif-m layout-normal text-serif-m layout-padded\"><strong class=\"_strong_o9xde_25\">Linda forberedte seg ved \u00e5 g\u00e5 opp i vekt og trene for \u00e5 gj\u00f8re kroppen sterkere. Hun fikk beskjed om at det ville v\u00e6re 80 prosent sjanse for at hun ble syk dette svangerskapet ogs\u00e5.<\/strong><\/p>\n<p class=\"_paragraph_o9xde_4 _paragraph_xtcu6_10 layout-component text-serif-m layout-normal text-serif-m layout-padded\">\u2013 Jeg hadde jo et lite indre h\u00e5p om at jeg kanskje kunne v\u00e6re s\u00e5 heldig \u00e5 slippe unna.<\/p>\n<p class=\"_paragraph_o9xde_4 _paragraph_xtcu6_10 layout-component text-serif-m layout-normal text-serif-m layout-padded\"><strong class=\"_strong_o9xde_25\">Men fra uke fire begynte hun \u00e5 spy denne gangen ogs\u00e5.<\/strong><\/p>\n<p> Daglig kamp<\/p>\n<p class=\"_paragraph_o9xde_4 _paragraph_xtcu6_10 layout-component text-serif-m layout-normal text-serif-m layout-padded\">Linda nesten halvveis i svangerskapet og kaster opp rundt 50 ganger i d\u00f8gnet. For \u00e5 f\u00e5 i seg nok kalorier m\u00e5 hun gi seg selv n\u00e6ring hver dag via et kateterkateterEt tynt r\u00f8r som settes inn i kroppen for \u00e5 gi eller fjerne v\u00e6sker, i dette tilfellet for \u00e5 gi n\u00e6ring direkte inn i blodet. som g\u00e5r rett inn i blodet.<\/p>\n<p class=\"_paragraph_o9xde_4 _paragraph_xtcu6_10 layout-component text-serif-m layout-normal text-serif-m layout-padded\">Et tverrfaglig teamtverrfaglig teamEn gruppe fagpersoner fra ulike yrkesgrupper som samarbeider for \u00e5 gi helhetlig behandling til en pasient. med ern\u00e6ringsfysiologern\u00e6ringsfysiologEn ekspert p\u00e5 ern\u00e6ring som gir r\u00e5d om kosthold og n\u00e6ringsinntak for \u00e5 fremme helse., fastlege, sykehus og jordmor f\u00f8lger henne tett. <\/p>\n<p class=\"_paragraph_o9xde_4 _paragraph_xtcu6_10 layout-component text-serif-m layout-normal text-serif-m layout-padded\">Hjemmesykepleien kommer ukentlig og gir henne hjemmebehandling med v\u00e6ske og medisiner.<\/p>\n<p class=\"_paragraph_o9xde_4 _paragraph_xtcu6_10 layout-component text-serif-m layout-normal text-serif-m layout-padded\">Hun har ogs\u00e5 f\u00e5tt jordmor p\u00e5 hjemmebes\u00f8k for kontroll. <\/p>\n<p>    Abort-tanker<\/p>\n<p class=\"_paragraph_o9xde_4 _paragraph_xtcu6_10 layout-component text-serif-m layout-normal text-serif-m layout-padded\">Til tross for mye planlegging rundt hvordan hun skulle h\u00e5ndtere en ny graviditet, forteller Linda at det allerede i uke seks f\u00f8ltes uutholdelig.<\/p>\n<p class=\"_paragraph_o9xde_4 _paragraph_xtcu6_10 layout-component text-serif-m layout-normal text-serif-m layout-padded\"><strong class=\"_strong_o9xde_25\">\u2013 Jeg tenkte kjempemasse p\u00e5 abortabortEn medisinsk prosedyre for \u00e5 avslutte en graviditet., men da jeg fikk se liv i uke syv kom denne kampmodusen. Dette skal jeg kjempe for, forteller Linda.<\/strong><\/p>\n<p class=\"_paragraph_o9xde_4 _paragraph_xtcu6_10 layout-component text-serif-m layout-normal text-serif-m layout-padded\">Hun er ikke alene om slike tanker. Overlege og professor Jone Trovik ved Haukeland sykehus forteller at hyperemesis kan f\u00f8re til abort selv i \u00f8nskede svangerskap.<\/p>\n<p><img decoding=\"async\" alt=\"Bilde av Jone Trovik\" class=\"_image_ygndg_42\" height=\"57\" itemprop=\"image\" loading=\"lazy\"  src=\"https:\/\/www.europesays.com\/no\/wp-content\/uploads\/2025\/12\/5e8e257e-bd06-482b-9f73-e1ff27b4fba8\"  width=\"40\"\/><strong class=\"_name_ygndg_51 title-serif-xs\">Jone Trovik<\/strong><\/p>\n<p class=\"_paragraph_o9xde_4 text-sans-m _description_ygndg_56\">Overlege ved gynekologisk avdeling ved Haukeland universitetssykehus og professor ved UiB.<\/p>\n<p class=\"_paragraph_o9xde_4 _paragraph_xtcu6_10 layout-component text-serif-m layout-normal text-serif-m layout-padded\">\u2013 Det er forferdelig for de som er rammet, sier Trovik. <\/p>\n<p class=\"_paragraph_o9xde_4 _paragraph_xtcu6_10 layout-component text-serif-m layout-normal text-serif-m layout-padded\">Utenlandske studier viser at opptil 15 prosent av kvinner med hyperemesis tar abort. I Norge har tallet ligget p\u00e5 rundt 5 prosent.<\/p>\n<p><img alt=\"Linda kaster opp flere titalls ganger i d\u00f8gnet.  Foto: Privat\" class=\"_image_qp4xg_65 layout-component layout-normal\" data-fullscreen- data-track-element-type=\"Article image fullscreen\" data-track-name=\"ImageFullscreen\" decoding=\"async\" loading=\"lazy\" height=\"1578\" itemprop=\"image\"  src=\"https:\/\/www.europesays.com\/no\/wp-content\/uploads\/2025\/12\/9cd7363b-84e5-4a8f-ba15-8658e46204d3\"  style=\"object-position:0% 0%\" width=\"2103\"\/>Linda kaster opp flere titalls ganger i d\u00f8gnet.  Foto: Privat<\/p>\n<p class=\"_paragraph_o9xde_4 _paragraph_xtcu6_10 layout-component text-serif-m layout-normal text-serif-m layout-padded\"><strong class=\"_strong_o9xde_25\">I dag finnes det ingen kur mot hyperemesis gravidarum. <\/strong><\/p>\n<p class=\"_paragraph_o9xde_4 _paragraph_xtcu6_10 layout-component text-serif-m layout-normal text-serif-m layout-padded\">Behandlingen g\u00e5r ut p\u00e5 \u00e5 lindre symptomene med kvalmestillende medisiner og sikre at b\u00e5de mor og barn f\u00e5r nok n\u00e6ring.<\/p>\n<p> Lite forst\u00e5tt<\/p>\n<p class=\"_paragraph_o9xde_4 _paragraph_xtcu6_10 layout-component text-serif-m layout-normal text-serif-m layout-padded\">Linda opplever at sykdommen er lite forst\u00e5tt og lite forsket p\u00e5.<\/p>\n<p class=\"_paragraph_o9xde_4 _paragraph_xtcu6_10 layout-component text-serif-m layout-normal text-serif-m layout-padded\">\u2013 Man f\u00e5r hjelp for svangerskapsdiabetessvangerskapsdiabetesEn type diabetes som kan utvikle seg under graviditet og p\u00e5virker hvordan kroppen bruker sukker. og andre svangerskapssykdommer, men hyperemesis er det lite kunnskap om, sier hun.<\/p>\n<p class=\"_paragraph_o9xde_4 _paragraph_xtcu6_10 layout-component text-serif-m layout-normal text-serif-m layout-padded\"><strong class=\"_strong_o9xde_25\">Trovik bekrefter at kvinner ofte ikke f\u00f8ler seg tatt p\u00e5 alvor.<\/strong><\/p>\n<p><img alt=\"Et av Lindas mange sykehusopphold med spyposen foran seg.   Foto: Privat\" class=\"_image_qp4xg_65 layout-component layout-normal\" data-fullscreen- data-track-element-type=\"Article image fullscreen\" data-track-name=\"ImageFullscreen\" decoding=\"async\" loading=\"lazy\" height=\"3553\" itemprop=\"image\"  src=\"https:\/\/www.europesays.com\/no\/wp-content\/uploads\/2025\/12\/14ddd875-8560-44c4-89df-2eadd1d04d54\"  style=\"object-position:0% 0%\" width=\"2732\"\/>Et av Lindas mange sykehusopphold med spyposen foran seg.   Foto: Privat<\/p>\n<p class=\"_paragraph_o9xde_4 _paragraph_xtcu6_10 layout-component text-serif-m layout-normal text-serif-m layout-padded\">\u2013 Det vi vet, er at kvinnene sier at de ikke f\u00f8ler at andre tar dette p\u00e5 alvor. Det er kanskje s\u00e5nn at n\u00e5r vi har en tilstand som er veldig vanlig, men ikke farlig, s\u00e5 er problemet \u00e5 skille ut de som er ekstremt syke fra de som har vanlige svangerskapsplager. <\/p>\n<p class=\"_paragraph_o9xde_4 _paragraph_xtcu6_10 layout-component text-serif-m layout-normal text-serif-m layout-padded\">Trovik forteller at det finnes et sp\u00f8rreskjema som skal hjelpe gravide og helsepersonell med dette.<\/p>\n<p> Genetisk g\u00e5te<\/p>\n<p class=\"_paragraph_o9xde_4 _paragraph_xtcu6_10 layout-component text-serif-m layout-normal text-serif-m layout-padded\">Forskerne vet fortsatt ikke helt hvorfor noen kvinner blir s\u00e5 syke. Men de har teorier.<\/p>\n<p><img alt=\"I tillegg til \u00e5 pr\u00f8ve \u00e5 spise m\u00e5 Linda gi seg selv n\u00e6ring hver dag via et kateter som g\u00e5r rett inn i blodet.  Foto: Privat\" class=\"_image_qp4xg_65 layout-component layout-normal\" data-fullscreen- data-track-element-type=\"Article image fullscreen\" data-track-name=\"ImageFullscreen\" decoding=\"async\" loading=\"lazy\" height=\"2247\" itemprop=\"image\"  src=\"https:\/\/www.europesays.com\/no\/wp-content\/uploads\/2025\/12\/dba9e289-cf95-4392-bc8a-ba671da35a8b\"  style=\"object-position:0% 0%\" width=\"3528\"\/>I tillegg til \u00e5 pr\u00f8ve \u00e5 spise m\u00e5 Linda gi seg selv n\u00e6ring hver dag via et kateter som g\u00e5r rett inn i blodet.  Foto: Privat<\/p>\n<p class=\"_paragraph_o9xde_4 _paragraph_xtcu6_10 layout-component text-serif-m layout-normal text-serif-m layout-padded\">\u2013 Vi tenker at det har nok en genetisk, alts\u00e5 en arvelig risiko. Fordi vi ser at hvis mor eller s\u00f8stre har hatt hyperemesis, da har du veldig stor risiko for \u00e5 f\u00e5 det selv, forklarer Trovik.<\/p>\n<p class=\"_paragraph_o9xde_4 _paragraph_xtcu6_10 layout-component text-serif-m layout-normal text-serif-m layout-padded\"><strong class=\"_strong_o9xde_25\">Studier viser ogs\u00e5 at genet GDF-15genet GDF-15Et gen som kan p\u00e5virke kvalmesenteret i hjernen, endring i dette genet kan \u00f8ke risikoen for hyperemesis gravidarum. kan spille en rolle. <\/strong><\/p>\n<p class=\"_paragraph_o9xde_4 _paragraph_xtcu6_10 layout-component text-serif-m layout-normal text-serif-m layout-padded\">Dette p\u00e5virker kvalmesenteretkvalmesenteretOmr\u00e5det i hjernen som styrer f\u00f8lelsen av kvalme. i hjernen. Hvis man har en endring i genet, er man mer utsatt for \u00e5 f\u00e5 hyperemesis.<\/p>\n<p><img alt=\"Studier viser at endringen i et gen som p\u00e5virker kvalmesenteret i hjernen gj\u00f8r kvinner mer utsatt for hyperemesis.  Foto: Thomas Nilsson \/ VG\" class=\"_image_qp4xg_65 layout-component layout-normal\" data-fullscreen- data-track-element-type=\"Article image fullscreen\" data-track-name=\"ImageFullscreen\" decoding=\"async\" loading=\"lazy\" height=\"3867\" itemprop=\"image\"  src=\"https:\/\/www.europesays.com\/no\/wp-content\/uploads\/2025\/12\/9568ec0c-6749-4680-abcf-6f2abed3e5bf\"  style=\"object-position:0% 0%\" width=\"5800\"\/>Studier viser at endringen i et gen som p\u00e5virker kvalmesenteret i hjernen gj\u00f8r kvinner mer utsatt for hyperemesis.  Foto: Thomas Nilsson \/ VG<\/p>\n<p class=\"_paragraph_o9xde_4 _paragraph_xtcu6_10 layout-component text-serif-m layout-normal text-serif-m layout-padded\">\u2013 Forel\u00f8pig vet vi ikke helt hva vi skal bruke den informasjonen til. Kanskje kan man finne medisiner som virker bedre hvis man for eksempel har en endring i genet, sier Trovik.<\/p>\n<p> Leder forskning ved Haukeland<\/p>\n<p class=\"_paragraph_o9xde_4 _paragraph_xtcu6_10 layout-component text-serif-m layout-normal text-serif-m layout-padded\">Jone Trovik og kollegene f\u00f8lger n\u00e5 pasienter gjennom svangerskapet og etter f\u00f8dsel for \u00e5 l\u00e6re mer om tilstanden.<\/p>\n<p class=\"_paragraph_o9xde_4 _paragraph_xtcu6_10 layout-component text-serif-m layout-normal text-serif-m layout-padded\"><strong class=\"_strong_o9xde_25\">\u2013 Vi ser p\u00e5 hvordan kvinnene ble tatt imot, kom de til hos legen, og ble de tatt p\u00e5 alvor? Hvilke medisiner har de pr\u00f8vd? Hvor lenge er de faktisk kvalme i svangerskapet, og hvor lenge trenger de behandling, forteller hun.<\/strong><\/p>\n<p class=\"_paragraph_o9xde_4 _paragraph_xtcu6_10 layout-component text-serif-m layout-normal text-serif-m layout-padded\">\u2013 S\u00e5 man vet ikke det?<\/p>\n<p class=\"_paragraph_o9xde_4 _paragraph_xtcu6_10 layout-component text-serif-m layout-normal text-serif-m layout-padded\">\u2013 Dette vet vi ikke nok om, sier overlegen.<\/p>\n<p class=\"_paragraph_o9xde_4 _paragraph_xtcu6_10 layout-component text-serif-m layout-normal text-serif-m layout-padded\"> Hun legger til at generelt er hyperemesis understudert. <\/p>\n<p class=\"_paragraph_o9xde_4 _paragraph_xtcu6_10 layout-component text-serif-m layout-normal text-serif-m layout-padded\"><strong class=\"_strong_o9xde_25\">\u2013 Forskning er veldig mange bitte sm\u00e5 skritt, og vi vil gjerne bidra med det vi kan. Til sammen kan det bli bra, h\u00e5per jeg, sier Trovik.<\/strong><\/p>\n<p> \u2013 Pr\u00f8ver \u00e5 normalisere<\/p>\n<p class=\"_paragraph_o9xde_4 _paragraph_xtcu6_10 layout-component text-serif-m layout-normal text-serif-m layout-padded\">Hjemme i Innvik i Stryn har samboerparet funnet en ny hverdag.<\/p>\n<p class=\"_paragraph_o9xde_4 _paragraph_xtcu6_10 layout-component text-serif-m layout-normal text-serif-m layout-padded\"><strong class=\"_strong_o9xde_25\">Samboeren H\u00e5kon tar alt av praktiske oppgaver hjemme, mens Linda hviler s\u00e5 mye som mulig.<\/strong><\/p>\n<p class=\"_paragraph_o9xde_4 _paragraph_xtcu6_10 layout-component text-serif-m layout-normal text-serif-m layout-padded\">\u2013 Jeg spyr foran barna. Vi pr\u00f8ver \u00e5 normalisere denne tilstanden for dem, forteller Linda.<\/p>\n<p><img alt=\"Linda holder frem den positive graviditetstesten foran barna Odin (4) og Olivia (2).  Foto: Privat\" class=\"_image_qp4xg_65 layout-component layout-normal\" data-fullscreen- data-track-element-type=\"Article image fullscreen\" data-track-name=\"ImageFullscreen\" decoding=\"async\" loading=\"lazy\" height=\"2643\" itemprop=\"image\"  src=\"https:\/\/www.europesays.com\/no\/wp-content\/uploads\/2025\/12\/16c2ebd8-40cf-4aaf-85a7-06250a6aa997\"  style=\"object-position:0% 0%\" width=\"2954\"\/>Linda holder frem den positive graviditetstesten foran barna Odin (4) og Olivia (2).  Foto: Privat<\/p>\n<p class=\"_paragraph_o9xde_4 _paragraph_xtcu6_10 layout-component text-serif-m layout-normal text-serif-m layout-padded\">Barna p\u00e5 fire og to \u00e5r har f\u00e5tt forklart at mamma er kvalm s\u00e5 lenge babyen er i magen, men at alt blir bra n\u00e5r babyen kommer ut.<\/p>\n<p class=\"_paragraph_o9xde_4 _paragraph_xtcu6_10 layout-component text-serif-m layout-normal text-serif-m layout-padded\"><strong class=\"_strong_o9xde_25\">\u2013 Med en gang babyen og morkakenmorkakenEt organ som utvikler seg i livmoren under graviditet og gir n\u00e6ring og oksygen til fosteret via mor. er ute s\u00e5 forsvinner kvalmen, forteller Linda<\/strong>.<\/p>\n<p class=\"_paragraph_o9xde_4 _paragraph_xtcu6_10 layout-component text-serif-m layout-normal text-serif-m layout-padded\">Hun beskriver seg selv som en ellers aktiv person som liker \u00e5 trene, men n\u00e5 er hun stort sett hjemme.<\/p>\n<p><img alt=\"Linda er takknemlig for at hun til vanlig er frisk og beskriver seg selv som en aktiv person.   Foto: Privat\" class=\"_image_qp4xg_65 layout-component layout-normal\" data-fullscreen- data-track-element-type=\"Article image fullscreen\" data-track-name=\"ImageFullscreen\" decoding=\"async\" loading=\"lazy\" height=\"2219\" itemprop=\"image\"  src=\"https:\/\/www.europesays.com\/no\/wp-content\/uploads\/2025\/12\/c2a40987-779b-407d-9781-a852affc45f6\"  style=\"object-position:0% 0%\" width=\"2548\"\/>Linda er takknemlig for at hun til vanlig er frisk og beskriver seg selv som en aktiv person.   Foto: Privat<\/p>\n<p class=\"_paragraph_o9xde_4 _paragraph_xtcu6_10 layout-component text-serif-m layout-normal text-serif-m layout-padded\"><strong class=\"_strong_o9xde_25\">\u2013 Jeg jobber knallhardt med hodet mitt hver eneste dag. Jeg har to unger som ser p\u00e5 meg. De skal ikke se at jeg legger meg ned og synes synd p\u00e5 meg selv.<\/strong><\/p>\n<p class=\"_paragraph_o9xde_4 _paragraph_xtcu6_10 layout-component text-serif-m layout-normal text-serif-m layout-padded\">Hun f\u00f8ler seg heldig som kan b\u00e6re frem liv, og er takknemlig for familien og barna hun har skapt. <\/p>\n<p class=\"_paragraph_o9xde_4 _paragraph_xtcu6_10 layout-component text-serif-m layout-normal text-serif-m layout-padded\">Paret har ogs\u00e5 et m\u00e5l om \u00e5 n\u00e5 uke 37 av de 40 ukene et svangerskap varer.<\/p>\n<p class=\"_paragraph_o9xde_4 _paragraph_xtcu6_10 layout-component text-serif-m layout-normal text-serif-m layout-padded\"><strong class=\"_strong_o9xde_25\">\u2013 Men jeg tar en dag av gangen og gj\u00f8r mitt beste. Tiden vil vise hvordan dette ender, sier Linda. <\/strong><\/p>\n<p><img alt=\"Linda Watten er snart halvveis i svangerskapet og pr\u00f8ver \u00e5 nyte adventstiden med familien hjemme i huset i Stryn.   Foto: Privat\" class=\"_image_qp4xg_65 layout-component layout-normal\" data-fullscreen- data-track-element-type=\"Article image fullscreen\" data-track-name=\"ImageFullscreen\" decoding=\"async\" loading=\"lazy\" height=\"3024\" itemprop=\"image\"  src=\"https:\/\/www.europesays.com\/no\/wp-content\/uploads\/2025\/12\/2d18e0e8-1363-4d21-b7c9-8046fc3ca3d1\"  style=\"object-position:0% 0%\" width=\"4032\"\/>Linda Watten er snart halvveis i svangerskapet og pr\u00f8ver \u00e5 nyte adventstiden med familien hjemme i huset i Stryn.   Foto: Privat    <\/p>\n","protected":false},"excerpt":{"rendered":"Linda Watten fra Stryn kjemper med hyperemesis gravidarum under sitt tredje svangerskap. Hun har i sine to tidligere&hellip;\n","protected":false},"author":2,"featured_media":118868,"comment_status":"","ping_status":"","sticky":false,"template":"","format":"standard","meta":{"footnotes":""},"categories":[10],"tags":[3068,20,21,24,25,3011,15,14233,22,23,13,30,28,29,14,16,3344,3067,26,27,46],"class_list":{"0":"post-118867","1":"post","2":"type-post","3":"status-publish","4":"format-standard","5":"has-post-thumbnail","7":"category-norge","8":"tag-baby","9":"tag-breaking-news","10":"tag-breakingnews","11":"tag-featured-news","12":"tag-featurednews","13":"tag-graviditet","14":"tag-headlines","15":"tag-innvik","16":"tag-latest-news","17":"tag-latestnews","18":"tag-news","19":"tag-no","20":"tag-norge","21":"tag-norway","22":"tag-nyheter","23":"tag-overskrifter","24":"tag-stryn","25":"tag-svangerskap","26":"tag-top-stories","27":"tag-topstories","28":"tag-vgai"},"share_on_mastodon":{"url":"https:\/\/pubeurope.com\/@no\/115757730276282068","error":""},"_links":{"self":[{"href":"https:\/\/www.europesays.com\/no\/wp-json\/wp\/v2\/posts\/118867","targetHints":{"allow":["GET"]}}],"collection":[{"href":"https:\/\/www.europesays.com\/no\/wp-json\/wp\/v2\/posts"}],"about":[{"href":"https:\/\/www.europesays.com\/no\/wp-json\/wp\/v2\/types\/post"}],"author":[{"embeddable":true,"href":"https:\/\/www.europesays.com\/no\/wp-json\/wp\/v2\/users\/2"}],"replies":[{"embeddable":true,"href":"https:\/\/www.europesays.com\/no\/wp-json\/wp\/v2\/comments?post=118867"}],"version-history":[{"count":0,"href":"https:\/\/www.europesays.com\/no\/wp-json\/wp\/v2\/posts\/118867\/revisions"}],"wp:featuredmedia":[{"embeddable":true,"href":"https:\/\/www.europesays.com\/no\/wp-json\/wp\/v2\/media\/118868"}],"wp:attachment":[{"href":"https:\/\/www.europesays.com\/no\/wp-json\/wp\/v2\/media?parent=118867"}],"wp:term":[{"taxonomy":"category","embeddable":true,"href":"https:\/\/www.europesays.com\/no\/wp-json\/wp\/v2\/categories?post=118867"},{"taxonomy":"post_tag","embeddable":true,"href":"https:\/\/www.europesays.com\/no\/wp-json\/wp\/v2\/tags?post=118867"}],"curies":[{"name":"wp","href":"https:\/\/api.w.org\/{rel}","templated":true}]}}